{"id":74065,"date":"2025-05-04T10:52:44","date_gmt":"2025-05-04T10:52:44","guid":{"rendered":"https:\/\/www.europesays.com\/fr\/74065\/"},"modified":"2025-05-04T10:52:44","modified_gmt":"2025-05-04T10:52:44","slug":"quand-des-revolutionnaires-faisaient-plier-lempire-allemand-a-strasbourg","status":"publish","type":"post","link":"https:\/\/www.europesays.com\/fr\/74065\/","title":{"rendered":"Quand des r\u00e9volutionnaires faisaient plier l&rsquo;Empire allemand \u00e0 Strasbourg"},"content":{"rendered":"<p class=\"wp-block-post-excerpt__excerpt\">\u00c0 la fin de la Premi\u00e8re Guerre mondiale, l\u2019Empire allemand s\u2019effondre sous la pression d\u2019un mouvement r\u00e9volutionnaire. Jusqu\u2019\u00e0 l\u2019arriv\u00e9e des troupes fran\u00e7aises le 22 novembre, le drapeau rouge flotte sur la cath\u00e9drale et Strasbourg vit au rythme des conseils d\u2019ouvriers et de soldats. <\/p>\n<p class=\"font-sans\">\n\t\t\tCet article est en acc\u00e8s libre. Pour soutenir Rue89 Strasbourg,<br \/>\n\t\t\t<a class=\"underline\" href=\"https:\/\/www.rue89strasbourg.com\/abonnement\" target=\"_blank\" rel=\"noopener\">abonnez-vous<\/a>.\n\t\t<\/p>\n<p>Adrien Labit<\/p>\n<p>Publi\u00e9 le 29 avril 2025\u00a0\u00a0\u00b7\u00a0\u00a0<\/p>\n<p>Imprim\u00e9 le 4 mai 2025 \u00e0 12h03\u00a0\u00a0\u00b7\u00a0\u00a0<\/p>\n<p>Modifi\u00e9 le 30 avril 2025\u00a0\u00a0\u00b7\u00a0\u00a0<\/p>\n<p>\t\t\t\t\t6\u00a0minutes\n<\/p>\n<p>\u00c0 l\u2019automne 1918, apr\u00e8s quatre ann\u00e9es de guerre, <a href=\"https:\/\/www.france24.com\/fr\/20181105-premiere-guerre-mondiale-armistice-11-novembre-fin-combats-france-allemagne-militaire\" target=\"_blank\" rel=\"noreferrer noopener\">la d\u00e9faite de l\u2019Empire allemand<\/a> semble in\u00e9luctable. Ses arm\u00e9es reculent. Les d\u00e9sertions se multiplient. La population manque de tout. Reste \u00e0 savoir quels sacrifices seront encore demand\u00e9s aux civils et aux soldats pour d\u00e9fendre l\u2019honneur des chefs de l\u2019arm\u00e9e allemande. En Alsace et en Moselle, la situation est particuli\u00e8rement critique. \u00ab\u00a0Les villes sont au bord de la famine. Il y a une multiplication des vols alimentaires. On assiste m\u00eame \u00e0 des \u00e9meutes de la faim dans la r\u00e9gion\u00a0\u00bb, explique Jean-Claude Richez, historien, auteur de l\u2019ouvrage historique : <a href=\"https:\/\/www.monde-diplomatique.fr\/2021\/03\/BIHR\/62887\" target=\"_blank\" rel=\"noopener\">\u00ab\u00a0Une r\u00e9volution oubli\u00e9e<\/a>, novembre 1918 la r\u00e9volution des conseils ouvriers et de soldats en Alsace-Lorraine\u00ab\u00a0.<\/p>\n<p><a href=\"https:\/\/www.instagram.com\/p\/DJBgEz2K7Pz\/?utm_source=ig_web_button_share_sheet&amp;igsh=MzRlODBiNWFlZA==\" target=\"_blank\" rel=\"noopener\"><img loading=\"lazy\" decoding=\"async\" width=\"792\" height=\"204\" src=\"https:\/\/www.europesays.com\/fr\/wp-content\/uploads\/2025\/05\/copie-de-bannie\u0300re-autopromo-2025-desktop-792x204.png\" alt=\"\" class=\"wp-image-342070\"  \/><\/a><\/p>\n<p><a href=\"https:\/\/www.instagram.com\/p\/DJBgEz2K7Pz\/?utm_source=ig_web_button_share_sheet&amp;igsh=MzRlODBiNWFlZA==\" target=\"_blank\" rel=\"noopener\"><img loading=\"lazy\" decoding=\"async\" width=\"300\" height=\"300\" src=\"https:\/\/www.europesays.com\/fr\/wp-content\/uploads\/2025\/05\/03.png\" alt=\"\" class=\"wp-image-342063\"  \/><\/a><\/p>\n<p>Strasbourg \u00e0 l\u2019heure r\u00e9volutionnaire<\/p>\n<p>En dehors des industries n\u00e9cessaires \u00e0 l\u2019arm\u00e9e, l\u2019\u00e9conomie tourne au ralenti. Le ch\u00f4mage est important et les structures sociales se d\u00e9litent. Sur le plan politique, la dictature militaire mise en place en 1914 p\u00e8se durement sur la population alsacienne. \u00ab\u00a0Depuis 1870, l\u2019Empire allait vers une plus grande lib\u00e9ralisation politique\u00a0\u00bb, explique l\u2019historien. Dans les ann\u00e9es 1890, la S\u00e9curit\u00e9 sociale est mise en place. En 1912, les sociaux-d\u00e9mocrates remportent les \u00e9lections l\u00e9gislatives. Mais \u00ab\u00a0la mise en place d\u2019un pouvoir d\u2019exception pendant la guerre et la restriction des libert\u00e9s est ressenti durement en Alsace.\u00a0\u00bb Malgr\u00e9 la hausse du m\u00e9contentement social, c\u2019est un \u00e9v\u00e9nement militaire qui va mettre le feu aux poudres.<\/p>\n<p><img loading=\"lazy\" decoding=\"async\" width=\"792\" height=\"432\" src=\"https:\/\/www.europesays.com\/fr\/wp-content\/uploads\/2025\/05\/bundesarchiv-bild-183-r72520-kiel-novemberrevolution-matrosenaufstand-792x432.jpg\" alt=\"\" class=\"wp-image-341608\"  \/> Manifestation le 4 novembre 1918 \u00e0 Kiel, port allemand sur la mer Baltique.Photo\u00a0: Bundesarchiv<\/p>\n<p>Le 29 octobre 1918, <a href=\"https:\/\/fr.wikipedia.org\/wiki\/Mutineries_de_Kiel\" target=\"_blank\" rel=\"noreferrer noopener\">les marins de Kiel, un important port militaire sur la mer Baltique, se mutinent<\/a>. Ils refusent de mener une derni\u00e8re bataille \u00ab\u00a0pour l\u2019honneur\u00a0\u00bb contre la marine britannique. Malgr\u00e9 la r\u00e9pression des autorit\u00e9s militaires, le mouvement gagne les autres bases navales du nord de l\u2019Allemagne. Ils sont rejoints par les ouvriers et forment des conseils d\u2019ouvriers et de soldats. Le 5 novembre un appel \u00e0 la gr\u00e8ve g\u00e9n\u00e9rale est lanc\u00e9. <a href=\"https:\/\/fr.wikipedia.org\/wiki\/R%C3%A9volution_allemande_de_1918-1919\" target=\"_blank\" rel=\"noreferrer noopener\">La r\u00e9volte devient r\u00e9volution<\/a> \u00e0 mesure qu\u2019elle gagne l\u2019ensemble des arm\u00e9es allemandes et des centres industriels. D\u00e8s le 8 novembre, la foule s\u2019empare de la rue \u00e0 Strasbourg. Le lendemain, des marins r\u00e9volutionnaires arrivent en ville et dans la nuit, l\u2019empereur Guillaume II abdique.<\/p>\n<p><img loading=\"lazy\" decoding=\"async\" width=\"792\" height=\"619\" src=\"https:\/\/www.europesays.com\/fr\/wp-content\/uploads\/2025\/05\/250428-r89-revolution-1918-9-792x619.jpg\" alt=\"\" class=\"wp-image-341604\"  \/> La r\u00e9volution, peinture de l\u2019artiste strasbourgeois Ren\u00e9 Beeh en 1919.Photo\u00a0: Mus\u00e9e d\u2019art moderne et contemporain de la ville de Strasbourg<\/p>\n<blockquote class=\"wp-block-pullquote\" id=\"quote-771873\">\n<p>\u00ab\u00a0D\u00e9sormais le pouvoir se trouve aux mains des travailleurs.\u00a0\u00bb<\/p>\n<p>Johannes Rebholz, syndicaliste <\/p><\/blockquote>\n<p>\u00ab\u00a0Les marins qui arrivent \u00e0 Strasbourg se rendent chez le gouverneur militaire et le somment de mettre en place un conseil de soldats\u00a0\u00bb, explique Jean-Claude Richez. Le gouverneur n\u2019a pas le choix. Les marins sont arm\u00e9s et la situation en ville est explosive. Dans la soir\u00e9e du 9 novembre, un petit groupe de dirigeants sociaux-d\u00e9mocrates forment un conseil de soldats. Des militants syndicaux s\u2019attachent, eux, \u00e0 former un conseil d\u2019ouvriers. Le 10 au matin, Jacques Peirotes, un social-d\u00e9mocrate, est \u00e9lu maire de Strasbourg. Devant une foule rassembl\u00e9e place Kl\u00e9ber, le syndicaliste Johannes Rebholz, pr\u00e9sident du conseil des soldats, d\u00e9clare que \u00ab\u00a0d\u00e9sormais le pouvoir se trouve aux mains des travailleurs.\u00a0\u00bb Le nouveau maire de Strasbourg, lui, proclame \u00ab\u00a0la r\u00e9publique sociale.\u00a0\u00bb<\/p>\n<p><img loading=\"lazy\" decoding=\"async\" width=\"792\" height=\"504\" src=\"https:\/\/www.europesays.com\/fr\/wp-content\/uploads\/2025\/05\/250428-r89-revolution-1918-5-792x504.jpg\" alt=\"\" class=\"wp-image-341607\"  \/> Jacques Peirotes, maire de Strasbourg, proclame la \u00ab\u00a0r\u00e9publique sociale\u00a0\u00bb devant la statue du g\u00e9n\u00e9ral Kl\u00e9ber, le 10 novembre 1918.Photo\u00a0: Biblioth\u00e8que nationale et universitaire de Strasbourg<\/p>\n<p>\t\tLe drapeau rouge flotte sur la cath\u00e9drale<\/p>\n<p>Au m\u00eame moment, dans toutes les villes de garnison et centres industriels du Reichsland Els\u00e4ss-Lothringen, des \u00e9v\u00e9nements similaires se d\u00e9roulent. L\u2019ordre militaire et civil de l\u2019Empire allemand s\u2019effondre, laissant la r\u00e9gion se couvrir de drapeaux rouges. Le 12 novembre, les couleurs r\u00e9volutionnaires sont hiss\u00e9es sur la cath\u00e9drale. Dans les usines, les ouvriers contraignent les industriels \u00e0 d\u2019importantes concessions sur les salaires et les conditions de travail. Le 15 novembre, une bonne nouvelle arrive de Berlin. Le patronat et les dirigeants de gauche viennent de signer <a href=\"https:\/\/www.lemonde.fr\/economie\/article\/2018\/11\/18\/le-dialogue-social-a-l-allemande-somme-de-se-reinventer_5385187_3234.html\" target=\"_blank\" rel=\"noopener\">un accord historique<\/a> qui fonde la d\u00e9mocratie sociale allemande.<\/p>\n<p><img loading=\"lazy\" decoding=\"async\" width=\"792\" height=\"515\" src=\"https:\/\/www.europesays.com\/fr\/wp-content\/uploads\/2025\/05\/250428-r89-revolution-1918-6-792x515.jpg\" alt=\"\" class=\"wp-image-341600\"  \/> Une r\u00e9union du conseil des soldats au tribunal le 15 novembre 1918.Photo\u00a0: Biblioth\u00e8que nationale et universitaire de Strasbourg<\/p>\n<p>L\u2019heure n\u2019est pourtant pas \u00e0 la f\u00eate chez les r\u00e9volutionnaires strasbourgeois. Deux priorit\u00e9s s\u2019imposent \u00e0 eux avant m\u00eame de penser aux lendemains qui chantent : maintenir l\u2019ordre et assurer le ravitaillement. L\u2019armistice a jet\u00e9 sur les routes des millions de soldats qui esp\u00e8rent bien rentrer chez eux. Ils sont si nombreux \u00e0 Strasbourg, qu\u2019il devient difficile de nourrir tout le monde. Dans le chaos du retrait des troupes, les autorit\u00e9s s\u2019efforcent aussi d\u2019emp\u00eacher les pillages.\u00a0<\/p>\n<p><img loading=\"lazy\" decoding=\"async\" width=\"792\" height=\"1086\" src=\"https:\/\/www.europesays.com\/fr\/wp-content\/uploads\/2025\/05\/250428-r89-revolution-1918-8-792x1086.jpg\" alt=\"\" class=\"wp-image-341599\"  \/> Une affiche des conseils d\u2019ouvriers et de soldats pour appeler \u00e0 l\u2019ordre. Photo\u00a0: Biblioth\u00e8que nationale et universitaire de Strasbourg<\/p>\n<p>La question nationale alsacienne<\/p>\n<p>L\u2019effondrement de l\u2019empire allemand ouvre la question du retour de l\u2019Alsace \u00e0 la France. Si les industriels et la bourgeoisie esp\u00e8rent l\u2019arriv\u00e9e rapide des troupes fran\u00e7aises pour mettre fin \u00e0 la r\u00e9volution, les r\u00e9volutionnaires se divisent sur la question nationale alsacienne.\u00a0L\u2019historien Jean-Claude Richez d\u00e9taille ces divisions\u00a0:<\/p>\n<blockquote class=\"wp-block-quote is-layout-flow wp-block-quote-is-layout-flow\">\n<p>\u00ab\u00a0Il y a une partie des sociaux-d\u00e9mocrates qui attendent le retour des fran\u00e7ais. Il y a aussi un courant internationaliste inspir\u00e9 par l\u2019exemple russe. Pour eux, il s\u2019agit de d\u00e9passer le cadre des nations. Dans l\u2019aile droite du parti social-d\u00e9mocrate, on trouve aussi un courant nationaliste allemand. Enfin, il y a une 4\u1d49 tendance dans les conseils de soldats avec un courant francophile et bourgeois.\u00a0\u00bb<\/p>\n<\/blockquote>\n<p><img loading=\"lazy\" decoding=\"async\" width=\"792\" height=\"561\" src=\"https:\/\/www.europesays.com\/fr\/wp-content\/uploads\/2025\/05\/250428-r89-revolution-1918-11-792x561.jpg\" alt=\"\" class=\"wp-image-341601\"  \/> La statue de l\u2019empereur Guillaume 1er sur la Kaiserplatz (place de la r\u00e9publique) est d\u00e9boulonn\u00e9e le 21 novembre 1918.Photo\u00a0: Biblioth\u00e8que nationale et universitaire de Strasbourg<\/p>\n<p>D\u00e8s le 12 novembre, le parlement r\u00e9gional d\u2019Alsace-Lorraine (Landtag) se constitue en Conseil National d\u2019Alsace-Lorraine et d\u00e9clare son ind\u00e9pendance vis-\u00e0-vis de l\u2019Empire. Francophiles, ses \u00e9lus esp\u00e8rent accueillir les Fran\u00e7ais en tant que repr\u00e9sentants du pouvoir civil et n\u00e9gocier le cadre du retour \u00e0 la R\u00e9publique. Dans tout Strasbourg, les sympathies francophiles s\u2019affichent ouvertement. Apr\u00e8s le d\u00e9part des troupes allemandes, de nombreux symboles imp\u00e9riaux sont d\u00e9truits lors de manifestations. Le 20 novembre, \u00e0 l\u2019approche des Fran\u00e7ais, le drapeau rouge est enlev\u00e9 de la cath\u00e9drale. Le 22, les troupes entrent dans la capitale alsacienne dans une d\u00e9bauche de joie et de drapeaux tricolores.<\/p>\n<p><img loading=\"lazy\" decoding=\"async\" width=\"792\" height=\"496\" src=\"https:\/\/www.europesays.com\/fr\/wp-content\/uploads\/2025\/05\/250428-r89-revolution-1918-12-792x496.jpg\" alt=\"\" class=\"wp-image-341603\"  \/> Le d\u00e9fil\u00e9 des troupes fran\u00e7aises sur la Kaiserplatz le 22 novembre 1918.Photo\u00a0: Biblioth\u00e8que nationale et universitaire de Strasbourg<\/p>\n<p>Deux ann\u00e9es rouges en Alsace et en Moselle<\/p>\n<p>\u00ab\u00a0Quand les Fran\u00e7ais arrivent, c\u2019est le couperet\u00a0\u00bb, explique Jean-Claude Richez. Le tribunal o\u00f9 si\u00e8ge encore le conseil des ouvriers est occup\u00e9 par la troupe pour couper court \u00e0 l\u2019existence de ce \u00ab\u00a0soviet\u00a0\u00bb. Le Conseil national d\u2019Alsace-Lorraine n\u2019est plus reconnu comme organe du pouvoir civil. Plut\u00f4t que de s\u2019appuyer sur des institutions d\u00e9j\u00e0 existantes, l\u2019administration fran\u00e7aise pr\u00e9f\u00e8re envoyer des fonctionnaires de Paris pour organiser le retour de l\u2019Alsace \u00e0 la France. L\u2019arm\u00e9e est d\u00e9ploy\u00e9e dans les bassins ouvriers et les avanc\u00e9es sociales obtenues pendant la r\u00e9volution sont d\u00e9clar\u00e9es nulles dans la nouvelle Alsace. Les ouvriers des entreprises alsaciennes perdent ainsi toutes les augmentations qui avaient \u00e9t\u00e9 n\u00e9goci\u00e9es avec leurs patrons, les r\u00e9formes sociales d\u00e9cid\u00e9es \u00e0 Berlin ne seront pas non plus appliqu\u00e9es en Alsace. Pour l\u2019historien, \u00ab\u00a0c\u2019est une v\u00e9ritable guillotine politique et sociale.\u00a0\u00bb<\/p>\n<p><img loading=\"lazy\" decoding=\"async\" width=\"792\" height=\"512\" src=\"https:\/\/www.europesays.com\/fr\/wp-content\/uploads\/2025\/05\/250428-r89-revolution-1918-4-792x512.jpg\" alt=\"\" class=\"wp-image-341610\"  \/> La foule rassembl\u00e9e sur la place Kl\u00e9ber le 10 novembre 1918.Photo\u00a0: Biblioth\u00e8que nationale et universitaire de Strasbourg<\/p>\n<p>\u00ab\u00a0Les aspirations, les r\u00eaves, les espoirs d\u2019une part significative de la population re\u00e7oivent une fin de non-recevoir, mais le mouvement social n\u2019est pas bris\u00e9.\u00a0\u00bb En 1919, les effectifs syndicaux explosent\u00a0: la CGT compte 140 000 adh\u00e9rents dans les trois d\u00e9partements de l\u2019ancien Reichsland. \u00c0 compter de mars 1919, commence une succession ininterrompue de gr\u00e8ves qui dureront jusqu\u2019\u00e0 l\u2019ann\u00e9e suivante. Celles-ci culminent fin avril 1920 avec la gr\u00e8ve g\u00e9n\u00e9rale pour la d\u00e9fense des \u00ab\u00a0heimatrechte\u00a0\u00bb, les avantages acquis par les travailleurs du secteur priv\u00e9 et les fonctionnaires avant 1914. Pour l\u2019historien Jean-Claude Richez, le maintien des droits sociaux sp\u00e9cifiques, comme le r\u00e9gime local d\u2019assurance maladie, doit beaucoup \u00e0 ces mouvements\u00a0: \u00ab\u00a0Novembre 1918 se prolonge jusqu\u2019en mai 1920. Pour les ouvriers, les questions pos\u00e9es lors de la r\u00e9volution \u00e9taient toujours l\u00e0. D\u2019une certaine fa\u00e7on, ils ont continu\u00e9 la lutte.\u00a0\u00bb<\/p>\n<p><script async src=\"\/\/www.instagram.com\/embed.js\"><\/script><\/p>\n","protected":false},"excerpt":{"rendered":"\u00c0 la fin de la Premi\u00e8re Guerre mondiale, l\u2019Empire allemand s\u2019effondre sous la pression d\u2019un mouvement r\u00e9volutionnaire. Jusqu\u2019\u00e0&hellip;\n","protected":false},"author":2,"featured_media":74066,"comment_status":"","ping_status":"","sticky":false,"template":"","format":"standard","meta":{"footnotes":""},"categories":[2820],"tags":[1111,11,1777,674,1011,27,775,937,12,2384,25,640],"class_list":{"0":"post-74065","1":"post","2":"type-post","3":"status-publish","4":"format-standard","5":"has-post-thumbnail","7":"category-strasbourg","8":"tag-actu","9":"tag-actualites","10":"tag-eu","11":"tag-europe","12":"tag-fr","13":"tag-france","14":"tag-grand-est","15":"tag-histoire","16":"tag-news","17":"tag-premiere-guerre-mondiale","18":"tag-republique-francaise","19":"tag-strasbourg"},"share_on_mastodon":{"url":"https:\/\/pubeurope.com\/@fr\/114449189817293255","error":""},"_links":{"self":[{"href":"https:\/\/www.europesays.com\/fr\/wp-json\/wp\/v2\/posts\/74065","targetHints":{"allow":["GET"]}}],"collection":[{"href":"https:\/\/www.europesays.com\/fr\/wp-json\/wp\/v2\/posts"}],"about":[{"href":"https:\/\/www.europesays.com\/fr\/wp-json\/wp\/v2\/types\/post"}],"author":[{"embeddable":true,"href":"https:\/\/www.europesays.com\/fr\/wp-json\/wp\/v2\/users\/2"}],"replies":[{"embeddable":true,"href":"https:\/\/www.europesays.com\/fr\/wp-json\/wp\/v2\/comments?post=74065"}],"version-history":[{"count":0,"href":"https:\/\/www.europesays.com\/fr\/wp-json\/wp\/v2\/posts\/74065\/revisions"}],"wp:featuredmedia":[{"embeddable":true,"href":"https:\/\/www.europesays.com\/fr\/wp-json\/wp\/v2\/media\/74066"}],"wp:attachment":[{"href":"https:\/\/www.europesays.com\/fr\/wp-json\/wp\/v2\/media?parent=74065"}],"wp:term":[{"taxonomy":"category","embeddable":true,"href":"https:\/\/www.europesays.com\/fr\/wp-json\/wp\/v2\/categories?post=74065"},{"taxonomy":"post_tag","embeddable":true,"href":"https:\/\/www.europesays.com\/fr\/wp-json\/wp\/v2\/tags?post=74065"}],"curies":[{"name":"wp","href":"https:\/\/api.w.org\/{rel}","templated":true}]}}