{"id":74078,"date":"2025-05-04T11:00:10","date_gmt":"2025-05-04T11:00:10","guid":{"rendered":"https:\/\/www.europesays.com\/fr\/74078\/"},"modified":"2025-05-04T11:00:10","modified_gmt":"2025-05-04T11:00:10","slug":"la-mediatheque-organise-un-atelier-tampon-sur-les-animaux-marins-haute-garonne-fenouillet","status":"publish","type":"post","link":"https:\/\/www.europesays.com\/fr\/74078\/","title":{"rendered":"La m\u00e9diath\u00e8que organise un atelier tampon sur les animaux marins &#8211; Haute Garonne &#8211; Fenouillet"},"content":{"rendered":"<p>La m\u00e9diath\u00e8que de Fenouillet accueille, le samedi 10 mai 2025 de 10h \u00e0 12h, un atelier cr\u00e9atif intitul\u00e9 \u00ab Tampon : les animaux marins \u00bb. Destin\u00e9 aux adultes et aux enfants d\u00e8s 8 ans, cet atelier propose de dessiner, graver et imprimer des tampons inspir\u00e9s des c\u00e9phalopodes, mammif\u00e8res marins et autres cr\u00e9atures des profondeurs. Organis\u00e9 par La Grande Roue, ce moment convivial invite chacun \u00e0 explorer l\u2019univers fascinant des animaux marins tout en d\u00e9veloppant sa cr\u00e9ativit\u00e9. La participation est gratuite, mais l\u2019inscription est obligatoire aupr\u00e8s de la m\u00e9diath\u00e8que au 05 62 75 85 99 ou par mail \u00e0 mediatheque@mairie-fenouillet.fr. Une belle occasion de s\u2019initier \u00e0 une technique artistique originale dans un cadre convivial et familial<\/p>\n<p>                Cet article est r\u00e9serv\u00e9 aux abonn\u00e9s.<\/p>\n<p class=\"signature\" itemscope=\"\" itemprop=\"Author\" itemtype=\"http:\/\/schema.org\/Person\">\n                WD\n            <\/p>\n","protected":false},"excerpt":{"rendered":"La m\u00e9diath\u00e8que de Fenouillet accueille, le samedi 10 mai 2025 de 10h \u00e0 12h, un atelier cr\u00e9atif intitul\u00e9&hellip;\n","protected":false},"author":2,"featured_media":23669,"comment_status":"","ping_status":"","sticky":false,"template":"","format":"standard","meta":{"footnotes":""},"categories":[2816],"tags":[1111,11,1777,674,1011,27,12,2680,301,25,2312],"class_list":{"0":"post-74078","1":"post","2":"type-post","3":"status-publish","4":"format-standard","5":"has-post-thumbnail","7":"category-toulouse","8":"tag-actu","9":"tag-actualites","10":"tag-eu","11":"tag-europe","12":"tag-fr","13":"tag-france","14":"tag-news","15":"tag-occitanie","16":"tag-premium","17":"tag-republique-francaise","18":"tag-toulouse"},"share_on_mastodon":{"url":"https:\/\/pubeurope.com\/@fr\/114449221156009217","error":""},"_links":{"self":[{"href":"https:\/\/www.europesays.com\/fr\/wp-json\/wp\/v2\/posts\/74078","targetHints":{"allow":["GET"]}}],"collection":[{"href":"https:\/\/www.europesays.com\/fr\/wp-json\/wp\/v2\/posts"}],"about":[{"href":"https:\/\/www.europesays.com\/fr\/wp-json\/wp\/v2\/types\/post"}],"author":[{"embeddable":true,"href":"https:\/\/www.europesays.com\/fr\/wp-json\/wp\/v2\/users\/2"}],"replies":[{"embeddable":true,"href":"https:\/\/www.europesays.com\/fr\/wp-json\/wp\/v2\/comments?post=74078"}],"version-history":[{"count":0,"href":"https:\/\/www.europesays.com\/fr\/wp-json\/wp\/v2\/posts\/74078\/revisions"}],"wp:featuredmedia":[{"embeddable":true,"href":"https:\/\/www.europesays.com\/fr\/wp-json\/wp\/v2\/media\/23669"}],"wp:attachment":[{"href":"https:\/\/www.europesays.com\/fr\/wp-json\/wp\/v2\/media?parent=74078"}],"wp:term":[{"taxonomy":"category","embeddable":true,"href":"https:\/\/www.europesays.com\/fr\/wp-json\/wp\/v2\/categories?post=74078"},{"taxonomy":"post_tag","embeddable":true,"href":"https:\/\/www.europesays.com\/fr\/wp-json\/wp\/v2\/tags?post=74078"}],"curies":[{"name":"wp","href":"https:\/\/api.w.org\/{rel}","templated":true}]}}