{"id":74083,"date":"2025-05-04T11:03:11","date_gmt":"2025-05-04T11:03:11","guid":{"rendered":"https:\/\/www.europesays.com\/fr\/74083\/"},"modified":"2025-05-04T11:03:11","modified_gmt":"2025-05-04T11:03:11","slug":"om-membre-du-staff-de-didier-deschamps-franck-raviot-sera-en-tribune","status":"publish","type":"post","link":"https:\/\/www.europesays.com\/fr\/74083\/","title":{"rendered":"OM : membre du staff de Didier Deschamps, Franck Raviot sera en tribune"},"content":{"rendered":"<p><a href=\"https:\/\/www.laprovence.com\/actu\/en-direct\/5894726\/breves-om-a-ecouler.html\" target=\"_blank\" rel=\"noopener\">Comme cinq ans auparavant<\/a>, Franck Raviot assistera \u00e0 Lille-OM ce dimanche soir dans les tribunes du stade Pierre-Mauroy. <a href=\"https:\/\/www.laprovence.com\/article\/sports\/6704886\/un-staff-couleur-bleu-provence.html\" target=\"_blank\" rel=\"noopener\">Natif de Saint-R\u00e9my de Provence<\/a>, l&rsquo;ancien gardien n&rsquo;y va pas pour supporter l&rsquo;OM mais pour superviser la performance d&rsquo;un international fran\u00e7ais : Lucas Chevalier dans les buts lillois. Raviot est l&rsquo;entra\u00eeneur des gardiens de l&rsquo;\u00e9quipe de France depuis 2010 et avait d\u00e9j\u00e0 r\u00e9serv\u00e9 sa place dans le Nord en 2020 lors de la r\u00e9ception des Olympiens \u00e0 Villeneuve-d&rsquo;Ascq pour y observer \u00e0 l&rsquo;\u00e9poque Mike Maignan et <a href=\"https:\/\/www.laprovence.com\/article\/sports\/5761014\/mandanda-a-retrouve-son-eclat.html\" target=\"_blank\" rel=\"noopener\">Steve Mandanda.<\/a><\/p>\n<p>M\u00eame si son poste ne lui incombe pas, il pourra toujours souffler deux mots au s\u00e9lectionneur <a href=\"https:\/\/www.laprovence.com\/article\/sports\/1952425817093815\/depart-de-deschamps-en-2026-son-agent-leve-le-voile-sur-les-dessous-de-cette-decision\" target=\"_blank\" rel=\"noopener\">Didier Deschamps<\/a> sur la rencontre d&rsquo;Adrien Rabiot ou Quentin Merlin, pour l&rsquo;instant chez les Espoirs, mais les Olympiens auront un autre objectif momentan\u00e9ment bien plus important que les Bleus : prendre trois points pr\u00e9pond\u00e9rants <a href=\"https:\/\/www.laprovence.com\/article\/om\/1135046382553215\/om-a-lille-les-olympiens-peuvent-faire-le-break-dans-la-course-a-la-ligue-des-champions\" target=\"_blank\" rel=\"noopener\">dans la course \u00e0 la Ligue des champions<\/a> chez un poursuivant qui s&rsquo;approche \u00e0 grands pas&#8230;<\/p>\n","protected":false},"excerpt":{"rendered":"Comme cinq ans auparavant, Franck Raviot assistera \u00e0 Lille-OM ce dimanche soir dans les tribunes du stade Pierre-Mauroy.&hellip;\n","protected":false},"author":2,"featured_media":74084,"comment_status":"","ping_status":"","sticky":false,"template":"","format":"standard","meta":{"footnotes":""},"categories":[2815],"tags":[17,1111,11,17814,4917,1777,674,1011,27,12182,811,1307,17812,12,149,25,17813],"class_list":{"0":"post-74083","1":"post","2":"type-post","3":"status-publish","4":"format-standard","5":"has-post-thumbnail","7":"category-lille","8":"tag-17","9":"tag-actu","10":"tag-actualites","11":"tag-deschamps","12":"tag-didier","13":"tag-eu","14":"tag-europe","15":"tag-fr","16":"tag-france","17":"tag-franck","18":"tag-hauts-de-france","19":"tag-lille","20":"tag-membre","21":"tag-news","22":"tag-om","23":"tag-republique-francaise","24":"tag-staff"},"share_on_mastodon":{"url":"https:\/\/pubeurope.com\/@fr\/114449233046957691","error":""},"_links":{"self":[{"href":"https:\/\/www.europesays.com\/fr\/wp-json\/wp\/v2\/posts\/74083","targetHints":{"allow":["GET"]}}],"collection":[{"href":"https:\/\/www.europesays.com\/fr\/wp-json\/wp\/v2\/posts"}],"about":[{"href":"https:\/\/www.europesays.com\/fr\/wp-json\/wp\/v2\/types\/post"}],"author":[{"embeddable":true,"href":"https:\/\/www.europesays.com\/fr\/wp-json\/wp\/v2\/users\/2"}],"replies":[{"embeddable":true,"href":"https:\/\/www.europesays.com\/fr\/wp-json\/wp\/v2\/comments?post=74083"}],"version-history":[{"count":0,"href":"https:\/\/www.europesays.com\/fr\/wp-json\/wp\/v2\/posts\/74083\/revisions"}],"wp:featuredmedia":[{"embeddable":true,"href":"https:\/\/www.europesays.com\/fr\/wp-json\/wp\/v2\/media\/74084"}],"wp:attachment":[{"href":"https:\/\/www.europesays.com\/fr\/wp-json\/wp\/v2\/media?parent=74083"}],"wp:term":[{"taxonomy":"category","embeddable":true,"href":"https:\/\/www.europesays.com\/fr\/wp-json\/wp\/v2\/categories?post=74083"},{"taxonomy":"post_tag","embeddable":true,"href":"https:\/\/www.europesays.com\/fr\/wp-json\/wp\/v2\/tags?post=74083"}],"curies":[{"name":"wp","href":"https:\/\/api.w.org\/{rel}","templated":true}]}}