{"id":74085,"date":"2025-05-04T11:04:10","date_gmt":"2025-05-04T11:04:10","guid":{"rendered":"https:\/\/www.europesays.com\/fr\/74085\/"},"modified":"2025-05-04T11:04:10","modified_gmt":"2025-05-04T11:04:10","slug":"premier-habitat-participatif-a-marseille-les-habeilles-sappretent-a-inaugurer-leur-nid","status":"publish","type":"post","link":"https:\/\/www.europesays.com\/fr\/74085\/","title":{"rendered":"Premier habitat participatif \u00e0 Marseille, les Habeilles s&rsquo;appr\u00eatent \u00e0 inaugurer leur nid"},"content":{"rendered":"<p>C&rsquo;est en ce d\u00e9but du mois de mai que la vingtaine de locataires pourra int\u00e9grer le premier habitat participatif locatif social de <a href=\"https:\/\/www.laprovence.com\/ville\/marseille\" target=\"_blank\" rel=\"noopener\">Marseille<\/a>, \u00e0 Saint-Mauront (3e). Dominique, Mounira, Marion, Bruno et une quinzaine d\u2019autres vont int\u00e9grer leur nouveau nid, implant\u00e9 au num\u00e9ro\u00a012 de la rue Jullien\u00a0: un ensemble immobilier dont la totalit\u00e9 des douze logements est ouverte \u00e0 la location sociale. Les <a href=\"https:\/\/www.laprovence.com\/article\/region\/2783599466562715\/loyers-en-hausse-peu-dannonces-trouver-une-location-a-marseille-une-mission-impossible\" target=\"_blank\" rel=\"noopener\">prix des loyers<\/a>, les plus faibles sur le march\u00e9, s\u2019\u00e9l\u00e8vent entre 5 et 7\u00a0euros le m\u00b2. Une premi\u00e8re \u00e0 Marseille.<\/p>\n<p><img alt=\"Le premier habitat participatif de Marseille s'installe \u00e0 Saint-Mauront.\" loading=\"lazy\" decoding=\"async\" data-nimg=\"fill\" class=\" TwicCore_img__i9TC1 undefined  undefined\" style=\"position:absolute;height:100%;width:100%;left:0;top:0;right:0;bottom:0;color:transparent;background-size:cover;background-position:50% 50%;background-repeat:no-repeat;background-image:url(&quot;data:image\/svg+xml;charset=utf-8,%3Csvg xmlns='http:\/\/www.w3.org\/2000\/svg' %3E%3Cfilter id='b' color-interpolation-filters='sRGB'%3E%3CfeGaussianBlur stdDeviation='20'\/%3E%3CfeColorMatrix values='1 0 0 0 0 0 1 0 0 0 0 0 1 0 0 0 0 0 100 -1' result='s'\/%3E%3CfeFlood x='0' y='0' width='100%25' height='100%25'\/%3E%3CfeComposite operator='out' in='s'\/%3E%3CfeComposite in2='SourceGraphic'\/%3E%3CfeGaussianBlur stdDeviation='20'\/%3E%3C\/filter%3E%3Cimage width='100%25' height='100%25' x='0' y='0' preserveAspectRatio='none' style='filter: url(%23b);' href='https:\/\/pictures.laprovence.com\/cdn-cgi\/image\/blur=250\/media\/melody\/2025\/05\/04\/le-premier-habitat-participatif-de-marseille-s-installe-a-saint-mauront-1746353437_ccbf352646f7621cf352646f746cf3v_.jpg'\/%3E%3C\/svg%3E&quot;)\"   src=\"https:\/\/www.europesays.com\/fr\/wp-content\/uploads\/2025\/05\/le-premier-habitat-participatif-de-marseille-s-installe-a-saint-mauront-1746353437_ccbf352646f7621cf.jpeg\"\/>Le premier habitat participatif de Marseille s&rsquo;installe \u00e0 Saint-Mauront. \/ Photo Laura Vaillant<\/p>\n<p>Les futurs habitants attendent donc avec impatience d\u2019investir les douze appartements allant du T1 au T5, dont un destin\u00e9 \u00e0 l\u2019insertion par le logement, deux chambres d\u2019amis communes, une buanderie partag\u00e9e et un salon commun sur le toit\u2026 \u00ab\u00a0Avec les <a href=\"https:\/\/www.laprovence.com\/article\/region\/7535249664533314\/une-nouvelle-facon-de-vivre-avec-lhabitat-participatif-le-projet-vient-de-prendre-fin-a-mallemort\" target=\"_blank\" rel=\"noopener\">habitats participatifs<\/a>, les habitants se sentent vraiment chez eux, s\u2019approprient compl\u00e8tement le lieu, avance Paola Hartpence, responsable du sujet pour l\u2019association Habitat participatif France. Il y a une r\u00e9partition des t\u00e2ches mais \u00e9galement une r\u00e9duction des charges financi\u00e8res.\u00a0\u00bb<\/p>\n<p>Plus de 40% des logements de ce type, en cours de production, sont port\u00e9s par des organismes HLM. C\u2019est le cas des Habeilles qui, face \u00e0 des difficult\u00e9s de financement, ont renonc\u00e9 \u00e0 l\u2019autopromotion. Lanc\u00e9e en\u00a02010 lorsque l\u2019\u00e9tablissement public foncier Paca d\u00e9cide de r\u00e9server un terrain pour de l\u2019habitat participatif \u00e0 Saint-Mauront, l\u2019id\u00e9e fait sensation aupr\u00e8s d\u2019un groupe d\u2019habitants, qui se constitue un an plus tard en collectif.<\/p>\n<p><img alt=\"Ses nouveaux occupants investiront les Habeilles au tout d\u00e9but du mois de mai.\" loading=\"lazy\" decoding=\"async\" data-nimg=\"fill\" class=\" TwicCore_img__i9TC1 undefined  undefined\" style=\"position:absolute;height:100%;width:100%;left:0;top:0;right:0;bottom:0;color:transparent;background-size:cover;background-position:50% 50%;background-repeat:no-repeat;background-image:url(&quot;data:image\/svg+xml;charset=utf-8,%3Csvg xmlns='http:\/\/www.w3.org\/2000\/svg' %3E%3Cfilter id='b' color-interpolation-filters='sRGB'%3E%3CfeGaussianBlur stdDeviation='20'\/%3E%3CfeColorMatrix values='1 0 0 0 0 0 1 0 0 0 0 0 1 0 0 0 0 0 100 -1' result='s'\/%3E%3CfeFlood x='0' y='0' width='100%25' height='100%25'\/%3E%3CfeComposite operator='out' in='s'\/%3E%3CfeComposite in2='SourceGraphic'\/%3E%3CfeGaussianBlur stdDeviation='20'\/%3E%3C\/filter%3E%3Cimage width='100%25' height='100%25' x='0' y='0' preserveAspectRatio='none' style='filter: url(%23b);' href='https:\/\/pictures.laprovence.com\/cdn-cgi\/image\/blur=250\/media\/melody\/2025\/05\/04\/ses-nouveaux-occupants-investiront-les-habeilles-au-tout-debut-du-mois-de-mai-1746353438_5357a52646f76e757a52646f7cb57av_.jpg'\/%3E%3C\/svg%3E&quot;)\"   src=\"https:\/\/www.europesays.com\/fr\/wp-content\/uploads\/2025\/05\/ses-nouveaux-occupants-investiront-les-habeilles-au-tout-debut-du-mois-de-mai-1746353438_5357a52646f.jpeg\"\/>Ses nouveaux occupants investiront les Habeilles au tout d\u00e9but du mois de mai. \/ Photo Laura Vaillant<\/p>\n<p>En juin\u00a02014, le collectif obtient un permis de construire avec l\u2019id\u00e9e de former un habitat participatif en location sociale. Mais le projet n\u2019aboutit pas\u00a0: un premier bailleur, Pact 13, se saisit du dossier avant de jeter l\u2019\u00e9ponge. L\u2019essaim ne se d\u00e9courage pas, comptant bien faire son nid. \u00ab\u00a0De l\u2019id\u00e9e de base, il ne reste plus personne\u00a0\u00bb, explique Dominique Damo. En\u00a02016, la Ville de Marseille soutient le collectif et l\u2019accompagne dans un partenariat avec le <a href=\"https:\/\/www.laprovence.com\/article\/region\/2871943295322814\/grand-delta-habitat-se-classe-dans-le-top-100-des-entreprises-de-la-region-paca\" target=\"_blank\" rel=\"noopener\">bailleur social Grand Delta Habitat<\/a>, d\u00e9ploy\u00e9 dans huit d\u00e9partements et assurant le logement de plus de 41\u00a0000 personnes.<\/p>\n<p>\u00ab\u00a0S\u2019entraider et retrouver une famille\u201d<\/p>\n<p>Si celui-ci a n\u00e9cessit\u00e9 une douzaine d\u2019ann\u00e9es de gestation, un projet d\u2019habitat participatif voit normalement le jour \u00ab\u00a0en trois ou quatre ans\u00a0\u00bb, explique Paola Hartpence. Incompr\u00e9hensions administratives, <a href=\"https:\/\/www.laprovence.com\/article\/sante\/94867168612573\/covid-que-nous-reste-t-il-5-ans-apres-la-pandemie\" target=\"_blank\" rel=\"noopener\">crise du Covid<\/a> et augmentation des prix des mat\u00e9riaux avec le <a href=\"https:\/\/www.laprovence.com\/article\/france-monde\/1404754095354614\/guerre-en-ukraine-revenir-au-service-national-nest-pas-realiste-pour-emmanuel-macron\" target=\"_blank\" rel=\"noopener\">conflit ukrainien<\/a> ont repouss\u00e9 la fin des travaux. Mais au fil des ans, l\u2019essaim a tout de m\u00eame su faire corps. \u00ab\u00a0Ce temps-l\u00e0 est n\u00e9cessaire pour construire le collectif, estime la responsable du programme dans les quartiers populaires. Il permet de se renforcer, de se rencontrer, de commencer \u00e0 travailler sur la charte du groupe, de r\u00e9fl\u00e9chir \u00e0 ce qui sera fait dans les locaux communs.\u00a0\u00bb<\/p>\n<p>Les Habeilles &#8211; du nom du collectif &#8211; ne vivent pas encore sous le m\u00eame toit, mais imaginent d\u00e9j\u00e0 la suite. Bruno Musmeaux, ancien habitant du 14e arrondissement, est h\u00e9berg\u00e9 chez des amis depuis quatre ans \u00ab\u00a0\u00e0 droite et \u00e0 gauche\u00a0\u00bb. Pour lui, int\u00e9grer un habitat participatif est synonyme de convivialit\u00e9\u00a0: \u00ab\u00a0Je vais \u00eatre entour\u00e9 de voisins que je connais et appr\u00e9cie d\u00e9j\u00e0.\u00a0\u00bb Un avis que partage Mounira Hannachi, &lsquo;Habeille&rsquo; depuis 2024 seulement et habitante du 13e arrondissement\u00a0: \u00ab\u00a0C\u2019est aussi s\u2019entraider et retrouver une famille.\u00a0\u00bb<\/p>\n<p>Une famille constitu\u00e9e de foyers divers, avec des m\u00e8res et p\u00e8res isol\u00e9s, des familles nombreuses ou encore des retrait\u00e9s. Le 12 rue Jullien rassemblera des habitants de cinq nationalit\u00e9s, dont le point commun est le mal-logement. \u00ab\u00a0Nous sommes nombreux \u00e0 vivre dans des passoires thermiques, confie Dominique Damo, Habeille depuis\u00a02014 actuellement habitant de la Belle-de-Mai (3e). L\u2019habitat participatif est une solution pour acc\u00e9der \u00e0 des logements d\u00e9cents, \u00e0 un prix d\u00e9cent.\u00a0\u00bb<\/p>\n<p>\u00ab\u00a0Faire de Marseille la capitale de l\u2019habitat participatif populaire\u00a0\u00bb<\/p>\n<p>\u00c0 Saint-Mauront, les Habeilles s\u2019attacheront \u00e0 tisser un lien avec les habitants, en tenant \u00e0 leur disposition deux salles polyvalentes. Une initiative appr\u00e9ci\u00e9e par Habitat participatif France, qui souhaite la valoriser et la multiplier dans les quartiers les plus d\u00e9favoris\u00e9s. L\u2019association entend, avec les Habeilles, \u00ab\u00a0faire de Marseille la capitale de l\u2019habitat participatif populaire\u00a0\u00bb. Et promet de faire des \u00e9mules notamment \u00e0 la Belle-de-Mai ou \u00e0 Noailles, o\u00f9 elle esp\u00e8re \u00ab\u00a0renforcer les dynamiques existantes\u00a0\u00bb\u00a0pour cr\u00e9er des immeubles participatifs avec des locaux associatifs en rez-de-chauss\u00e9e.<\/p>\n<p>Le deuxi\u00e8me habitat participatif de Marseille ouvrira en\u00a02025<\/p>\n<p>D\u00e9but\u00e9 en\u00a02011, un second projet d\u2019habitat participatif verra le jour en\u00a02025 \u00e0 Marseille, \u00e0 l\u2019Estaque (16e). Ses habitants devraient int\u00e9grer les logements d\u2019ici la fin de l\u2019ann\u00e9e. \u00c0 la diff\u00e9rence des Habeilles, il est vou\u00e9 \u00e0 l\u2019accession \u00e0 la propri\u00e9t\u00e9 gr\u00e2ce au <a href=\"https:\/\/www.laprovence.com\/videos\/la-minute-immo-le-psla-une-trs-bonne-opportunit-pour-accder-la-proprit\/PSWMSQrPrEA\" target=\"_blank\" rel=\"noopener\">PSLA (pr\u00eat social location accession)<\/a>. \u00ab\u00a0Ce sera dans un quartier o\u00f9 il y a pas mal de dynamiques associatives et culturelles, explique Ludovic Parenty, coordinateur chez Habitat participatif France et futur habitant de l\u2019ensemble immobilier. On aura aussi une chambre d\u2019amis partag\u00e9e, un petit atelier ou un jardin collectif.\u00a0\u00bb Dans les 12 logements, la moiti\u00e9 des locataires sera compos\u00e9e de familles avec de jeunes enfants, l\u2019autre moiti\u00e9 de familles monoparentales, de personnes seules et de personnes \u00e2g\u00e9es. La \u00ab\u00a0logique interg\u00e9n\u00e9rationnelle\u00a0\u00bb est mise en avant.<\/p>\n","protected":false},"excerpt":{"rendered":"C&rsquo;est en ce d\u00e9but du mois de mai que la vingtaine de locataires pourra int\u00e9grer le premier habitat&hellip;\n","protected":false},"author":2,"featured_media":74086,"comment_status":"","ping_status":"","sticky":false,"template":"","format":"standard","meta":{"footnotes":""},"categories":[2814],"tags":[17,1111,11,1777,674,1011,27,17815,4250,151,884,12,6794,7910,882,16,25,133],"class_list":{"0":"post-74085","1":"post","2":"type-post","3":"status-publish","4":"format-standard","5":"has-post-thumbnail","7":"category-marseille","8":"tag-17","9":"tag-actu","10":"tag-actualites","11":"tag-eu","12":"tag-europe","13":"tag-fr","14":"tag-france","15":"tag-habeilles","16":"tag-habitat","17":"tag-les","18":"tag-marseille","19":"tag-news","20":"tag-participatif","21":"tag-premier","22":"tag-provence-alpes-cote-dazur","23":"tag-region","24":"tag-republique-francaise","25":"tag-video"},"share_on_mastodon":{"url":"https:\/\/pubeurope.com\/@fr\/114449237182812127","error":""},"_links":{"self":[{"href":"https:\/\/www.europesays.com\/fr\/wp-json\/wp\/v2\/posts\/74085","targetHints":{"allow":["GET"]}}],"collection":[{"href":"https:\/\/www.europesays.com\/fr\/wp-json\/wp\/v2\/posts"}],"about":[{"href":"https:\/\/www.europesays.com\/fr\/wp-json\/wp\/v2\/types\/post"}],"author":[{"embeddable":true,"href":"https:\/\/www.europesays.com\/fr\/wp-json\/wp\/v2\/users\/2"}],"replies":[{"embeddable":true,"href":"https:\/\/www.europesays.com\/fr\/wp-json\/wp\/v2\/comments?post=74085"}],"version-history":[{"count":0,"href":"https:\/\/www.europesays.com\/fr\/wp-json\/wp\/v2\/posts\/74085\/revisions"}],"wp:featuredmedia":[{"embeddable":true,"href":"https:\/\/www.europesays.com\/fr\/wp-json\/wp\/v2\/media\/74086"}],"wp:attachment":[{"href":"https:\/\/www.europesays.com\/fr\/wp-json\/wp\/v2\/media?parent=74085"}],"wp:term":[{"taxonomy":"category","embeddable":true,"href":"https:\/\/www.europesays.com\/fr\/wp-json\/wp\/v2\/categories?post=74085"},{"taxonomy":"post_tag","embeddable":true,"href":"https:\/\/www.europesays.com\/fr\/wp-json\/wp\/v2\/tags?post=74085"}],"curies":[{"name":"wp","href":"https:\/\/api.w.org\/{rel}","templated":true}]}}