{"id":74105,"date":"2025-05-04T11:16:08","date_gmt":"2025-05-04T11:16:08","guid":{"rendered":"https:\/\/www.europesays.com\/fr\/74105\/"},"modified":"2025-05-04T11:16:08","modified_gmt":"2025-05-04T11:16:08","slug":"malgre-trump-la-fed-ne-devrait-pas-bouger-ses-taux","status":"publish","type":"post","link":"https:\/\/www.europesays.com\/fr\/74105\/","title":{"rendered":"malgr\u00e9 Trump, la Fed ne devrait pas bouger ses taux"},"content":{"rendered":"<p>L&rsquo;issue de la r\u00e9union de la R\u00e9serve f\u00e9d\u00e9rale (Fed), programm\u00e9e mardi et mercredi, ne fait gu\u00e8re de doute. L&rsquo;institution devrait maintenir ses taux directeurs dans la fourchette de 4,25 % \u00e0 4,50 %, en vigueur depuis d\u00e9cembre. Ses responsables souhaitent d&rsquo;abord jauger l&rsquo;effet r\u00e9el de la politique protectionniste relanc\u00e9e par Donald Trump. Car si certains signaux montrent une nervosit\u00e9 croissante, les indicateurs macro\u00e9conomiques restent globalement contenus : 4,2 % de ch\u00f4mage en avril, 2,3 % d&rsquo;inflation en mars.<\/p>\n<p>Mais les perspectives se d\u00e9gradent. Lors de leur derni\u00e8re r\u00e9union, les dirigeants de la Fed ont abaiss\u00e9 leurs pr\u00e9visions de croissance et anticip\u00e9 une hausse du ch\u00f4mage et de l&rsquo;inflation.\u00a0La guerre commerciale avec la Chine a entra\u00een\u00e9 une flamb\u00e9e des droits de douane. La surtaxe minimale de 10 %, impos\u00e9e par Trump sur toutes les importations, jusqu&rsquo;au cacao, rench\u00e9rit le quotidien des m\u00e9nages et des entreprises.<\/p>\n<p>\u00ab C&rsquo;est compliqu\u00e9 de dire si l&rsquo;\u00e9conomie va entrer en r\u00e9cession, mais les droits de douane vont au moins ralentir la croissance \u00bb, explique Loretta Mester, ex-pr\u00e9sidente de la Fed de Cleveland, aujourd&rsquo;hui professeure \u00e0 Wharton.Maintenir les taux est donc, selon elle,\u00ab la bonne chose \u00e0 faire \u00bb, quitte \u00e0 les r\u00e9duire plus tard si l&rsquo;activit\u00e9 se d\u00e9t\u00e9riore franchement.<\/p>\n<p>\u00ab Si la Fed panique, tout le monde paniquera \u00bb<\/p>\n<p>Belinda Roman, \u00e9conomiste \u00e0 l&rsquo;universit\u00e9 St Mary&rsquo;s de San Antonio (Texas), va plus loin \u00ab Si la Fed baisse les taux maintenant, cela veut dire qu&rsquo;ils sont inquiets, et ce sera pire. Si les march\u00e9s pensent que la Fed panique, alors tout le monde va vraiment paniquer. \u00bb<\/p>\n<p>Donald Trump multiplie les attaques contre le pr\u00e9sident de la Fed, Jerome \u00ab Jay \u00bb Powell. Fin avril, il l&rsquo;a trait\u00e9 \u00ab d&rsquo;immense loser \u00bb, estimant qu&rsquo;il \u00e9tait \u00ab plus que temps \u00bb qu&rsquo;il parte, tout en jurant qu&rsquo;il ne comptait pas le r\u00e9voquer.\u00a0Cette semaine encore, il a r\u00e9affirm\u00e9 qu&rsquo;il n&rsquo;\u00e9tait \u00ab pas un grand fan \u00bb de Powell, exigeant en lettres capitales sur Truth Social que la Fed baisse ses taux, car il n&rsquo;y aurait selon lui \u00ab PAS D&rsquo;INFLATION \u00bb.\u00a0\u00ab Ce n&rsquo;est pas nouveau qu&rsquo;un pr\u00e9sident critique la politique mon\u00e9taire \u00bb<strong>,<\/strong> note Loretta Mester. \u00ab Ce qui l&rsquo;est, c&rsquo;est \u00e0 quel point il le fait. \u00bb<\/p>\n","protected":false},"excerpt":{"rendered":"L&rsquo;issue de la r\u00e9union de la R\u00e9serve f\u00e9d\u00e9rale (Fed), programm\u00e9e mardi et mercredi, ne fait gu\u00e8re de doute.&hellip;\n","protected":false},"author":2,"featured_media":74106,"comment_status":"","ping_status":"","sticky":false,"template":"","format":"standard","meta":{"footnotes":""},"categories":[1589],"tags":[17,11,17817,2859,33,73,1866,7512,9085,12,5261,467,1864,1865,1863,308],"class_list":{"0":"post-74105","1":"post","2":"type-post","3":"status-publish","4":"format-standard","5":"has-post-thumbnail","7":"category-etats-unis","8":"tag-17","9":"tag-actualites","10":"tag-bouger","11":"tag-devrait","12":"tag-economie","13":"tag-etats-unis","14":"tag-etats-unis-damerique","15":"tag-fed","16":"tag-malgre","17":"tag-news","18":"tag-pas","19":"tag-trump","20":"tag-united-states","21":"tag-united-states-of-america","22":"tag-us","23":"tag-usa"},"share_on_mastodon":{"url":"https:\/\/pubeurope.com\/@fr\/114449284040490732","error":""},"_links":{"self":[{"href":"https:\/\/www.europesays.com\/fr\/wp-json\/wp\/v2\/posts\/74105","targetHints":{"allow":["GET"]}}],"collection":[{"href":"https:\/\/www.europesays.com\/fr\/wp-json\/wp\/v2\/posts"}],"about":[{"href":"https:\/\/www.europesays.com\/fr\/wp-json\/wp\/v2\/types\/post"}],"author":[{"embeddable":true,"href":"https:\/\/www.europesays.com\/fr\/wp-json\/wp\/v2\/users\/2"}],"replies":[{"embeddable":true,"href":"https:\/\/www.europesays.com\/fr\/wp-json\/wp\/v2\/comments?post=74105"}],"version-history":[{"count":0,"href":"https:\/\/www.europesays.com\/fr\/wp-json\/wp\/v2\/posts\/74105\/revisions"}],"wp:featuredmedia":[{"embeddable":true,"href":"https:\/\/www.europesays.com\/fr\/wp-json\/wp\/v2\/media\/74106"}],"wp:attachment":[{"href":"https:\/\/www.europesays.com\/fr\/wp-json\/wp\/v2\/media?parent=74105"}],"wp:term":[{"taxonomy":"category","embeddable":true,"href":"https:\/\/www.europesays.com\/fr\/wp-json\/wp\/v2\/categories?post=74105"},{"taxonomy":"post_tag","embeddable":true,"href":"https:\/\/www.europesays.com\/fr\/wp-json\/wp\/v2\/tags?post=74105"}],"curies":[{"name":"wp","href":"https:\/\/api.w.org\/{rel}","templated":true}]}}