{"id":74107,"date":"2025-05-04T11:17:08","date_gmt":"2025-05-04T11:17:08","guid":{"rendered":"https:\/\/www.europesays.com\/fr\/74107\/"},"modified":"2025-05-04T11:17:08","modified_gmt":"2025-05-04T11:17:08","slug":"au-royaume-uni-arrestation-de-cinq-hommes-dont-quatre-iraniens-soupconnes-de-preparer-un-acte-terroriste","status":"publish","type":"post","link":"https:\/\/www.europesays.com\/fr\/74107\/","title":{"rendered":"Au Royaume-Uni, arrestation de cinq hommes, dont quatre Iraniens, \u00absoup\u00e7onn\u00e9s de pr\u00e9parer un acte terroriste\u00bb"},"content":{"rendered":"<p>La police a par ailleurs annonc\u00e9 dimanche avoir proc\u00e9d\u00e9 \u00e0 l\u2019interpellation de trois hommes, tous de nationalit\u00e9 iranienne, dans une affaire diff\u00e9rente.<\/p>\n<p class=\"fig-paragraph\">Cinq hommes ont \u00e9t\u00e9 arr\u00eat\u00e9s samedi au Royaume-Uni, \u00absoup\u00e7onn\u00e9s de pr\u00e9parer un acte terroriste\u00bb. Ces arrestations ont eu lieu dans les r\u00e9gions de Londres, de Manchester (centre) et de Swindon, \u00e0 l\u2019ouest de la capitale, o\u00f9 des perquisitions sont en cours, a pr\u00e9cis\u00e9 la police\u00a0<a href=\"https:\/\/news.met.police.uk\/news\/three-people-arrested-as-part-of-counter-terrorism-policing-operation-496897\" target=\"_blank\" rel=\"nofollow noopener\" data-gtm-custom-categorie=\"navigation\" data-gtm-custom-action=\"crossclick\" data-gtm-custom-label=\"Contextuel\" data-gtm-event=\"customEventSPE\">dans un communiqu\u00e9<\/a>.<\/p>\n<p class=\"fig-paragraph\">\u00abL\u2019enqu\u00eate porte sur un complot pr\u00e9sum\u00e9 visant un site sp\u00e9cifique. Des agents ont pris contact avec le site concern\u00e9 pour les informer et leur fournir les conseils et le soutien n\u00e9cessaires\u00bb, a-t-elle ajout\u00e9. \u00abMais pour des raisons op\u00e9rationnelles, nous ne sommes pas en mesure de fournir de plus amples informations pour l\u2019instant\u00bb.<\/p>\n<p class=\"fig-paragraph\">Toujours selon la police, il s\u2019agit de quatre Iraniens \u00e2g\u00e9s de 29 \u00e0 46 ans, tandis que l\u2019\u00e2ge et la nationalit\u00e9 du cinqui\u00e8me homme restent \u00e0 d\u00e9terminer. Les cinq hommes ont \u00e9t\u00e9 interpell\u00e9s dans le cadre du \u00abTerrorism Act\u00bb, la l\u00e9gislation antiterroriste britannique, en vertu de sa section 5, qui vise les personnes qui ont l\u2019intention de \u00abcommettre des actes de terrorisme\u00bb ou leurs complices. \u00abC\u2019est une enqu\u00eate qui \u00e9volue rapidement\u00bb, a soulign\u00e9 le chef du service antiterroriste de la Met, le commandant Dominic Murphy, cit\u00e9 dans le communiqu\u00e9.<\/p>\n<p>Des \u00ab\u00e9v\u00e8nements graves\u00bb<\/p>\n<p class=\"fig-paragraph\">\u00abL\u2019enqu\u00eate n\u2019en est qu\u2019\u00e0 ses d\u00e9buts et nous explorons diverses pistes afin d\u2019\u00e9tablir toute motivation potentielle et de d\u00e9terminer si cette affaire peut pr\u00e9senter un risque suppl\u00e9mentaire pour le public\u00bb, a-t-il ajout\u00e9. La police a par ailleurs annonc\u00e9 dimanche avoir proc\u00e9d\u00e9 \u00e0 l\u2019interpellation de trois hommes, tous de nationalit\u00e9 iranienne, dans une affaire diff\u00e9rente.<\/p>\n<p class=\"fig-paragraph\">Ces arrestations s\u2019inscrivent dans le cadre de la loi de 2023 sur la s\u00e9curit\u00e9 nationale, qui permet \u00e0 la police d\u2019arr\u00eater les personnes soup\u00e7onn\u00e9es d\u2019\u00eatre \u00abimpliqu\u00e9es dans une activit\u00e9 de menace \u00e9manant d\u2019une puissance \u00e9trang\u00e8re\u00bb, a pr\u00e9cis\u00e9 la police londonienne dans son communiqu\u00e9.<\/p>\n<p class=\"fig-paragraph\">La ministre de l\u2019Int\u00e9rieur Yvette Cooper a salu\u00e9 dimanche matin, dans une premi\u00e8re d\u00e9claration publique, le travail des forces de l\u2019ordre. Elle a qualifi\u00e9 ces arrestations d\u2019\u00ab\u00e9v\u00e8nements graves qui d\u00e9montrent la n\u00e9cessit\u00e9 permanente d\u2019adapter notre r\u00e9ponse aux menaces qui p\u00e8sent sur la s\u00e9curit\u00e9 nationale\u00bb. \u00abLa protection de la s\u00e9curit\u00e9 nationale est le premier devoir du gouvernement, et notre police et nos services de s\u00e9curit\u00e9 b\u00e9n\u00e9ficient de notre ferme soutien dans leur travail vital\u00bb, a-t-elle d\u00e9clar\u00e9 \u00e0 l\u2019agence de presse britannique PA.<\/p>\n","protected":false},"excerpt":{"rendered":"La police a par ailleurs annonc\u00e9 dimanche avoir proc\u00e9d\u00e9 \u00e0 l\u2019interpellation de trois hommes, tous de nationalit\u00e9 iranienne,&hellip;\n","protected":false},"author":2,"featured_media":74108,"comment_status":"","ping_status":"","sticky":false,"template":"","format":"standard","meta":{"footnotes":""},"categories":[1588],"tags":[1111,47,11,1109,1112,1777,674,118,1108,107,1106,1107,27,1110,1114,14,12,1113,316,473,1853,1851,1850,1852],"class_list":{"0":"post-74107","1":"post","2":"type-post","3":"status-publish","4":"format-standard","5":"has-post-thumbnail","7":"category-royaume-uni","8":"tag-actu","9":"tag-actualite","10":"tag-actualites","11":"tag-breves","12":"tag-depeches","13":"tag-eu","14":"tag-europe","15":"tag-faits-divers","16":"tag-fil","17":"tag-fil-info","18":"tag-flash","19":"tag-flash-actu","20":"tag-france","21":"tag-informations","22":"tag-infos","23":"tag-international","24":"tag-news","25":"tag-nouvelles","26":"tag-politique","27":"tag-royaume-uni","28":"tag-royaume-uni-de-grande-bretagne-et-dirlande-du-nord","29":"tag-uk","30":"tag-united-kingdom","31":"tag-united-kingdom-of-great-britain-and-northern-ireland"},"share_on_mastodon":{"url":"https:\/\/pubeurope.com\/@fr\/114449287986084654","error":""},"_links":{"self":[{"href":"https:\/\/www.europesays.com\/fr\/wp-json\/wp\/v2\/posts\/74107","targetHints":{"allow":["GET"]}}],"collection":[{"href":"https:\/\/www.europesays.com\/fr\/wp-json\/wp\/v2\/posts"}],"about":[{"href":"https:\/\/www.europesays.com\/fr\/wp-json\/wp\/v2\/types\/post"}],"author":[{"embeddable":true,"href":"https:\/\/www.europesays.com\/fr\/wp-json\/wp\/v2\/users\/2"}],"replies":[{"embeddable":true,"href":"https:\/\/www.europesays.com\/fr\/wp-json\/wp\/v2\/comments?post=74107"}],"version-history":[{"count":0,"href":"https:\/\/www.europesays.com\/fr\/wp-json\/wp\/v2\/posts\/74107\/revisions"}],"wp:featuredmedia":[{"embeddable":true,"href":"https:\/\/www.europesays.com\/fr\/wp-json\/wp\/v2\/media\/74108"}],"wp:attachment":[{"href":"https:\/\/www.europesays.com\/fr\/wp-json\/wp\/v2\/media?parent=74107"}],"wp:term":[{"taxonomy":"category","embeddable":true,"href":"https:\/\/www.europesays.com\/fr\/wp-json\/wp\/v2\/categories?post=74107"},{"taxonomy":"post_tag","embeddable":true,"href":"https:\/\/www.europesays.com\/fr\/wp-json\/wp\/v2\/tags?post=74107"}],"curies":[{"name":"wp","href":"https:\/\/api.w.org\/{rel}","templated":true}]}}