{"id":74122,"date":"2025-05-04T11:27:12","date_gmt":"2025-05-04T11:27:12","guid":{"rendered":"https:\/\/www.europesays.com\/fr\/74122\/"},"modified":"2025-05-04T11:27:12","modified_gmt":"2025-05-04T11:27:12","slug":"atp-dr-mondenard-nadal-na-jamais-ete-inquiete-pour-ses-injections-a-repetition-sympa-litia","status":"publish","type":"post","link":"https:\/\/www.europesays.com\/fr\/74122\/","title":{"rendered":"ATP > Dr Mondenard : \u00ab\u00a0Nadal n&rsquo;a jamais \u00e9t\u00e9 inqui\u00e9t\u00e9 pour ses injections \u00e0 r\u00e9p\u00e9tition. Sympa l\u2019ITIA !\u00a0\u00bb"},"content":{"rendered":"<p>La suspen\u00adsion du joueur austra\u00adlien, sp\u00e9cia\u00adliste du double, Max Purcell a fait bien s\u00fbr fait r\u00e9agir le Docteur de Mondenard, sp\u00e9cia\u00adliste renomm\u00e9e sur les sujets li\u00e9s au dopage dans le sport. Il fustige l\u2019ITIA qui s\u2019amuse unique\u00adment \u00e0 r\u00e9duire les peines plut\u00f4t que rester ferme.\u00a0<\/p>\n<blockquote class=\"twitter-tweet\">\n<p lang=\"fr\" dir=\"ltr\">6. Dopage\u2013 Avec l\u2019ITIA, agence AD ind\u00e9\u00adpen\u00addante du tennis, on est habitu\u00e9 aux sanc\u00adtions mini\u00adma\u00adlistes. Sinner blanchi mais 3 mois par l\u2019AMA, Swiatek, 1 mois et main\u00adte\u00adnant Purcell 18 mois au lieu de 4 ans. Et R. Nadal, jamais inqui\u00e9t\u00e9 pour ses injec\u00adtions \u00e0 r\u00e9p\u00e9\u00adti\u00adtion. Sympa l\u2019ITIA\u202f!<\/p>\n<p>\u2014 Docteur de MONDENARD (@DeMONDENARD) <a href=\"https:\/\/twitter.com\/DeMONDENARD\/status\/1917269243164307600?ref_src=twsrc%5Etfw\" data-wpel-link=\"external\" target=\"_blank\" rel=\"nofollow external noopener\">April 29,\u00a02025<\/a><\/p><\/blockquote>\n<p>\u00ab\u202f<strong>Avec l\u2019ITIA, agence AD ind\u00e9\u00adpen\u00addante du tennis, on est habitu\u00e9 aux sanc\u00adtions mini\u00adma\u00adlistes. Sinner blanchi mais 3 mois par l\u2019AMA, Swiatek, 1 mois et main\u00adte\u00adnant Purcell 18 mois au lieu de 4 ans. Et R. Nadal, jamais inqui\u00e9t\u00e9 pour ses injec\u00adtions \u00e0 r\u00e9p\u00e9\u00adti\u00adtion. Sympa l\u2019ITIA\u202f!\u202f\u00bb<\/strong><\/p>\n<p>Visiblement \u00e9coeur\u00e9, le docteur va plus loin cette fois en rappe\u00adlant le trai\u00adte\u00adment \u00ab\u202fr\u00e9serv\u00e9\u202f\u00bb \u00e0 Rafael Nadal. Ses propos vont \u00eatre compris comme une vraie attaque contre celui qui a soulev\u00e9 22 titres en Grand Chelem et notam\u00adment 14 \u00e0 Roland\u2010Garros.<\/p>\n<p class=\"post-published-date\" style=\"color: silver; font-size: 75%; text-align: left;\">Publi\u00e9 le dimanche 4 mai 2025 \u00e0 11:09<\/p>\n<p><script async src=\"https:\/\/platform.twitter.com\/widgets.js\" charset=\"utf-8\"><\/script><\/p>\n","protected":false},"excerpt":{"rendered":"La suspen\u00adsion du joueur austra\u00adlien, sp\u00e9cia\u00adliste du double, Max Purcell a fait bien s\u00fbr fait r\u00e9agir le Docteur&hellip;\n","protected":false},"author":2,"featured_media":74123,"comment_status":"","ping_status":"","sticky":false,"template":"","format":"standard","meta":{"footnotes":""},"categories":[1415],"tags":[1011,27,2200,1960,2127,60,1467],"class_list":{"0":"post-74122","1":"post","2":"type-post","3":"status-publish","4":"format-standard","5":"has-post-thumbnail","7":"category-tennis","8":"tag-fr","9":"tag-france","10":"tag-iga-swiatek","11":"tag-nadal","12":"tag-sinner","13":"tag-sports","14":"tag-tennis"},"share_on_mastodon":{"url":"https:\/\/pubeurope.com\/@fr\/114449327229794604","error":""},"_links":{"self":[{"href":"https:\/\/www.europesays.com\/fr\/wp-json\/wp\/v2\/posts\/74122","targetHints":{"allow":["GET"]}}],"collection":[{"href":"https:\/\/www.europesays.com\/fr\/wp-json\/wp\/v2\/posts"}],"about":[{"href":"https:\/\/www.europesays.com\/fr\/wp-json\/wp\/v2\/types\/post"}],"author":[{"embeddable":true,"href":"https:\/\/www.europesays.com\/fr\/wp-json\/wp\/v2\/users\/2"}],"replies":[{"embeddable":true,"href":"https:\/\/www.europesays.com\/fr\/wp-json\/wp\/v2\/comments?post=74122"}],"version-history":[{"count":0,"href":"https:\/\/www.europesays.com\/fr\/wp-json\/wp\/v2\/posts\/74122\/revisions"}],"wp:featuredmedia":[{"embeddable":true,"href":"https:\/\/www.europesays.com\/fr\/wp-json\/wp\/v2\/media\/74123"}],"wp:attachment":[{"href":"https:\/\/www.europesays.com\/fr\/wp-json\/wp\/v2\/media?parent=74122"}],"wp:term":[{"taxonomy":"category","embeddable":true,"href":"https:\/\/www.europesays.com\/fr\/wp-json\/wp\/v2\/categories?post=74122"},{"taxonomy":"post_tag","embeddable":true,"href":"https:\/\/www.europesays.com\/fr\/wp-json\/wp\/v2\/tags?post=74122"}],"curies":[{"name":"wp","href":"https:\/\/api.w.org\/{rel}","templated":true}]}}