{"id":74133,"date":"2025-05-04T11:35:10","date_gmt":"2025-05-04T11:35:10","guid":{"rendered":"https:\/\/www.europesays.com\/fr\/74133\/"},"modified":"2025-05-04T11:35:10","modified_gmt":"2025-05-04T11:35:10","slug":"nicolas-bedos-recadre-sur-le-consentement-en-pleine-promo-pour-son-livre","status":"publish","type":"post","link":"https:\/\/www.europesays.com\/fr\/74133\/","title":{"rendered":"Nicolas Bedos recadr\u00e9 sur \u00ab\u00a0le consentement\u00a0\u00bb en pleine promo pour son livre"},"content":{"rendered":"<p>Condamn\u00e9 en octobre\u00a02024 pour des <a href=\"https:\/\/www.20minutes.fr\/dossier\/agression_sexuelle\" class=\"color-ultramarine c-link\" rel=\"nofollow noopener\" target=\"_blank\">agressions sexuelles<\/a> sur deux femmes, <a href=\"https:\/\/www.20minutes.fr\/dossier\/nicolas_bedos\" class=\"color-ultramarine c-link\" rel=\"nofollow noopener\" target=\"_blank\">Nicolas Bedos<\/a> \u00e9tait pr\u00e9sent dans l\u2019\u00e9mission \u00ab\u00a0Quelle \u00e9poque\u00a0!\u00a0\u00bb samedi soir. Sur le plateau de L\u00e9a Salam\u00e9, le cin\u00e9aste faisait la promotion de son livre La soif de honte, dans lequel il livre sa version des faits.<\/p>\n<blockquote class=\"twitter-tweet\" align=\"center\" data-lang=\"fr_FR\">\n<p lang=\"fr\" dir=\"ltr\">\ud83d\udc4f \u00ab\u00a0\ud835\udc02&rsquo;\ud835\udc1e\ud835\udc2c\ud835\udc2d \ud835\udc22\ud835\udc26\ud835\udc29\ud835\udc28\ud835\udc2b\ud835\udc2d\ud835\udc1a\ud835\udc27\ud835\udc2d \ud835\udc25\ud835\udc1e \ud835\udc1c\ud835\udc28\ud835\udc27\ud835\udc2c\ud835\udc1e\ud835\udc27\ud835\udc2d\ud835\udc1e\ud835\udc26\ud835\udc1e\ud835\udc27\ud835\udc2d\u00a0\u00bb<\/p>\n<p>Excellente intervention de Paul de Saint Sernin, qui utilise son humour corrosif pour replacer les choses subtilement dans leur contexte, \u00e0 la bonne place, en aga\u00e7ant Nicolas Bedos, visage crisp\u00e9 et dur, et laissant\u2026 <a href=\"https:\/\/t.co\/yqv7f9CuvM\" rel=\"nofollow\">pic.twitter.com\/yqv7f9CuvM<\/a><\/p>\n<p>\u2014 Cl\u00e9ment Garin (@clem_garin) <a href=\"https:\/\/twitter.com\/clem_garin\/status\/1918804791079092292?ref_src=twsrc%5Etfw\" rel=\"nofollow noopener\" target=\"_blank\">May 3, 2025<\/a><\/p><\/blockquote>\n<p class=\"mb-m@xs text-l@xs\">En cliquant sur\u00ab J\u2019accepte \u00bb, vous acceptez le d\u00e9p\u00f4t de cookies par des services externes et aurez ainsi acc\u00e8s aux contenus de nos partenaires.<\/p>\n<p class=\"mb-xl@xs text-s@xs\">Plus d\u2019informations sur la page<a href=\"https:\/\/www.20minutes.fr\/gestion-cookies\" class=\"mx-xxs@xs color-ultramarine\" rel=\"nofollow noopener\" target=\"_blank\">Politique de gestion des cookies<\/a><\/p>\n<p>J\u2019accepte<\/p>\n<p>L\u2019interview se passe sans accroc, et L\u00e9a Salam\u00e9 s\u2019appr\u00eate \u00e0 conclure en donnant les informations pratiques sur l\u2019ouvrage, lorsque <a href=\"https:\/\/www.20minutes.fr\/sport\/2933063-20201216-droits-tv-tout-monde-ramene-notes-frais-derniers-jours-telefoot-entre-decouragement-amertume\" class=\"color-ultramarine c-link\" rel=\"nofollow noopener\" target=\"_blank\">le \u00ab\u00a0sniper\u00a0\u00bb de l\u2019\u00e9mission, Paul de Saint-Sernin<\/a>, sort du silence. \u00ab\u00a0Tout l\u2019argent r\u00e9colt\u00e9 gr\u00e2ce aux ventes de ce livre sera revers\u00e9 \u00e0 des associations de victimes\u00a0\u00bb, affirme l\u2019humoriste. Devant le moment de flottement qu\u2019il vient de cr\u00e9er, <a href=\"https:\/\/www.20minutes.fr\/dossier\/lea_salame\" class=\"color-ultramarine c-link\" rel=\"nofollow noopener\" target=\"_blank\">L\u00e9a Salam\u00e9<\/a> ne sachant comment r\u00e9agir, il enfonce le clou en s\u2019adressant directement \u00e0 Nicolas Bedos\u00a0: \u00ab\u00a0Tu ne le sais pas, je viens de le d\u00e9cider\u2026\u00a0\u00bb<\/p>\n<\/p>\n<p>Vex\u00e9 et le visage ferm\u00e9, l\u2019acteur r\u00e9pond \u00ab\u00a0c\u2019est s\u00e9rieux ce qu\u2019on dit l\u00e0\u00a0\u00bb. Du tac-au-tac, Paul de Saint-Sernin r\u00e9plique en insistant sur le fond de son intervention. \u00ab\u00a0C\u2019est une mani\u00e8re de te montrer que c\u2019est important, le consentement. Je d\u00e9cide que cet argent est revers\u00e9 \u00e0 une association sans te demander ton avis.\u00a0\u00bb La s\u00e9quence se conclut par les applaudissements du public et quelques rires g\u00ean\u00e9s.<\/p>\n<p>En octobre\u00a02024, Nicolas Bedos a \u00e9t\u00e9 <a href=\"https:\/\/www.20minutes.fr\/justice\/4117029-20241022-agression-sexuelle-nicolas-bedos-condamne-an-prison-dont-6-mois-sursis\" class=\"color-ultramarine c-link\" rel=\"nofollow noopener\" target=\"_blank\">condamn\u00e9 \u00e0 un an de prison<\/a> dont six mois ferme sous bracelet \u00e9lectronique pour avoir touch\u00e9 une femme \u00e0 l\u2019entrejambe par-dessus son jean et en avoir embrass\u00e9 une autre dans le cou\u2026 sans leur consentement.<\/p>\n<p><script async src=\"https:\/\/platform.twitter.com\/widgets.js\" charset=\"utf-8\"><\/script><\/p>\n","protected":false},"excerpt":{"rendered":"Condamn\u00e9 en octobre\u00a02024 pour des agressions sexuelles sur deux femmes, Nicolas Bedos \u00e9tait pr\u00e9sent dans l\u2019\u00e9mission \u00ab\u00a0Quelle \u00e9poque\u00a0!\u00a0\u00bb&hellip;\n","protected":false},"author":2,"featured_media":74134,"comment_status":"","ping_status":"","sticky":false,"template":"","format":"standard","meta":{"footnotes":""},"categories":[1357],"tags":[1379,58,59,1011,27,3806,1380,16083,896,797,799],"class_list":{"0":"post-74133","1":"post","2":"type-post","3":"status-publish","4":"format-standard","5":"has-post-thumbnail","7":"category-livres","8":"tag-books","9":"tag-divertissement","10":"tag-entertainment","11":"tag-fr","12":"tag-france","13":"tag-lea-salame","14":"tag-livres","15":"tag-nicolas-bedos","16":"tag-tas-vu","17":"tag-violences-faites-aux-femmes","18":"tag-violences-sexuelles"},"share_on_mastodon":{"url":"https:\/\/pubeurope.com\/@fr\/114449358753225690","error":""},"_links":{"self":[{"href":"https:\/\/www.europesays.com\/fr\/wp-json\/wp\/v2\/posts\/74133","targetHints":{"allow":["GET"]}}],"collection":[{"href":"https:\/\/www.europesays.com\/fr\/wp-json\/wp\/v2\/posts"}],"about":[{"href":"https:\/\/www.europesays.com\/fr\/wp-json\/wp\/v2\/types\/post"}],"author":[{"embeddable":true,"href":"https:\/\/www.europesays.com\/fr\/wp-json\/wp\/v2\/users\/2"}],"replies":[{"embeddable":true,"href":"https:\/\/www.europesays.com\/fr\/wp-json\/wp\/v2\/comments?post=74133"}],"version-history":[{"count":0,"href":"https:\/\/www.europesays.com\/fr\/wp-json\/wp\/v2\/posts\/74133\/revisions"}],"wp:featuredmedia":[{"embeddable":true,"href":"https:\/\/www.europesays.com\/fr\/wp-json\/wp\/v2\/media\/74134"}],"wp:attachment":[{"href":"https:\/\/www.europesays.com\/fr\/wp-json\/wp\/v2\/media?parent=74133"}],"wp:term":[{"taxonomy":"category","embeddable":true,"href":"https:\/\/www.europesays.com\/fr\/wp-json\/wp\/v2\/categories?post=74133"},{"taxonomy":"post_tag","embeddable":true,"href":"https:\/\/www.europesays.com\/fr\/wp-json\/wp\/v2\/tags?post=74133"}],"curies":[{"name":"wp","href":"https:\/\/api.w.org\/{rel}","templated":true}]}}