{"id":741333,"date":"2026-02-17T19:10:12","date_gmt":"2026-02-17T19:10:12","guid":{"rendered":"https:\/\/www.europesays.com\/fr\/741333\/"},"modified":"2026-02-17T19:10:12","modified_gmt":"2026-02-17T19:10:12","slug":"lallemagne-face-au-dilemme-strategique-lexpress","status":"publish","type":"post","link":"https:\/\/www.europesays.com\/fr\/741333\/","title":{"rendered":"l\u2019Allemagne face au dilemme strat\u00e9gique \u2013 L&rsquo;Express"},"content":{"rendered":"<p class=\"paragraph article-body-paragraph article__item   article-body-paragraph--first \">\u00ab\u00a0J\u2019ai entam\u00e9 des discussions confidentielles avec le pr\u00e9sident fran\u00e7ais au sujet de la <a href=\"https:\/\/www.lexpress.fr\/monde\/europe\/emmanuel-macron-et-la-dissuasion-nucleaire-avec-ses-partenaires-la-france-pourrait-savancer-F4V3LY7UZFAUZBFNTZXMPJ2MZQ\/\" target=\"_self\" rel=\"nofollow noopener\" title=\"https:\/\/www.lexpress.fr\/monde\/europe\/emmanuel-macron-et-la-dissuasion-nucleaire-avec-ses-partenaires-la-france-pourrait-savancer-F4V3LY7UZFAUZBFNTZXMPJ2MZQ\/\">dissuasion nucl\u00e9aire europ\u00e9enne<\/a>\u00ab\u00a0, a d\u00e9clar\u00e9 le chancelier allemand <a href=\"https:\/\/www.lexpress.fr\/monde\/europe\/defense-europeenne-emmanuel-macron-parle-friedrich-merz-agit-OHMYAHMX7FCFREUSZKPDARKRPI\/\" target=\"_self\" rel=\"nofollow noopener\" title=\"https:\/\/www.lexpress.fr\/monde\/europe\/defense-europeenne-emmanuel-macron-parle-friedrich-merz-agit-OHMYAHMX7FCFREUSZKPDARKRPI\/\">Friedrich Merz <\/a>le 13 f\u00e9vrier, en marge de la Conf\u00e9rence sur la s\u00e9curit\u00e9 de Munich (MSC). Une phrase qui relance un d\u00e9bat sensible, \u00e0 mesure que <a href=\"https:\/\/www.lexpress.fr\/monde\/europe\/luuk-van-middelaar-leurope-a-longtemps-cru-a-un-universalisme-naif-TNHEXTOSTBGODHBX3WTFM3O7L4\/\" target=\"_self\" rel=\"nofollow noopener\" title=\"https:\/\/www.lexpress.fr\/monde\/europe\/luuk-van-middelaar-leurope-a-longtemps-cru-a-un-universalisme-naif-TNHEXTOSTBGODHBX3WTFM3O7L4\/\">l\u2019Europe<\/a> se retrouve prise en \u00e9tau entre la <a href=\"https:\/\/www.lexpress.fr\/monde\/europe\/menace-russe-en-europe-lombre-de-wagner-derriere-des-operations-de-sabotage-7LZ7J2QTMZFM5OZBDCHHH34W4Q\/\" target=\"_self\" rel=\"nofollow noopener\" title=\"https:\/\/www.lexpress.fr\/monde\/europe\/menace-russe-en-europe-lombre-de-wagner-derriere-des-operations-de-sabotage-7LZ7J2QTMZFM5OZBDCHHH34W4Q\/\">menace russe<\/a> et un soutien am\u00e9ricain jug\u00e9 moins pr\u00e9visible.<\/p>\n<p class=\"paragraph article-body-paragraph article__item   \">\u00c0 Munich, la question nucl\u00e9aire s\u2019est impos\u00e9e comme un sujet central. En filigrane : faut-il renforcer un \u00ab\u00a0parapluie nucl\u00e9aire europ\u00e9en\u00a0\u00bb autour des capacit\u00e9s fran\u00e7aises et britanniques, en compl\u00e9ment \u2014 ou en alternative partielle \u2014 \u00e0 la protection am\u00e9ricaine via <a href=\"https:\/\/www.lexpress.fr\/monde\/europe\/menace-russe-quand-un-wargame-souligne-les-failles-de-lotan-et-de-leurope-NSPS4SAGSVCQFEHWZEEHFNBIQE\/\" target=\"_self\" rel=\"nofollow noopener\" title=\"https:\/\/www.lexpress.fr\/monde\/europe\/menace-russe-quand-un-wargame-souligne-les-failles-de-lotan-et-de-leurope-NSPS4SAGSVCQFEHWZEEHFNBIQE\/\">l\u2019Otan<\/a> ?<\/p>\n<p><strong class=\"article-body-link-list__item text-gray-800 article-body-link-list__item--one-item\">LIRE AUSSI : <a class=\"article-body-link-list__item-link\" href=\"https:\/\/www.lexpress.fr\/monde\/europe\/notre-adhesion-peut-devenir-une-carte-geopolitique-pour-lue-le-plaidoyer-du-ministre-albanais-de-la-ICCKSOV5XZHK7P6PV3U57UJSSU\/\" rel=\"nofollow noopener\" target=\"_blank\">\u00ab\u00a0Notre adh\u00e9sion peut devenir une carte g\u00e9opolitique pour l&rsquo;UE\u00a0\u00bb : le plaidoyer du ministre albanais de la D\u00e9fense<\/a><\/strong><\/p>\n<p class=\"paragraph article-body-paragraph article__item   \">Aujourd\u2019hui, la France est la seule <a href=\"https:\/\/www.lexpress.fr\/monde\/europe\/emmanuel-macron-et-la-dissuasion-nucleaire-avec-ses-partenaires-la-france-pourrait-savancer-F4V3LY7UZFAUZBFNTZXMPJ2MZQ\/\" target=\"_self\" rel=\"nofollow noopener\" title=\"https:\/\/www.lexpress.fr\/monde\/europe\/emmanuel-macron-et-la-dissuasion-nucleaire-avec-ses-partenaires-la-france-pourrait-savancer-F4V3LY7UZFAUZBFNTZXMPJ2MZQ\/\">puissance nucl\u00e9aire<\/a> de l\u2019Union europ\u00e9enne disposant d\u2019un arsenal ind\u00e9pendant. <a href=\"https:\/\/www.lexpress.fr\/monde\/europe\/un-mythe-est-brise-humilie-par-donald-trump-le-royaume-uni-se-tourne-vers-la-chine-et-leurope-6ITBUV23FFBRJM4BLZUYB2R5KE\/\" target=\"_self\" rel=\"nofollow noopener\" title=\"https:\/\/www.lexpress.fr\/monde\/europe\/un-mythe-est-brise-humilie-par-donald-trump-le-royaume-uni-se-tourne-vers-la-chine-et-leurope-6ITBUV23FFBRJM4BLZUYB2R5KE\/\">Le Royaume-Uni<\/a>, partenaire cl\u00e9 de l\u2019Alliance atlantique bien que sorti de l\u2019UE, poss\u00e8de \u00e9galement l\u2019arme nucl\u00e9aire. Selon le Stockholm International Peace Research Institute (SIPRI), Paris disposerait d\u2019environ 290 t\u00eates nucl\u00e9aires, Londres de 225. En comparaison, la Russie en compterait plus de 4 300.<\/p>\n<p>La crainte de voir arriver Nigel Farage ou Marine Le Pen<\/p>\n<p class=\"paragraph article-body-paragraph article__item   \">Mais en Allemagne, l\u2019id\u00e9e d\u2019un parapluie europ\u00e9en \u00e9largi ne fait pas consensus. Si Friedrich Merz se dit pr\u00eat \u00e0 explorer cette piste, son propre camp affiche des r\u00e9serves. Le ministre des Affaires \u00e9trang\u00e8res, Johann Wadephul, appelle \u00e0 la prudence. \u00ab\u00a0Il y a assez d\u2019armes nucl\u00e9aires dans le monde\u00a0\u00bb, a-t-il d\u00e9clar\u00e9 sur ARD, estimant que la priorit\u00e9 devrait \u00eatre ailleurs \u2014 notamment dans l\u2019augmentation rapide des budgets de d\u00e9fense des \u00c9tats membres, \u00e0 hauteur de 5 %.<\/p>\n<p><strong class=\"article-body-link-list__item text-gray-800 article-body-link-list__item--one-item\">LIRE AUSSI : <a class=\"article-body-link-list__item-link\" href=\"https:\/\/www.lexpress.fr\/secret-defense\/la-suspicion-est-toujours-la-europeens-et-americains-peinent-a-preserver-le-lien-transatlantique-HPDYNDNDTNEWVHLU5GJD2X6YTY\/\" rel=\"nofollow noopener\" target=\"_blank\">\u00ab\u00a0La suspicion est toujours l\u00e0\u00a0\u00bb : Europ\u00e9ens et Am\u00e9ricains peinent \u00e0 pr\u00e9server le lien transatlantique<\/a><\/strong><\/p>\n<p class=\"paragraph article-body-paragraph article__item   \">Le pr\u00e9sident du groupe parlementaire CDU, Jens Spahn, adopte, lui une autre ligne. Tout en plaidant pour davantage d\u2019autonomie strat\u00e9gique europ\u00e9enne, il s\u2019interroge sur la stabilit\u00e9 politique des partenaires. Dans un entretien \u00e0 Politico, repris par <a href=\"https:\/\/fr.euronews.com\/2026\/02\/17\/un-nouveau-parapluie-nucleaire-pour-leurope-merz-lance-le-debat-avec-macron\" target=\"_blank\" rel=\"nofollow noopener\" title=\"https:\/\/fr.euronews.com\/2026\/02\/17\/un-nouveau-parapluie-nucleaire-pour-leurope-merz-lance-le-debat-avec-macron\">Euronews<\/a>, il \u00e9voque l\u2019hypoth\u00e8se de victoires \u00e9lectorales de <a href=\"https:\/\/www.lexpress.fr\/monde\/nigel-farage-lagent-russe-et-la-poutine-trump-connection-O4JDBC3XRVCPBNEMIBUALXRSJM\/\" target=\"_self\" rel=\"nofollow noopener\" title=\"https:\/\/www.lexpress.fr\/monde\/nigel-farage-lagent-russe-et-la-poutine-trump-connection-O4JDBC3XRVCPBNEMIBUALXRSJM\/\">Nigel Farage<\/a> au Royaume-Uni ou de <a href=\"https:\/\/www.lexpress.fr\/politique\/marine-le-pen-et-jordan-bardella-le-choc-des-photos-le-poids-des-mots-LYM2UJW6LBBCXBK665YCFEOGQ4\/\" target=\"_self\" rel=\"nofollow noopener\" title=\"https:\/\/www.lexpress.fr\/politique\/marine-le-pen-et-jordan-bardella-le-choc-des-photos-le-poids-des-mots-LYM2UJW6LBBCXBK665YCFEOGQ4\/\">Marine Le Pen<\/a> en France : \u00ab\u00a0Je ne sais pas si je veux compter sur eux\u00a0\u00bb, a-t-il d\u00e9clar\u00e9, soulignant la fragilit\u00e9 potentielle d\u2019un dispositif d\u00e9pendant de futurs dirigeants.<\/p>\n<p>Ne pas donner l&rsquo;impression de tourner le dos aux Etats-Unis<\/p>\n<p class=\"paragraph article-body-paragraph article__item   \"><a href=\"https:\/\/www.lexpress.fr\/monde\/europe\/qui-est-armin-laschet-le-possible-successeur-de-merkel-elu-a-la-tete-de-la-cdu_2142835.html\" target=\"_self\" rel=\"nofollow noopener\" title=\"https:\/\/www.lexpress.fr\/monde\/europe\/qui-est-armin-laschet-le-possible-successeur-de-merkel-elu-a-la-tete-de-la-cdu_2142835.html\">Armin Laschet<\/a>, autre figure de la CDU, juge quant \u00e0 lui le d\u00e9bat non prioritaire. Il met en garde contre le signal envoy\u00e9 \u00e0 Washington : discuter trop ouvertement d\u2019un parapluie europ\u00e9en pourrait \u00eatre per\u00e7u comme un d\u00e9sengagement vis-\u00e0-vis de la protection am\u00e9ricaine. Un \u00e9quilibre d\u00e9licat pour Berlin, qui cherche \u00e0 renforcer la s\u00e9curit\u00e9 europ\u00e9enne sans donner l\u2019impression de tourner le dos aux \u00c9tats-Unis. D\u2019autant que les \u00e9carts de capacit\u00e9s restent consid\u00e9rables : ils ont \u00e0 leur disposition 3 700 ogives nucl\u00e9aires, selon la F\u00e9d\u00e9ration des scientifiques am\u00e9ricains.<\/p>\n<p><strong class=\"article-body-link-list__item text-gray-800 article-body-link-list__item--one-item\">LIRE AUSSI : <a class=\"article-body-link-list__item-link\" href=\"https:\/\/www.lexpress.fr\/monde\/europe\/conference-de-munich-un-an-apres-le-coup-de-tonnerre-de-jd-vance-le-fosse-transatlantique-est-beant-FNPBTJDJ2ZDC7MKDH2Z2PJY3QA\/\" rel=\"nofollow noopener\" target=\"_blank\">Conf\u00e9rence de Munich : un an apr\u00e8s le coup de tonnerre de J.D. Vance, le foss\u00e9 transatlantique est b\u00e9ant<\/a><\/strong><\/p>\n<p class=\"paragraph article-body-paragraph article__item   \">Par ailleurs, les \u00c9tats-Unis maintiennent \u00e9galement des ogives sur le sol europ\u00e9en : 35 en Italie, 15 en <a href=\"https:\/\/www.lexpress.fr\/idees-et-debats\/hitler-se-sentirait-aujourdhui-comme-un-poisson-dans-leau-lalerte-de-lhistorien-timothy-ryback-S54DRP5HSJAE7J5MOO5IPY575E\/\" target=\"_self\" rel=\"nofollow noopener\" title=\"https:\/\/www.lexpress.fr\/idees-et-debats\/hitler-se-sentirait-aujourdhui-comme-un-poisson-dans-leau-lalerte-de-lhistorien-timothy-ryback-S54DRP5HSJAE7J5MOO5IPY575E\/\">Allemagne<\/a>, aux Pays-Bas et en Belgique, et 20 en Turquie, dans le cadre de la dissuasion de l\u2019Otan. \u00ab\u00a0L\u2019Otan, elle, dispose d\u2019un syst\u00e8me de contr\u00f4le partag\u00e9 avec les pays h\u00f4tes pour les armes nucl\u00e9aires am\u00e9ricaines qui sont stationn\u00e9es dans certains pays europ\u00e9ens. Ainsi, l\u2019accord de Berlin est n\u00e9cessaire pour l\u2019utilisation des armes stationn\u00e9es en Allemagne\u00a0\u00bb, expliquait dans <a href=\"https:\/\/www.lexpress.fr\/monde\/europe\/emmanuel-macron-et-la-dissuasion-nucleaire-avec-ses-partenaires-la-france-pourrait-savancer-F4V3LY7UZFAUZBFNTZXMPJ2MZQ\/\" target=\"_self\" rel=\"nofollow noopener\" title=\"https:\/\/www.lexpress.fr\/monde\/europe\/emmanuel-macron-et-la-dissuasion-nucleaire-avec-ses-partenaires-la-france-pourrait-savancer-F4V3LY7UZFAUZBFNTZXMPJ2MZQ\/\">L&rsquo;Express<\/a>, Emmanuelle Maitre, qui travaille \u00e0 la Fondation pour la recherche strat\u00e9gique (FRS) \u00e0 Paris.<\/p>\n<p class=\"paragraph article-body-paragraph article__item    article__text__endpicto\">Ainsi, la dissuasion europ\u00e9enne resterait un compl\u00e9ment et non un substitut \u00e0 la protection outre-Atlantique. Entre volont\u00e9 d\u2019autonomie strat\u00e9gique et attachement au parapluie am\u00e9ricain, l\u2019Allemagne avance donc sur une ligne de cr\u00eate.<\/p>\n","protected":false},"excerpt":{"rendered":"\u00ab\u00a0J\u2019ai entam\u00e9 des discussions confidentielles avec le pr\u00e9sident fran\u00e7ais au sujet de la dissuasion nucl\u00e9aire europ\u00e9enne\u00ab\u00a0, a d\u00e9clar\u00e9&hellip;\n","protected":false},"author":2,"featured_media":741334,"comment_status":"","ping_status":"","sticky":false,"template":"","format":"standard","meta":{"footnotes":"","_share_on_mastodon":"0"},"categories":[1587],"tags":[11,672,1804,1805,1803,1777,674,1801,74,12,1802],"class_list":["post-741333","post","type-post","status-publish","format-standard","has-post-thumbnail","category-allemagne","tag-actualites","tag-allemagne","tag-bundesrepublik-deutschland","tag-de","tag-deutschland","tag-eu","tag-europe","tag-germany","tag-monde","tag-news","tag-republique-federale-dallemagne"],"share_on_mastodon":{"url":"https:\/\/pubeurope.com\/@fr\/116087555722018854","error":""},"_links":{"self":[{"href":"https:\/\/www.europesays.com\/fr\/wp-json\/wp\/v2\/posts\/741333","targetHints":{"allow":["GET"]}}],"collection":[{"href":"https:\/\/www.europesays.com\/fr\/wp-json\/wp\/v2\/posts"}],"about":[{"href":"https:\/\/www.europesays.com\/fr\/wp-json\/wp\/v2\/types\/post"}],"author":[{"embeddable":true,"href":"https:\/\/www.europesays.com\/fr\/wp-json\/wp\/v2\/users\/2"}],"replies":[{"embeddable":true,"href":"https:\/\/www.europesays.com\/fr\/wp-json\/wp\/v2\/comments?post=741333"}],"version-history":[{"count":0,"href":"https:\/\/www.europesays.com\/fr\/wp-json\/wp\/v2\/posts\/741333\/revisions"}],"wp:featuredmedia":[{"embeddable":true,"href":"https:\/\/www.europesays.com\/fr\/wp-json\/wp\/v2\/media\/741334"}],"wp:attachment":[{"href":"https:\/\/www.europesays.com\/fr\/wp-json\/wp\/v2\/media?parent=741333"}],"wp:term":[{"taxonomy":"category","embeddable":true,"href":"https:\/\/www.europesays.com\/fr\/wp-json\/wp\/v2\/categories?post=741333"},{"taxonomy":"post_tag","embeddable":true,"href":"https:\/\/www.europesays.com\/fr\/wp-json\/wp\/v2\/tags?post=741333"}],"curies":[{"name":"wp","href":"https:\/\/api.w.org\/{rel}","templated":true}]}}