{"id":741627,"date":"2026-02-17T22:53:10","date_gmt":"2026-02-17T22:53:10","guid":{"rendered":"https:\/\/www.europesays.com\/fr\/741627\/"},"modified":"2026-02-17T22:53:10","modified_gmt":"2026-02-17T22:53:10","slug":"boulevard-marbeuf-le-projet-immobilier-doit-etre-regularise","status":"publish","type":"post","link":"https:\/\/www.europesays.com\/fr\/741627\/","title":{"rendered":"boulevard Marbeuf : le projet immobilier doit \u00eatre r\u00e9gularis\u00e9"},"content":{"rendered":"<p style=\"text-align: justify;\" data-start=\"0\" data-end=\"375\">Plusieurs Rennais ont saisi la justice pour faire annuler le permis de construire d\u00e9livr\u00e9 le 29 mai 2024 par la ville de Rennes \u00e0 la SCCV Marbeuf. Ils contestaient la hauteur d\u2019un projet immobilier de 37 logements, son impact sur le quartier de la route de Lorient et diverses irr\u00e9gularit\u00e9s. Le 12 f\u00e9vrier dernier, le tribunal administratif a donn\u00e9 raison, sur l\u2019essentiel, \u00e0 la municipalit\u00e9 et au promoteur.<\/p>\n<p style=\"text-align: justify;\" data-start=\"377\" data-end=\"705\">Bien que les deux maisons destin\u00e9es \u00e0 \u00eatre d\u00e9molies soient class\u00e9es \u00ab 1 \u00e9toile \u00bb au titre du patrimoine b\u00e2ti d\u2019int\u00e9r\u00eat local, le projet est jug\u00e9 conforme. Il pr\u00e9voit de r\u00e9utiliser les pierres des fa\u00e7ades pour la nouvelle cl\u00f4ture et pr\u00e9sente, selon le tribunal, une \u00ab qualit\u00e9 architecturale av\u00e9r\u00e9e \u00bb. Par-del\u00e0 cet aspect, le b\u00e2timent est consid\u00e9r\u00e9 comme compatible avec son environnement. Pour les juges, le quartier comprend d\u00e9j\u00e0 des immeubles de tailles vari\u00e9es, dont certains sont comparables au programme. \u00ab Aucune atteinte au paysage urbain n\u2019est retenue\u00bb, pr\u00e9cisent les magistrats.<\/p>\n<p style=\"text-align: justify;\" data-start=\"1091\" data-end=\"1484\">Un point, toutefois, conduit \u00e0 une annulation partielle. Le tribunal rel\u00e8ve une irr\u00e9gularit\u00e9 concernant la hauteur du nouveau mur de cl\u00f4ture en pierre, pr\u00e9vu sur la partie Est du terrain, le long du boulevard Marbeuf. Cet ouvrage ne s\u2019aligne ni avec celui conserv\u00e9 sur le site, ni avec celui de la propri\u00e9t\u00e9 voisine. Bref, sa taille \u00ab ne permet pas d\u2019harmoniser correctement \u00bb le boulevard. Le permis est donc annul\u00e9 uniquement sur cette partie. Le reste du projet \u2014 l\u2019immeuble de 37 logements \u2014 est maintenu. Le promoteur dispose de trois mois pour d\u00e9poser un permis modificatif.<\/p>\n<p data-start=\"2884\" data-end=\"3010\" data-is-last-node=\"\" data-is-only-node=\"\">\u00a0<\/p>\n","protected":false},"excerpt":{"rendered":"Plusieurs Rennais ont saisi la justice pour faire annuler le permis de construire d\u00e9livr\u00e9 le 29 mai 2024&hellip;\n","protected":false},"author":2,"featured_media":741628,"comment_status":"","ping_status":"","sticky":false,"template":"","format":"standard","meta":{"footnotes":"","_share_on_mastodon":"0"},"categories":[2821],"tags":[1111,11,829,1777,674,1011,27,12,584,25],"class_list":["post-741627","post","type-post","status-publish","format-standard","has-post-thumbnail","category-rennes","tag-actu","tag-actualites","tag-bretagne","tag-eu","tag-europe","tag-fr","tag-france","tag-news","tag-rennes","tag-republique-francaise"],"share_on_mastodon":{"url":"https:\/\/pubeurope.com\/@fr\/116088433466270205","error":""},"_links":{"self":[{"href":"https:\/\/www.europesays.com\/fr\/wp-json\/wp\/v2\/posts\/741627","targetHints":{"allow":["GET"]}}],"collection":[{"href":"https:\/\/www.europesays.com\/fr\/wp-json\/wp\/v2\/posts"}],"about":[{"href":"https:\/\/www.europesays.com\/fr\/wp-json\/wp\/v2\/types\/post"}],"author":[{"embeddable":true,"href":"https:\/\/www.europesays.com\/fr\/wp-json\/wp\/v2\/users\/2"}],"replies":[{"embeddable":true,"href":"https:\/\/www.europesays.com\/fr\/wp-json\/wp\/v2\/comments?post=741627"}],"version-history":[{"count":0,"href":"https:\/\/www.europesays.com\/fr\/wp-json\/wp\/v2\/posts\/741627\/revisions"}],"wp:featuredmedia":[{"embeddable":true,"href":"https:\/\/www.europesays.com\/fr\/wp-json\/wp\/v2\/media\/741628"}],"wp:attachment":[{"href":"https:\/\/www.europesays.com\/fr\/wp-json\/wp\/v2\/media?parent=741627"}],"wp:term":[{"taxonomy":"category","embeddable":true,"href":"https:\/\/www.europesays.com\/fr\/wp-json\/wp\/v2\/categories?post=741627"},{"taxonomy":"post_tag","embeddable":true,"href":"https:\/\/www.europesays.com\/fr\/wp-json\/wp\/v2\/tags?post=741627"}],"curies":[{"name":"wp","href":"https:\/\/api.w.org\/{rel}","templated":true}]}}