{"id":74177,"date":"2025-05-04T12:05:17","date_gmt":"2025-05-04T12:05:17","guid":{"rendered":"https:\/\/www.europesays.com\/fr\/74177\/"},"modified":"2025-05-04T12:05:17","modified_gmt":"2025-05-04T12:05:17","slug":"saint-aignan-de-grandlieu-stages-de-pastel-et-aquarelle-avec-deux-artistes-boliviennes","status":"publish","type":"post","link":"https:\/\/www.europesays.com\/fr\/74177\/","title":{"rendered":"Saint-Aignan-de-Grandlieu. Stages de pastel et aquarelle avec deux artistes boliviennes"},"content":{"rendered":"<p>Deux artistes boliviennes, Rosmery Mamani Ventura, pastelliste et Rina Mamani Limachi, aquarelliste, actuellement en France, feront une d\u00e9monstration de leur art jeudi, \u00e0 l\u2019Espace vie locale. Un stage de trois jours avec chacune d\u2019elles, respectivement de pastels et d\u2019aquarelle, sera propos\u00e9.<\/p>\n<p>Rosmery Mamani Ventura est consid\u00e9r\u00e9e comme l\u2019une des artistes contemporaines majeure en Am\u00e9rique du Sud. Elle d\u00e9crit avec une grande sensibilit\u00e9 la soci\u00e9t\u00e9 \u00e0 travers les portraits hyperr\u00e9alistes d\u2019hommes et de femmes du quotidien. De nombreux collectionneurs d\u2019art recherchent ses \u0153uvres car elles se font rares.<\/p>\n<p>En Bolivie, Rina Mamani a fr\u00e9quent\u00e9 l\u2019\u00e9cole municipale des arts, o\u00f9 elle a re\u00e7u une formation aupr\u00e8s du ma\u00eetre aquarelliste bolivien, Ricardo Perez Alcal\u00e1. Rina aime utiliser l\u2019huile, l\u2019acrylique ou le pastel, mais privil\u00e9gie fortement l\u2019aquarelle comme m\u00e9dium de pr\u00e9dilection. Les natures mortes de Rina transcendent la simple repr\u00e9sentation des objets.<\/p>\n<p>Jeudi 8\u00a0mai, d\u00e9monstration de pastel \u00e0 9\u00a0h\u00a030, et d\u2019aquarelle \u00e0 14\u00a0h.<strong class=\"date\"> Vendredi\u00a09, samedi\u00a010 et dimanche 11\u00a0mai,<\/strong> stages de pratique \u00e0 l\u2019espace vie locale. Inscriptions pour les d\u00e9monstrations et les stages par courriel\u00a0: tourneuraetf@gmail.com<\/p>\n<p>\u00a0<\/p>\n","protected":false},"excerpt":{"rendered":"Deux artistes boliviennes, Rosmery Mamani Ventura, pastelliste et Rina Mamani Limachi, aquarelliste, actuellement en France, feront une d\u00e9monstration&hellip;\n","protected":false},"author":2,"featured_media":74178,"comment_status":"","ping_status":"","sticky":false,"template":"","format":"standard","meta":{"footnotes":""},"categories":[2818],"tags":[1111,11,17843,2937,17844,1777,674,1011,27,766,12,17842,2636,25,15126,3272,2064],"class_list":{"0":"post-74177","1":"post","2":"type-post","3":"status-publish","4":"format-standard","5":"has-post-thumbnail","7":"category-nantes","8":"tag-actu","9":"tag-actualites","10":"tag-aquarelle","11":"tag-artistes","12":"tag-boliviennes","13":"tag-eu","14":"tag-europe","15":"tag-fr","16":"tag-france","17":"tag-nantes","18":"tag-news","19":"tag-pastel","20":"tag-pays-de-la-loire","21":"tag-republique-francaise","22":"tag-saint-aignan-de-grandlieu","23":"tag-saint-nazaire","24":"tag-stages"},"share_on_mastodon":{"url":"https:\/\/pubeurope.com\/@fr\/114449476684184868","error":""},"_links":{"self":[{"href":"https:\/\/www.europesays.com\/fr\/wp-json\/wp\/v2\/posts\/74177","targetHints":{"allow":["GET"]}}],"collection":[{"href":"https:\/\/www.europesays.com\/fr\/wp-json\/wp\/v2\/posts"}],"about":[{"href":"https:\/\/www.europesays.com\/fr\/wp-json\/wp\/v2\/types\/post"}],"author":[{"embeddable":true,"href":"https:\/\/www.europesays.com\/fr\/wp-json\/wp\/v2\/users\/2"}],"replies":[{"embeddable":true,"href":"https:\/\/www.europesays.com\/fr\/wp-json\/wp\/v2\/comments?post=74177"}],"version-history":[{"count":0,"href":"https:\/\/www.europesays.com\/fr\/wp-json\/wp\/v2\/posts\/74177\/revisions"}],"wp:featuredmedia":[{"embeddable":true,"href":"https:\/\/www.europesays.com\/fr\/wp-json\/wp\/v2\/media\/74178"}],"wp:attachment":[{"href":"https:\/\/www.europesays.com\/fr\/wp-json\/wp\/v2\/media?parent=74177"}],"wp:term":[{"taxonomy":"category","embeddable":true,"href":"https:\/\/www.europesays.com\/fr\/wp-json\/wp\/v2\/categories?post=74177"},{"taxonomy":"post_tag","embeddable":true,"href":"https:\/\/www.europesays.com\/fr\/wp-json\/wp\/v2\/tags?post=74177"}],"curies":[{"name":"wp","href":"https:\/\/api.w.org\/{rel}","templated":true}]}}