{"id":74179,"date":"2025-05-04T12:06:24","date_gmt":"2025-05-04T12:06:24","guid":{"rendered":"https:\/\/www.europesays.com\/fr\/74179\/"},"modified":"2025-05-04T12:06:24","modified_gmt":"2025-05-04T12:06:24","slug":"un-show-de-stand-up-capte-a-nantes-et-diffuse-dans-toute-la-france-big-city-nantes","status":"publish","type":"post","link":"https:\/\/www.europesays.com\/fr\/74179\/","title":{"rendered":"Un show de stand-up capt\u00e9 \u00e0 Nantes et diffus\u00e9 dans toute la France \u2013 Big City Nantes"},"content":{"rendered":"<p>C\u2019est<strong> l\u2019\u00e9v\u00e9nement humour <\/strong>\u00e0 ne pas manquer. Le<strong> jeudi 15 mai 2025,<\/strong> la soir\u00e9e <strong><a href=\"https:\/\/www.billetweb.fr\/soiree-les-ondes-du-rire\" target=\"_blank\" rel=\"noopener\">Les Ondes du Rire<\/a><\/strong> d\u00e9barque avec huit humoristes talentueux et une collab\u2019 avec la radio nationale <strong>Rire et Chansons ! <\/strong>Oui, oui, toutes les performances seront enregistr\u00e9es en live au <strong>Smile Comedy Club<\/strong> et retransmises \u00e0 l\u2019\u00e9chelle nationale sur Rire et Chansons. Alors si assister \u00e0 l\u2019<strong>enregistrement d\u2019une \u00e9mission radio<\/strong>\u00a0t\u2019intrigue et que tu aimes\u00a0<strong>bien te marrer<\/strong>, ne manque pas la soir\u00e9e ! On te d\u00e9voile le programme \ud83d\ude09<\/p>\n<p>Rire et Chansons x Smile Comedy Club : participe \u00e0 l\u2019enregistrement live d\u2019une \u00e9mission d\u2019humour !<img loading=\"lazy\" decoding=\"async\" width=\"1200\" height=\"628\" src=\"https:\/\/www.europesays.com\/fr\/wp-content\/uploads\/2025\/05\/FB-RIRE-CHANSON-15-MAI-2.jpg\" alt=\"Soir\u00e9e rire et chansons\" class=\"lazyload wp-image-113285\"  data-\/><\/p>\n<p>Depuis plus d\u2019un an, le <strong>Smile Comedy Club<\/strong> (qui fait aussi bar d\u2019ambiance et bar \u00e0 tapas) encha\u00eene les propositions avec des sets, des 30:30, des showcases avec deux objectifs : promouvoir et te faire d\u00e9couvrir les nouvelles p\u00e9pites de l\u2019humour et bien entendu TE FAIRE RIRE\u2026<\/p>\n<p>Le Smile poursuit donc sa lanc\u00e9e en organisant le <strong>jeudi 15 mai <\/strong>prochain <a href=\"https:\/\/www.billetweb.fr\/soiree-les-ondes-du-rire\" target=\"_blank\" rel=\"noopener\"><strong>Les Ondes du Rire<\/strong><\/a><strong>. <\/strong>Une soir\u00e9e d\u2019humour en tout genre bien s\u00fbr, mais une soir\u00e9e pas tout \u00e0 fait comme les autres puisque la radio nationale\u00a0<strong>Rire et Chansons<\/strong>\u00a0viendra enregistrer une \u00e9mission en live et retransmise en direct sur ses ondes nationales\u00a0!<\/p>\n<p>Et ils t\u2019ont concoct\u00e9 une <strong>programmation <\/strong>de talents qui vont te faire vivre une <strong>soir\u00e9e unique<\/strong> : l\u2019humoriste explosif et roi de l\u2019improvisation<strong> Jo Brami<\/strong>, la DRH punchy <strong>St\u00e9phanie Machart<\/strong>, le po\u00e8te provocateur, subtil et incisif <strong>Zaef Maiga<\/strong>, l\u2019imitateur virtuose de personnalit\u00e9s embl\u00e9matiques <strong>Mathieu Schalk<\/strong>, le duo musical humoristique <strong>Les Angoiss\u00e9s<\/strong> (Sarah Normal &amp; Fla), l\u2019observateur hors pair <strong>Alain Doumbia<\/strong>, le ph\u00e9nom\u00e8ne tunisien \u00e0 l\u2019humour engag\u00e9 et provocateur <strong>Lotfi Abdelli<\/strong> et l\u2019autoproclam\u00e9e meilleure humoriste du XXIe si\u00e8cle <strong>Jessica Anneet<\/strong>.<\/p>\n<p>\u00c9videmment, il devrait y avoir un petit peu de pression (de la bonne pression) pour montrer \u00e0 la FRANCE enti\u00e8re que les nantais.es sont LE public le plus dr\u00f4le \ud83d\ude09 On va s\u2019attendre \u00e0 tout, mais on est s\u00fbr d\u2019une chose, c\u2019est qu\u2019on risque de bien s\u2019amuser.<\/p>\n<p>Petite pr\u00e9cision :\u00a0<strong>il y aura 2 s\u00e9ances possibles, une \u00e0 19h et l\u2019autre \u00e0 21h<\/strong>.\u00a0Les places\u00a0sont<strong>\u00a0<\/strong>limit\u00e9es, alors fais vite !<\/p>\n<p class=\"has-white-color has-text-color has-background\"> <strong> Infos pratiques<\/strong> <\/p>\n<p><strong>O\u00f9 ?<\/strong>\u00a0\u00a0Smile Comedy Club<br \/><strong>Quand ?<\/strong>\u00a0\u00a0Le jeudi 15 mai 2025<br \/><strong>Horaire(s)<\/strong>\u00a0\u00a019h et 21h<br \/><strong>Tarif(s)<\/strong>\u00a0\u00a0D\u00e8s 15\u20ac<\/p>\n","protected":false},"excerpt":{"rendered":"C\u2019est l\u2019\u00e9v\u00e9nement humour \u00e0 ne pas manquer. Le jeudi 15 mai 2025, la soir\u00e9e Les Ondes du Rire&hellip;\n","protected":false},"author":2,"featured_media":74180,"comment_status":"","ping_status":"","sticky":false,"template":"","format":"standard","meta":{"footnotes":""},"categories":[2818],"tags":[1111,11,1777,674,1011,27,766,12,2636,25,1669,3140,17845],"class_list":{"0":"post-74179","1":"post","2":"type-post","3":"status-publish","4":"format-standard","5":"has-post-thumbnail","7":"category-nantes","8":"tag-actu","9":"tag-actualites","10":"tag-eu","11":"tag-europe","12":"tag-fr","13":"tag-france","14":"tag-nantes","15":"tag-news","16":"tag-pays-de-la-loire","17":"tag-republique-francaise","18":"tag-sorties","19":"tag-spectacle","20":"tag-standup"},"share_on_mastodon":{"url":"https:\/\/pubeurope.com\/@fr\/114449480723748982","error":""},"_links":{"self":[{"href":"https:\/\/www.europesays.com\/fr\/wp-json\/wp\/v2\/posts\/74179","targetHints":{"allow":["GET"]}}],"collection":[{"href":"https:\/\/www.europesays.com\/fr\/wp-json\/wp\/v2\/posts"}],"about":[{"href":"https:\/\/www.europesays.com\/fr\/wp-json\/wp\/v2\/types\/post"}],"author":[{"embeddable":true,"href":"https:\/\/www.europesays.com\/fr\/wp-json\/wp\/v2\/users\/2"}],"replies":[{"embeddable":true,"href":"https:\/\/www.europesays.com\/fr\/wp-json\/wp\/v2\/comments?post=74179"}],"version-history":[{"count":0,"href":"https:\/\/www.europesays.com\/fr\/wp-json\/wp\/v2\/posts\/74179\/revisions"}],"wp:featuredmedia":[{"embeddable":true,"href":"https:\/\/www.europesays.com\/fr\/wp-json\/wp\/v2\/media\/74180"}],"wp:attachment":[{"href":"https:\/\/www.europesays.com\/fr\/wp-json\/wp\/v2\/media?parent=74179"}],"wp:term":[{"taxonomy":"category","embeddable":true,"href":"https:\/\/www.europesays.com\/fr\/wp-json\/wp\/v2\/categories?post=74179"},{"taxonomy":"post_tag","embeddable":true,"href":"https:\/\/www.europesays.com\/fr\/wp-json\/wp\/v2\/tags?post=74179"}],"curies":[{"name":"wp","href":"https:\/\/api.w.org\/{rel}","templated":true}]}}