{"id":74195,"date":"2025-05-04T12:15:10","date_gmt":"2025-05-04T12:15:10","guid":{"rendered":"https:\/\/www.europesays.com\/fr\/74195\/"},"modified":"2025-05-04T12:15:10","modified_gmt":"2025-05-04T12:15:10","slug":"lyon-en-toute-discretion-la-cfdt-a-rendu-hommage-a-simonne-gron","status":"publish","type":"post","link":"https:\/\/www.europesays.com\/fr\/74195\/","title":{"rendered":"Lyon. En toute discr\u00e9tion, la CFDT a rendu hommage \u00e0 Simonne Gron"},"content":{"rendered":"<p>Toute sa vie, Simonne Gron aura v\u00e9cu au service des autres. Doyenne du syndicalisme CFDT, ex-responsable de la Jeunesse ouvri\u00e8re chr\u00e9tienne et militante de l\u2019Action catholique ouvri\u00e8re, celle qui est devenue Lyonnaise alors qu\u2019elle \u00e9tait toute petite, s\u2019est \u00e9teinte lundi 28\u00a0avril, \u00e0 107 ans.<\/p>\n<p>Son premier engagement date de 1936, lorsqu\u2019elle int\u00e8gre la <a href=\"https:\/\/jeunescathoslyon.fr\/groupe\/jeunesse-ouvriere-chretienne-joc\/\" target=\"_blank\" rel=\"noopener\">Jeunesse ouvri\u00e8re Chr\u00e9tienne\u00a0f\u00e9minine<\/a> (JOC) \u00e0 Lyon.\u00a0Un chemin qu\u2019elle suivra\u00a0avec son mari, Marcel, leurs trois enfants et de nombreux petits-enfants. Vendeuse des magasins lyonnais, Simonne Gron est devenue militante CFTC, puis secr\u00e9taire du Syndicat lyonnais des industries chimiques (Slic-CFDT).<\/p>\n<p>  Au Conseil de vie sociale de la r\u00e9sidence Saint-Fran\u00e7ois d\u2019Assise<\/p>\n<p>Retrait\u00e9e, elle a poursuivi son action avec la CFDT des retrait\u00e9s du Rh\u00f4ne et plus localement\u00a0avec l\u2019Union locale CFDT des retrait\u00e9s Lyon 4e et plateau. Dans <a href=\"https:\/\/www.leprogres.fr\/culture-loisirs\/2021\/07\/06\/l-ehpad-saint-francois-d-assise-fete-ses-dix-ans\" target=\"_blank\" rel=\"noopener\">la r\u00e9sidence pour personnes \u00e2g\u00e9es Saint-Fran\u00e7ois d\u2019Assise<\/a> , o\u00f9 elle s\u2019est \u00e9teinte, Simonne Gron portait toujours la parole et les attentes des personnes \u00e2g\u00e9es au sein du Conseil de vie sociale.<\/p>\n<p>\u00ab\u00a0Un hommage tr\u00e8s simple, fid\u00e8le \u00e0 sa personne, lui a \u00e9t\u00e9 rendu vendredi 2\u00a0mai en l\u2018\u00e9glise Saint-Augustin sur le plateau de la Croix-Rousse, puis dans le cimeti\u00e8re ancien de Loyasse, sur les pentes de Fourvi\u00e8re\u00a0\u00bb, indique dans un communiqu\u00e9 Jean-Fran\u00e7ois Cullafroz-Dalla Riva, militant CFDT et journaliste.<\/p>\n","protected":false},"excerpt":{"rendered":"Toute sa vie, Simonne Gron aura v\u00e9cu au service des autres. Doyenne du syndicalisme CFDT, ex-responsable de la&hellip;\n","protected":false},"author":2,"featured_media":74196,"comment_status":"","ping_status":"","sticky":false,"template":"","format":"standard","meta":{"footnotes":""},"categories":[1889],"tags":[1111,11,2430,9223,2757,1777,674,1011,27,2428,2756,1391,12,25,801,104],"class_list":{"0":"post-74195","1":"post","2":"type-post","3":"status-publish","4":"format-standard","5":"has-post-thumbnail","7":"category-lyon","8":"tag-actu","9":"tag-actualites","10":"tag-auvergne-rhone-alpes","11":"tag-carnet-du-jour","12":"tag-edition-lyon-villeurbanne","13":"tag-eu","14":"tag-europe","15":"tag-fr","16":"tag-france","17":"tag-lyon","18":"tag-lyon-bassin","19":"tag-necrologie","20":"tag-news","21":"tag-republique-francaise","22":"tag-social","23":"tag-societe"},"share_on_mastodon":{"url":"https:\/\/pubeurope.com\/@fr\/114449516090816069","error":""},"_links":{"self":[{"href":"https:\/\/www.europesays.com\/fr\/wp-json\/wp\/v2\/posts\/74195","targetHints":{"allow":["GET"]}}],"collection":[{"href":"https:\/\/www.europesays.com\/fr\/wp-json\/wp\/v2\/posts"}],"about":[{"href":"https:\/\/www.europesays.com\/fr\/wp-json\/wp\/v2\/types\/post"}],"author":[{"embeddable":true,"href":"https:\/\/www.europesays.com\/fr\/wp-json\/wp\/v2\/users\/2"}],"replies":[{"embeddable":true,"href":"https:\/\/www.europesays.com\/fr\/wp-json\/wp\/v2\/comments?post=74195"}],"version-history":[{"count":0,"href":"https:\/\/www.europesays.com\/fr\/wp-json\/wp\/v2\/posts\/74195\/revisions"}],"wp:featuredmedia":[{"embeddable":true,"href":"https:\/\/www.europesays.com\/fr\/wp-json\/wp\/v2\/media\/74196"}],"wp:attachment":[{"href":"https:\/\/www.europesays.com\/fr\/wp-json\/wp\/v2\/media?parent=74195"}],"wp:term":[{"taxonomy":"category","embeddable":true,"href":"https:\/\/www.europesays.com\/fr\/wp-json\/wp\/v2\/categories?post=74195"},{"taxonomy":"post_tag","embeddable":true,"href":"https:\/\/www.europesays.com\/fr\/wp-json\/wp\/v2\/tags?post=74195"}],"curies":[{"name":"wp","href":"https:\/\/api.w.org\/{rel}","templated":true}]}}