{"id":74211,"date":"2025-05-04T12:23:08","date_gmt":"2025-05-04T12:23:08","guid":{"rendered":"https:\/\/www.europesays.com\/fr\/74211\/"},"modified":"2025-05-04T12:23:08","modified_gmt":"2025-05-04T12:23:08","slug":"le-president-chinois-xi-jinping-en-visite-officielle-en-russie-du-7-au-10-mai","status":"publish","type":"post","link":"https:\/\/www.europesays.com\/fr\/74211\/","title":{"rendered":"Le pr\u00e9sident chinois Xi Jinping en visite officielle en Russie du 7 au 10\u00a0mai"},"content":{"rendered":"<p>Le pr\u00e9sident chinois Xi Jinping sera bien en Russie la semaine prochaine, en marge des c\u00e9l\u00e9brations des 80\u00a0ans de la victoire des Alli\u00e9s\u00a0face \u00e0 l\u2019Allemagne nazie en 1945. Le Kremlin et l\u2019agence officielle Chine nouvelle ont confirm\u00e9 dimanche 4\u00a0mai 2025 ce d\u00e9placement officiel qui aura lieu du 7 au 10\u00a0mai. Les c\u00e9l\u00e9brations des 80\u00a0ans de la fin de la Seconde guerre mondiale en Europe sont pr\u00e9vues le vendredi 9\u00a0mai \u00e0 Moscou.<\/p>\n<p>Samedi, lors d\u2019une interview avec des journalistes, <a href=\"https:\/\/rennes.maville.com\/actu\/actudet_-carte.-guerre-en-ukraine-le-defile-du-9-mai-menace-sanctions-contre-la-russie...-le-point-du-jour-_54135-6791593_actu.Htm\" target=\"_self\" rel=\"noopener\">Volodymyr Zelensky avait d\u00e9clar\u00e9 que Kiev ne pouvait garantir<strong> \u00ab\u00a0la s\u00e9curit\u00e9\u00a0\u00bb<\/strong> des dirigeants internationaux pr\u00e9sents ce jour-l\u00e0 \u00e0 Moscou<\/a>. Une d\u00e9claration qui avait provoqu\u00e9 la col\u00e8re de Moscou qui avait accus\u00e9 en retour le pr\u00e9sident ukrainien\u00a0de menacer la s\u00e9curit\u00e9 de ses comm\u00e9morations. Vladimir Poutine avait propos\u00e9 une tr\u00eave avec l\u2019Ukraine du 8 au 10 mai.<\/p>\n<p>Un renforcement de l\u2019alliance entre la Chine et la Russie<\/p>\n<p>Dans un communiqu\u00e9 diffus\u00e9 sur l\u2019application de messagerie Telegram, le Kremlin a par ailleurs d\u00e9clar\u00e9 que Xi Jinping et son homologue russe Vladimir Poutine discuteraient \u00e0 l\u2019occasion de ce d\u00e9placement du renforcement du partenariat strat\u00e9gique entre les deux pays. <strong>\u00ab Il est pr\u00e9vu qu\u2019une s\u00e9rie de documents bilat\u00e9raux, entre les gouvernements et les minist\u00e8res (russes et chinois, NDLR), soit sign\u00e9e \u00bb,<\/strong> ajoute le Kremlin.<\/p>\n<p>Cette visite vient illustrer l\u2019alliance entre la Russie et la Chine alors que P\u00e9kin est en pleine confrontation commerciale avec Washington. Dimanche, \u00e0 la t\u00e9l\u00e9vision chinoise, un porte-parole du minist\u00e8re chinois des Affaires \u00e9trang\u00e8res a soulign\u00e9 les liens historiques et strat\u00e9giques entre les deux pays et ajout\u00e9 que Xi Jinping s\u2019entretiendra avec Vladimir Poutine alors que <strong>\u00ab l\u2019ordre international conna\u00eet actuellement de profonds ajustements \u00bb.<\/strong><\/p>\n<p>\u00a0<\/p>\n","protected":false},"excerpt":{"rendered":"Le pr\u00e9sident chinois Xi Jinping sera bien en Russie la semaine prochaine, en marge des c\u00e9l\u00e9brations des 80\u00a0ans&hellip;\n","protected":false},"author":2,"featured_media":74212,"comment_status":"","ping_status":"","sticky":false,"template":"","format":"standard","meta":{"footnotes":""},"categories":[1591],"tags":[5481,3691,11,17848,1887,17850,17660,2565,12,3986,4919,1885,1886,132,510,17849],"class_list":{"0":"post-74211","1":"post","2":"type-post","3":"status-publish","4":"format-standard","5":"has-post-thumbnail","7":"category-russie","8":"tag-5481","9":"tag-3691","10":"tag-actualites","11":"tag-chinois","12":"tag-federation-de-russie","13":"tag-jinping","14":"tag-lannion-perros","15":"tag-mai","16":"tag-news","17":"tag-officielle","18":"tag-president","19":"tag-russia","20":"tag-russian-federation","21":"tag-russie","22":"tag-visite","23":"tag-xi"},"share_on_mastodon":{"url":"https:\/\/pubeurope.com\/@fr\/114449547460854536","error":""},"_links":{"self":[{"href":"https:\/\/www.europesays.com\/fr\/wp-json\/wp\/v2\/posts\/74211","targetHints":{"allow":["GET"]}}],"collection":[{"href":"https:\/\/www.europesays.com\/fr\/wp-json\/wp\/v2\/posts"}],"about":[{"href":"https:\/\/www.europesays.com\/fr\/wp-json\/wp\/v2\/types\/post"}],"author":[{"embeddable":true,"href":"https:\/\/www.europesays.com\/fr\/wp-json\/wp\/v2\/users\/2"}],"replies":[{"embeddable":true,"href":"https:\/\/www.europesays.com\/fr\/wp-json\/wp\/v2\/comments?post=74211"}],"version-history":[{"count":0,"href":"https:\/\/www.europesays.com\/fr\/wp-json\/wp\/v2\/posts\/74211\/revisions"}],"wp:featuredmedia":[{"embeddable":true,"href":"https:\/\/www.europesays.com\/fr\/wp-json\/wp\/v2\/media\/74212"}],"wp:attachment":[{"href":"https:\/\/www.europesays.com\/fr\/wp-json\/wp\/v2\/media?parent=74211"}],"wp:term":[{"taxonomy":"category","embeddable":true,"href":"https:\/\/www.europesays.com\/fr\/wp-json\/wp\/v2\/categories?post=74211"},{"taxonomy":"post_tag","embeddable":true,"href":"https:\/\/www.europesays.com\/fr\/wp-json\/wp\/v2\/tags?post=74211"}],"curies":[{"name":"wp","href":"https:\/\/api.w.org\/{rel}","templated":true}]}}