{"id":74217,"date":"2025-05-04T12:26:09","date_gmt":"2025-05-04T12:26:09","guid":{"rendered":"https:\/\/www.europesays.com\/fr\/74217\/"},"modified":"2025-05-04T12:26:09","modified_gmt":"2025-05-04T12:26:09","slug":"royaume-uni-quatorze-enfants-arretes-apres-la-mort-dun-adolescent-dans-un-incendie","status":"publish","type":"post","link":"https:\/\/www.europesays.com\/fr\/74217\/","title":{"rendered":"Royaume-Uni: quatorze enfants arr\u00eat\u00e9s apr\u00e8s la mort d&rsquo;un adolescent dans un incendie"},"content":{"rendered":"<p class=\"ap-StoryElement ap-StoryElement--mb ap-StoryText\">Selon les premiers \u00e9l\u00e9ments de l&rsquo;enqu\u00eate, le corps de cet adolescent, \u00e2g\u00e9 de 14 ans, a \u00e9t\u00e9 d\u00e9couvert par les pompiers dans une zone industrielle de Gateshead, banlieue de Newscatle, o\u00f9 ils avaient \u00e9t\u00e9 appel\u00e9s vendredi soir.<\/p>\n<p class=\"ap-StoryElement ap-StoryElement--mb ap-StoryText\">Un incendie s&rsquo;y \u00e9tait d\u00e9clar\u00e9 aux alentours de 20h00, heure locale.<\/p>\n<p class=\"ap-StoryElement ap-StoryElement--mb ap-StoryText\">Samedi soir, la police a annonc\u00e9 avoir proc\u00e9d\u00e9 \u00e0 l&rsquo;arrestation de quatorze enfants -onze gar\u00e7ons et trois filles- \u00e2g\u00e9s de 11 \u00e0 14 ans. Ils sont soup\u00e7onn\u00e9s \u00ab\u00a0d&rsquo;homicide involontaire\u00a0\u00bb.<\/p>\n","protected":false},"excerpt":{"rendered":"Selon les premiers \u00e9l\u00e9ments de l&rsquo;enqu\u00eate, le corps de cet adolescent, \u00e2g\u00e9 de 14 ans, a \u00e9t\u00e9 d\u00e9couvert&hellip;\n","protected":false},"author":2,"featured_media":25030,"comment_status":"","ping_status":"","sticky":false,"template":"","format":"standard","meta":{"footnotes":""},"categories":[1588],"tags":[11,1777,674,8639,12,1072,473,1853,1851,1850,1852],"class_list":{"0":"post-74217","1":"post","2":"type-post","3":"status-publish","4":"format-standard","5":"has-post-thumbnail","7":"category-royaume-uni","8":"tag-actualites","9":"tag-eu","10":"tag-europe","11":"tag-judiciaire","12":"tag-news","13":"tag-police","14":"tag-royaume-uni","15":"tag-royaume-uni-de-grande-bretagne-et-dirlande-du-nord","16":"tag-uk","17":"tag-united-kingdom","18":"tag-united-kingdom-of-great-britain-and-northern-ireland"},"share_on_mastodon":{"url":"https:\/\/pubeurope.com\/@fr\/114449559430338032","error":""},"_links":{"self":[{"href":"https:\/\/www.europesays.com\/fr\/wp-json\/wp\/v2\/posts\/74217","targetHints":{"allow":["GET"]}}],"collection":[{"href":"https:\/\/www.europesays.com\/fr\/wp-json\/wp\/v2\/posts"}],"about":[{"href":"https:\/\/www.europesays.com\/fr\/wp-json\/wp\/v2\/types\/post"}],"author":[{"embeddable":true,"href":"https:\/\/www.europesays.com\/fr\/wp-json\/wp\/v2\/users\/2"}],"replies":[{"embeddable":true,"href":"https:\/\/www.europesays.com\/fr\/wp-json\/wp\/v2\/comments?post=74217"}],"version-history":[{"count":0,"href":"https:\/\/www.europesays.com\/fr\/wp-json\/wp\/v2\/posts\/74217\/revisions"}],"wp:featuredmedia":[{"embeddable":true,"href":"https:\/\/www.europesays.com\/fr\/wp-json\/wp\/v2\/media\/25030"}],"wp:attachment":[{"href":"https:\/\/www.europesays.com\/fr\/wp-json\/wp\/v2\/media?parent=74217"}],"wp:term":[{"taxonomy":"category","embeddable":true,"href":"https:\/\/www.europesays.com\/fr\/wp-json\/wp\/v2\/categories?post=74217"},{"taxonomy":"post_tag","embeddable":true,"href":"https:\/\/www.europesays.com\/fr\/wp-json\/wp\/v2\/tags?post=74217"}],"curies":[{"name":"wp","href":"https:\/\/api.w.org\/{rel}","templated":true}]}}