{"id":742196,"date":"2026-02-18T06:10:12","date_gmt":"2026-02-18T06:10:12","guid":{"rendered":"https:\/\/www.europesays.com\/fr\/742196\/"},"modified":"2026-02-18T06:10:12","modified_gmt":"2026-02-18T06:10:12","slug":"fermee-depuis-2018-la-plus-vieille-piscine-couverte-de-france-va-rouvrir-apres-un-chantier-colossal","status":"publish","type":"post","link":"https:\/\/www.europesays.com\/fr\/742196\/","title":{"rendered":"ferm\u00e9e depuis 2018, la plus vieille piscine couverte de France va rouvrir apr\u00e8s un chantier colossal"},"content":{"rendered":"<p>                    Par<br \/>\n        <strong><br \/>\n            <a href=\"https:\/\/actu.fr\/auteur\/antoine-grotteria02\" title=\"Consulter tous les articles de Antoine Grotteria\" rel=\"nofollow noopener\" target=\"_blank\">Antoine Grotteria<\/a><br \/>\n                    <\/strong><\/p>\n<p>        Publi\u00e9 le<\/p>\n<p>            18 f\u00e9vr. 2026 \u00e0 6h50        <\/p>\n<p>Un \u00e9v\u00e9nement pour les nageurs parisiens. L\u2019antique <strong>piscine couverte de Ch\u00e2teau-Landon<\/strong>, le <strong>plus vieux site aquatique<\/strong> couvert de <a href=\"https:\/\/actu.fr\/paris\/\" rel=\"nofollow noopener\" target=\"_blank\">Paris<\/a> et de France, va \u00e0 nouveau accueillir du public lundi 23 f\u00e9vrier 2026, apr\u00e8s <strong>sept ans de portes ferm\u00e9es<\/strong>, comme l\u2019a annonc\u00e9 la mairie du 10e arrondissement sur son <a href=\"https:\/\/mairie10.paris.fr\/pages\/sortez-les-maillots-la-piscine-municipale-chateau-landon-rouvre-ses-portes-33776\" rel=\"nofollow noopener\" target=\"_blank\">site<\/a>.<\/p>\n<p>Un nouveau visage<\/p>\n<p class=\" wall-content\">Inaugur\u00e9e en <strong>1884<\/strong>, cette piscine, flanqu\u00e9e de ses balcons qui donnent l\u2019apparence d\u2019un th\u00e9\u00e2tre, ne mesure plus 42 m\u00e8tres de long, comme \u00e0 son origine. Mais son histoire et son visage continuent de fasciner. Pourtant, son architecture a subi les affres de l\u2019usure \u00e0 l\u2019automne 2018. La vieille vo\u00fbte a subi un <strong>incident<\/strong> obligeant la <a href=\"https:\/\/actu.fr\/tag\/mairie-de-paris\" rel=\"nofollow noopener\" target=\"_blank\">Ville de Paris<\/a> \u00e0 fermer l\u2019\u00e9tablissement.<\/p>\n<p class=\" wall-content\">\n<p class=\" wall-content\">Apr\u00e8s plusieurs ann\u00e9es de r\u00e9flexion, un chantier colossal de <strong>14\u00a0millions d\u2019euros<\/strong> a \u00e9t\u00e9 lanc\u00e9 en 2024. Le bassin de 25 m\u00e8tres a \u00e9t\u00e9 conserv\u00e9. Mais son ossature s\u2019est m\u00e9tamorphos\u00e9e, avec une nouvelle cuve en inox. La vo\u00fbte a \u00e9t\u00e9 r\u00e9nov\u00e9e pour \u00e9viter la d\u00e9perdition de chaleur et faire baisser les d\u00e9penses \u00e9nerg\u00e9tiques. En revanche, les nageurs vont retrouver les couleurs originelles, bleu, rouge et jaune.<\/p>\n<p>Nouveau personnel, m\u00eames tarifs<\/p>\n<p class=\" wall-content\">Quelques changements vont certainement susciter la curiosit\u00e9 du public. En lieu et place des agents de la Ville, des salari\u00e9s d\u2019une <strong>soci\u00e9t\u00e9 priv\u00e9e<\/strong> vont \u00eatre charg\u00e9s d\u2019assurer le maintien de la piscine. Une d\u00e9cision qui avait d\u00e9plu aux syndicats et \u00e0 des \u00e9lus de la majorit\u00e9, lors de l\u2019annonce en mai\u00a02025, comme le rapportait alors<a href=\"https:\/\/www.leparisien.fr\/paris-75\/tout-un-symbole-le-passage-au-prive-de-la-plus-vieille-piscine-municipale-de-paris-cree-des-remous-15-06-2025-XYWEL47QSVDKNFDPAIIOFYU77Y.php\" rel=\"nofollow noopener\" target=\"_blank\"> Le Parisien.<\/a><\/p>\n<p class=\" wall-content\">Malgr\u00e9 cette r\u00e9organisation, la Ville ne pr\u00e9voit <strong>pas d\u2019augmentation des tarifs<\/strong>. Ces derniers seront align\u00e9s sur le prix des piscines municipales de Paris. La piscine devrait \u00e9galement accueillir un panel d\u2019activit\u00e9s plus \u00e9largies. Des cours pour femmes enceintes aux s\u00e9ances pour les personnes en situation de handicap, la piscine de Ch\u00e2teau-Landon va se diversifier.<\/p>\n<p class=\" wall-content\">Personnalisez votre actualit\u00e9 en ajoutant vos villes et m\u00e9dias en favori avec <a href=\"https:\/\/moncompte.actu.fr\" title=\"D\u00e9couvez Mon Actu\" rel=\"nofollow noopener\" data-trk=\"{&quot;cta&quot;:{&quot;action&quot;:&quot;https:\\\/\\\/moncompte.actu.fr&quot;,&quot;category&quot;:&quot;mon compte&quot;,&quot;from&quot;:&quot;article footer&quot;,&quot;name&quot;:&quot;Mon actu&quot;,&quot;type&quot;:&quot;cta&quot;}}\" target=\"_blank\">Mon Actu<\/a>.<\/p>\n","protected":false},"excerpt":{"rendered":"Par Antoine Grotteria Publi\u00e9 le 18 f\u00e9vr. 2026 \u00e0 6h50 Un \u00e9v\u00e9nement pour les nageurs parisiens. L\u2019antique piscine&hellip;\n","protected":false},"author":2,"featured_media":742197,"comment_status":"","ping_status":"","sticky":false,"template":"","format":"standard","meta":{"footnotes":"","_share_on_mastodon":"0"},"categories":[1888],"tags":[11,1777,674,1011,27,937,2381,12,626,25,104,2086],"class_list":["post-742196","post","type-post","status-publish","format-standard","has-post-thumbnail","category-paris","tag-actualites","tag-eu","tag-europe","tag-fr","tag-france","tag-histoire","tag-mairie-de-paris","tag-news","tag-paris","tag-republique-francaise","tag-societe","tag-travaux"],"share_on_mastodon":{"url":"https:\/\/pubeurope.com\/@fr\/116090150946698472","error":""},"_links":{"self":[{"href":"https:\/\/www.europesays.com\/fr\/wp-json\/wp\/v2\/posts\/742196","targetHints":{"allow":["GET"]}}],"collection":[{"href":"https:\/\/www.europesays.com\/fr\/wp-json\/wp\/v2\/posts"}],"about":[{"href":"https:\/\/www.europesays.com\/fr\/wp-json\/wp\/v2\/types\/post"}],"author":[{"embeddable":true,"href":"https:\/\/www.europesays.com\/fr\/wp-json\/wp\/v2\/users\/2"}],"replies":[{"embeddable":true,"href":"https:\/\/www.europesays.com\/fr\/wp-json\/wp\/v2\/comments?post=742196"}],"version-history":[{"count":0,"href":"https:\/\/www.europesays.com\/fr\/wp-json\/wp\/v2\/posts\/742196\/revisions"}],"wp:featuredmedia":[{"embeddable":true,"href":"https:\/\/www.europesays.com\/fr\/wp-json\/wp\/v2\/media\/742197"}],"wp:attachment":[{"href":"https:\/\/www.europesays.com\/fr\/wp-json\/wp\/v2\/media?parent=742196"}],"wp:term":[{"taxonomy":"category","embeddable":true,"href":"https:\/\/www.europesays.com\/fr\/wp-json\/wp\/v2\/categories?post=742196"},{"taxonomy":"post_tag","embeddable":true,"href":"https:\/\/www.europesays.com\/fr\/wp-json\/wp\/v2\/tags?post=742196"}],"curies":[{"name":"wp","href":"https:\/\/api.w.org\/{rel}","templated":true}]}}