{"id":74226,"date":"2025-05-04T12:31:11","date_gmt":"2025-05-04T12:31:11","guid":{"rendered":"https:\/\/www.europesays.com\/fr\/74226\/"},"modified":"2025-05-04T12:31:11","modified_gmt":"2025-05-04T12:31:11","slug":"en-direct-proposition-de-referendum-bayrou-cherche-a-faire-un-coup-politique-tacle-bompard-sur-lci","status":"publish","type":"post","link":"https:\/\/www.europesays.com\/fr\/74226\/","title":{"rendered":"EN DIRECT &#8211; Proposition de r\u00e9f\u00e9rendum : Bayrou \u00ab\u00a0cherche \u00e0 faire un coup politique\u00a0\u00bb, tacle Bompard sur LCI"},"content":{"rendered":"<p>Confront\u00e9 \u00e0 un d\u00e9ficit public record, Fran\u00e7ois Bayrou \u00e9voque la possibilit\u00e9 de recourir au r\u00e9f\u00e9rendum pour consulter les Fran\u00e7ais sur les imp\u00f4ts et les d\u00e9penses.Le d\u00e9put\u00e9 LFI Manuel Bompard, invit\u00e9 de L&rsquo;\u00c9v\u00e9nement du dimanche LCI, lui r\u00e9pond.Suivez toute l&rsquo;actualit\u00e9 politique du jour dans ce direct.<a href=\"https:\/\/www.tf1info.fr\/actualite\/francois-bayrou-nomme-premier-ministre-gouvernement-ministres-13846\/\" rel=\"noopener\" class=\"jsx-3118104007 Link jsx-1428418400 jsx-2392744303\" target=\"_blank\"><\/p>\n<p style=\"font-weight:400\" class=\"jsx-1837267516\">Suivez la couverture compl\u00e8te<\/p>\n<p style=\"font-weight:800\" class=\"jsx-1837267516\">Retraites, Alg\u00e9rie, fin de vie\u2026 Le gouvernement Bayrou tente tant bien que mal d&rsquo;avancer<\/p>\n<p><\/a>Minute par minute14:24R\u00c9F\u00c9RENDUM : MACRON TEMPORISE<\/p>\n<p>L&rsquo;entourage du chef de l&rsquo;\u00c9tat explique qu&rsquo;Emmanuel Macron souhaite que le plan de Fran\u00e7ois Bayrou soit pr\u00e9sent\u00e9 avant de se prononcer sur un possible r\u00e9f\u00e9rendum sur la dette du pays.\u00a0<\/p>\n<p>Politique<img decoding=\"async\" src=\"https:\/\/www.europesays.com\/fr\/wp-content\/uploads\/2025\/05\/emmanuel-macron-francois-bayrou-avril-2025-8d3e61-1@1x.jpeg\" alt=\"Le pr\u00e9sident Emmanuel Macron \u00e9change avec son Premier ministre Fran\u00e7ois Bayrou \u00e0 l'\u00c9lys\u00e9e, le 15 avril 2025.\" loading=\"lazy\" importance=\"low\" fetchpriority=\"low\" class=\"\" copyright=\"Sarah Meyssonnier \/ POOL \/ AFP\" aria-hidden=\"true\"\/><\/p>\n<p>Publi\u00e9 aujourd&rsquo;hui \u00e0 14h23<\/p>\n<p>13:27WAUQUIEZ : \u00ab\u00a0PAS BESOIN DE R\u00c9F\u00c9RENDUM\u00a0\u00bb<\/p>\n<p>Le patron des d\u00e9put\u00e9s LR rejette la proposition de r\u00e9f\u00e9rendum sur les finances publiques de Fran\u00e7ois Bayrou. \u00ab\u00a0Il n&rsquo;y a pas besoin de r\u00e9f\u00e9rendum pour savoir que les Fran\u00e7ais en ont assez des augmentations d&rsquo;imp\u00f4ts. Et la seule chose qu&rsquo;on demande au Premier ministre, c&rsquo;est d&rsquo;avoir enfin le courage de s&rsquo;attaquer au gaspillage de l&rsquo;argent public\u00a0\u00bb, d\u00e9clare Laurent Wauquiez sur France 3.<\/p>\n<p>12:53&Prime;IL FAUT FAIRE TOMBER LE GOUVERNEMENT\u00a0\u00bb<\/p>\n<p>\u00ab\u00a0Nous sommes pr\u00eats \u00e0 d\u00e9poser une troisi\u00e8me motion de censure contre le gouvernement\u00a0\u00bb, reconnait Manuel Bompard. \u00ab\u00a0Bien sur qu&rsquo;il faut faire tomber le gouvernement\u00a0\u00bb, ajoute-t-il.\u00a0<\/p>\n<p>12:50MANUEL BOMPARD SUR LA GR\u00c8VE \u00c0 LA SNCF<\/p>\n<p>Sur le mouvement de gr\u00e8ve \u00e0 la SNCF, \u00ab\u00a0on ne parle pas d&rsquo;une semaine noire\u00a0\u00bb, rel\u00e8ve Manuel Bompard. \u00ab\u00a0Vendredi, les enfants sont cens\u00e9s aller \u00e0 l&rsquo;\u00e9cole, le mouvement concerne une minorit\u00e9 de la population. Le pays ne sera pas \u00e0 l&rsquo;arr\u00eat.\u00a0\u00bb \u00ab\u00a0Les salari\u00e9s ont des revendications l\u00e9gitimes\u00a0\u00bb, ajoute le coordinateur de la France insoumise.\u00a0<\/p>\n<p>12:40ARCELORMITTAL<\/p>\n<p>\u00ab\u00a0Evidemment qu&rsquo;il faut nationaliser ArcelorMittal\u00a0\u00bb, assure Manuel Bompard. \u00ab\u00a0Est-ce qu&rsquo;on a besoin de la production d&rsquo;acier en France ? Bien sur. (&#8230;) C&rsquo;est une question de choix politique. On ne fera pas la transition \u00e9cologique en France sans.\u00a0\u00bb<\/p>\n<p>\u00ab\u00a0Si il y a des difficult\u00e9s \u00e9conomiques en France, elle sont d\u2019abord la cons\u00e9quence des politiques de nos gouvernements\u00a0\u00bb, estime l&rsquo;\u00e9lu LFI. \u00ab\u00a0Il faut relancer les investissements dans les secteurs porteurs et non pas une politique d\u2019aust\u00e9rit\u00e9. La politique de Trump est dangereuse pour l\u2019\u00e9conomie am\u00e9ricaine et pour l\u2019Europe. Il faut r\u00e9pondre, par exemple en attaquant le c\u0153ur du syst\u00e8me am\u00e9ricain, avec une taxe GAFA.\u00a0\u00bb<\/p>\n<p>12:37SUPPRESSION DES AGENCES<\/p>\n<p>Interrog\u00e9 sur la suppression d&rsquo;agences parmi les 1200 que compte la France pour faire des \u00e9conomies, Manuel Bompard rel\u00e8ve que le gouvernement souhaite agir ainsi pour \u00ab\u00a0externaliser vers des cabinets de conseils, de privatiser des missions qui rel\u00e8vent de la fonction publique.\u00a0\u00bb<\/p>\n<p>12:14LFI ET PS<\/p>\n<p>Interrog\u00e9 sur la prise \u00e0 partie de J\u00e9r\u00f4me Guedj et le PS durant les manifestations du 1er mai, Manuel Bompard assure qu&rsquo;on a \u00ab\u00a0le droit d&rsquo;\u00eatre en col\u00e8re contre le PS. Mais je condamne le recours \u00e0 la violence en politique.\u00a0\u00bb<\/p>\n<p>\u00ab\u00a0Sur la manifestation de jeudi, J\u00e9r\u00f4me Guedj le dit lui-m\u00eame, il n&rsquo;a pas entendu d&rsquo;insultes antis\u00e9mites\u00a0\u00bb, rel\u00e8ve Manuel Bompard. Et de pr\u00e9ciser : \u00ab\u00a0On a le droit, en France, de contester le sionisme. C&rsquo;est un projet politique. Cela ne fait pas de quelqu&rsquo;un un antis\u00e9mite. Des personnes juives se consid\u00e8rent comme antisioniste.\u00a0\u00bb<\/p>\n<p>12:10MANUEL BOMPARD SUR L&rsquo;ANTIS\u00c9MITISME<\/p>\n<p>Jean-Luc M\u00e9lenchon a-t-il du mal \u00e0 utiliser le terme \u00ab\u00a0antis\u00e9mitisme\u00a0\u00bb ? \u00ab\u00a0L&rsquo;antis\u00e9mitisme fait partie des racines qu&rsquo;il faut combattre\u00a0\u00bb, affirme Manuel Bompard. \u00ab\u00a0Si une personne est attaqu\u00e9e car elle est musulmane, elle aura mal solidarit\u00e9 ; si elle est attaqu\u00e9e car elle est juive, elle aura ma solidarit\u00e9. Peu importe la religion\u00a0\u00bb.<\/p>\n<p>Selon Manuel Bompard, \u00ab\u00a0d\u00e9noncer l&rsquo;islamophobie n&rsquo;a rien \u00e0 voir avec le fait d&#8217;emp\u00eacher qui que ce soit de critiquer une religion. On en a le droit. On n&rsquo;a pas le droit de s&rsquo;en prendre \u00e0 une personne pour sa religion. C&rsquo;est simple\u00a0\u00bb.<\/p>\n<p>12:05&Prime;\u00c0 LA D\u00c9RIVE\u00a0\u00bb<\/p>\n<p>Manuel Bompard : \u00ab\u00a0Laurent Wauquiez est \u00e0 la d\u00e9rive. Il pensait que ce serait une promenade de sant\u00e9, il r\u00e9alis\u00e9 que Bruno Retailleau le concurrence. J&rsquo;ai envie de leur dire : d\u00e9brouillez-vous entre vous. Je n&rsquo;ai pas envie de r\u00e9agir s\u00e9rieusement \u00e0 des mesures qui ne le sont pas\u00a0\u00bb.\u00a0<\/p>\n<p>\u00ab\u00a0Il devrait arr\u00eater de dire des b\u00eatises et proposer des solutions s\u00e9rieuses aux probl\u00e8mes auxquels les Fran\u00e7ais sont confront\u00e9s. Elles ne sont pas du fait de la France insoumise qui n&rsquo;a pas \u00e9t\u00e9 au pouvoir depuis 30 ans, mais elles sont du fait de Laurent Wauquiez et ses amis.\u00a0\u00bb<\/p>\n<p>12:02&Prime;VIVEMENT LE VOTE DES REPUBLICAINS\u00a0\u00bb<\/p>\n<p>Interrog\u00e9 sur les propos de Laurent Wauquiez dans le JDD, Manuel Bompard estime sur LCI que, \u00ab\u00a0chaque semaine, il arrive avec des propos plus outranciers\u00a0\u00bb, faisant r\u00e9f\u00e9rence \u00e0 l&rsquo;envoi des OQTF \u00e0 Saint-Pierre-et- Miquelon. \u00ab\u00a0Vivement le vote des R\u00e9publicains pour qu&rsquo;on soit d\u00e9barrass\u00e9 de Laurent Wauquiez.\u00a0\u00bb<\/p>\n<p>Concernant la volont\u00e9 du patron des LR de cr\u00e9er une commission d&rsquo;enqu\u00eate \u00e0 l&rsquo;Assembl\u00e9e sur les liens entre la France insoumise et les r\u00e9seaux islamistes, Manuel Bompard ne veut pas \u00ab\u00a0donner de la cr\u00e9dibilit\u00e9\u00a0\u00bb \u00e0 cette commission qui, selon lui, \u00ab\u00a0ne verra pas le jour\u00a0\u00bb. \u00ab\u00a0Ce sont des propos de congr\u00e8s\u00a0\u00bb.<\/p>\n<p>10:48WAUQUIEZ S&rsquo;EN PREND \u00c0 LFI<\/p>\n<p>Dans une interview au <a href=\"https:\/\/www.lejdd.fr\/politique\/laurent-wauquiez-au-jdd-melenchon-est-une-menace-il-faut-un-cordon-sanitaire-autour-de-lfi-157683\" target=\"_blank\" rel=\"nofollow noopener\">JDD (nouvelle fen\u00eatre)<\/a>, le patron des d\u00e9put\u00e9s LR s&rsquo;en prend violemment \u00e0 LFI, un parti selon lui \u00ab\u00a0en rupture avec la R\u00e9publique\u00a0\u00bb. \u00ab\u00a0Ils sont une menace pour la France : ils sont le parti de la destruction nationale, un cheval de Troie de l&rsquo;islamisme. Le premier danger politique pour notre pays, c&rsquo;est Jean-Luc M\u00e9lenchon et ses complices\u00a0\u00bb, assure Laurent Wauquiez, qui appelle \u00e0 \u00e9tablir \u00ab\u00a0un cordon sanitaire\u00a0\u00bb autour des Insoumis.\u00a0<\/p>\n<p>10:27DETTE : BAYROU SUGG\u00c8RE LE REFERENDUM<\/p>\n<p>Bienvenue dans ce direct. <a href=\"https:\/\/www.tf1info.fr\/politique\/face-au-chantier-de-la-dette-et-du-deficit-public-francois-bayrou-evoque-l-idee-d-un-referendum-2368736.html\" target=\"_blank\" rel=\"noopener\">Dans une interview au JDD<\/a>, Fran\u00e7ois Bayrou \u00e9voque la possibilit\u00e9 de recourir au r\u00e9f\u00e9rendum pour surmonter les blocages politiques face \u00e0 la question du d\u00e9ficit public qu&rsquo;il compare \u00e0 un \u00ab\u00a0Himalaya\u00a0\u00bb. Le d\u00e9put\u00e9 LFI Manuel Bompard, invit\u00e9 \u00e0 midi de L&rsquo;\u00c9v\u00e9nement du dimanche LCI, aura l&rsquo;occasion de r\u00e9pondre \u00e0 cette proposition et de s&rsquo;exprimer sur les autres sujets qui font l&rsquo;actualit\u00e9 politique du jour. \u00c0 suivre dans ce direct et sur LCI.\u00a0<\/p>\n<p data-module=\"article-paragraph\" class=\"jsx-362436225 Paragraph\">Comment surmonter les blocages politiques pour faire face \u00e0 la question du d\u00e9ficit public ? Dans une interview accord\u00e9e au <a href=\"https:\/\/www.lejdd.fr\/politique\/exclusif-budget-dette-impots-francois-bayrou-veut-un-referendum-157685\" target=\"_blank\" rel=\"nofollow noopener\">JDD (nouvelle fen\u00eatre)<\/a>, Fran\u00e7ois Bayrou \u00e9voque la possibilit\u00e9 de recourir au r\u00e9f\u00e9rendum afin de consulter les Fran\u00e7ais sur ces questions br\u00fblantes \u00e0 trancher, de la r\u00e9duction des d\u00e9penses aux imp\u00f4ts.\u00a0<\/p>\n<p data-module=\"article-paragraph\" class=\"jsx-362436225 Paragraph\">\u00ab\u00a0C&rsquo;est un plan d\u2019ensemble que je veux soumettre, il demandera des efforts \u00e0 tout le monde, et par l&rsquo;ampleur qui doit \u00eatre la sienne, il ne peut r\u00e9ussir si le peuple fran\u00e7ais ne le soutient pas\u00a0\u00bb, estime le Premier ministre, qui rappelle qu&rsquo;un tel r\u00e9f\u00e9rendum \u2013 le dernier remonte \u00e0 2005 \u00a0\u2013 \u00a0rel\u00e8ve d&rsquo;une d\u00e9cision d&rsquo;Emmanuel Macron.\u00a0<\/p>\n<p data-module=\"article-paragraph\" class=\"jsx-362436225 Paragraph Paragraph__End\">Apr\u00e8s l&rsquo;adoption au forceps du budget 2025, le gouvernement planche sur la pr\u00e9paration de celui de 2026, avec une priorit\u00e9 affich\u00e9e : trouver 40 milliards d&rsquo;euros d&rsquo;\u00e9conomies suppl\u00e9mentaires pour respecter ses objectifs de r\u00e9duction du d\u00e9ficit public, de 5,4% du PIB cette ann\u00e9e, \u00e0 4,6% l&rsquo;an prochain.<\/p>\n<ul class=\"jsx-658110588 ReadMoreArticle__List flex flex-column\">\n<li class=\"jsx-658110588\"><a href=\"https:\/\/www.tf1info.fr\/politique\/face-au-chantier-de-la-dette-et-du-deficit-public-francois-bayrou-evoque-l-idee-d-un-referendum-2368736.html\" rel=\"noopener\" class=\"jsx-4233824444 Link flex\" target=\"_blank\"><img decoding=\"async\" src=\"https:\/\/www.europesays.com\/fr\/wp-content\/uploads\/2025\/05\/francois-bayrou-la-rochelle-14-mars-2025-81b16c-0@1x.jpeg\" alt=\"Le Premier ministre Fran\u00e7ois Bayrou lors de la visite d'un site d'Alstom \u00e0 Aytre le 14 mars 2025.\" loading=\"lazy\" importance=\"low\" fetchpriority=\"low\" class=\"\" copyright=\"Christophe ARCHAMBAULT \/ AFP\"\/>\n<p class=\"jsx-658110588 ReadMoreArticle__Title\">Lire aussi<\/p>\n<p class=\"jsx-658110588\">Face au chantier de la dette et du d\u00e9ficit des finances publiques, Fran\u00e7ois Bayrou \u00e9voque l&rsquo;id\u00e9e d&rsquo;un r\u00e9f\u00e9rendum<\/p>\n<p><\/a><\/li>\n<\/ul>\n<p data-module=\"article-paragraph\" class=\"jsx-362436225 Paragraph Paragraph__End\">Dans ce contexte, le d\u00e9put\u00e9 LFI Manuel Bompard est l&rsquo;invit\u00e9 de L&rsquo;\u00c9v\u00e9nement du dimanche LCI \u00e0 partir de 12h. Il aura l&rsquo;occasion de r\u00e9agir \u00e0 cette proposition de r\u00e9f\u00e9rendum, mais \u00e9galement aux attaques de Laurent Wauquiez (LR) contre son parti, le d\u00e9put\u00e9 de droite ayant r\u00e9clam\u00e9 \u00ab\u00a0un cordon sanitaire\u00a0\u00bb autour du parti de Jean-Luc M\u00e9lenchon.\u00a0<\/p>\n<p data-module=\"article-paragraph\" class=\"jsx-362436225 Paragraph Paragraph__End\"><strong>Suivez l&rsquo;actualit\u00e9 politique de ce dimanche dans ce direct et sur LCI.\u00a0<\/strong><\/p>\n<p>La r\u00e9daction de TF1info<\/p>\n","protected":false},"excerpt":{"rendered":"Confront\u00e9 \u00e0 un d\u00e9ficit public record, Fran\u00e7ois Bayrou \u00e9voque la possibilit\u00e9 de recourir au r\u00e9f\u00e9rendum pour consulter les&hellip;\n","protected":false},"author":2,"featured_media":74227,"comment_status":"","ping_status":"","sticky":false,"template":"","format":"standard","meta":{"footnotes":""},"categories":[2],"tags":[1111,11,15,1921,1003,17853,17851,1011,27,431,1922,2338,17852,12,25,9910,133,4530],"class_list":{"0":"post-74226","1":"post","2":"type-post","3":"status-publish","4":"format-standard","5":"has-post-thumbnail","7":"category-actualites","8":"tag-actu","9":"tag-actualites","10":"tag-algerie","11":"tag-article-video","12":"tag-budget","13":"tag-derapage-du-deficit-public-un-effort-de-40-milliards-deuros-attendu-en-2026","14":"tag-fin-de-vie-le-gouvernement-bayrou-tente-tant-bien-que-mal-davancer","15":"tag-fr","16":"tag-france","17":"tag-francois-bayrou","18":"tag-info","19":"tag-la-france-insoumise","20":"tag-manuel-bompard","21":"tag-news","22":"tag-republique-francaise","23":"tag-retraites","24":"tag-video","25":"tag-video-politique"},"share_on_mastodon":{"url":"https:\/\/pubeurope.com\/@fr\/114449578967585064","error":""},"_links":{"self":[{"href":"https:\/\/www.europesays.com\/fr\/wp-json\/wp\/v2\/posts\/74226","targetHints":{"allow":["GET"]}}],"collection":[{"href":"https:\/\/www.europesays.com\/fr\/wp-json\/wp\/v2\/posts"}],"about":[{"href":"https:\/\/www.europesays.com\/fr\/wp-json\/wp\/v2\/types\/post"}],"author":[{"embeddable":true,"href":"https:\/\/www.europesays.com\/fr\/wp-json\/wp\/v2\/users\/2"}],"replies":[{"embeddable":true,"href":"https:\/\/www.europesays.com\/fr\/wp-json\/wp\/v2\/comments?post=74226"}],"version-history":[{"count":0,"href":"https:\/\/www.europesays.com\/fr\/wp-json\/wp\/v2\/posts\/74226\/revisions"}],"wp:featuredmedia":[{"embeddable":true,"href":"https:\/\/www.europesays.com\/fr\/wp-json\/wp\/v2\/media\/74227"}],"wp:attachment":[{"href":"https:\/\/www.europesays.com\/fr\/wp-json\/wp\/v2\/media?parent=74226"}],"wp:term":[{"taxonomy":"category","embeddable":true,"href":"https:\/\/www.europesays.com\/fr\/wp-json\/wp\/v2\/categories?post=74226"},{"taxonomy":"post_tag","embeddable":true,"href":"https:\/\/www.europesays.com\/fr\/wp-json\/wp\/v2\/tags?post=74226"}],"curies":[{"name":"wp","href":"https:\/\/api.w.org\/{rel}","templated":true}]}}