{"id":742304,"date":"2026-02-18T07:20:29","date_gmt":"2026-02-18T07:20:29","guid":{"rendered":"https:\/\/www.europesays.com\/fr\/742304\/"},"modified":"2026-02-18T07:20:29","modified_gmt":"2026-02-18T07:20:29","slug":"les-enseignants-mobilises-pour-une-journee-de-greve-a-paris","status":"publish","type":"post","link":"https:\/\/www.europesays.com\/fr\/742304\/","title":{"rendered":"les enseignants mobilis\u00e9s pour une journ\u00e9e de gr\u00e8ve \u00e0 Paris"},"content":{"rendered":"<p>                    Par<br \/>\n        <strong><br \/>\n            <a href=\"https:\/\/actu.fr\/auteur\/redaction-paris\" title=\"Consulter tous les articles de R\u00e9daction Paris\" rel=\"nofollow noopener\" target=\"_blank\">R\u00e9daction Paris<\/a><br \/>\n                    <\/strong><\/p>\n<p>        Publi\u00e9 le<\/p>\n<p>            17 f\u00e9vr. 2026 \u00e0 16h55        <\/p>\n<p>Ce mardi 17\u00a0f\u00e9vrier 2026, les enseignants d\u2019<a href=\"https:\/\/actu.fr\/ile-de-france\/\" rel=\"nofollow noopener\" target=\"_blank\">\u00cele-de-France<\/a> \u00e9taient mobilis\u00e9s contre les <a href=\"https:\/\/actu.fr\/societe\/carte-c-est-catastrophique-4-000-postes-de-profs-supprimes-a-la-rentree-le-detail-academie-par-academie_63758411.html\" rel=\"nofollow noopener\" target=\"_blank\">suppressions de postes<\/a> dans l\u2019\u00c9ducation nationale. Cette <a href=\"https:\/\/actu.fr\/ile-de-france\/paris_75056\/greve-et-manifestation-dans-l-education-grosses-perturbations-annoncees-a-paris-et-en-ile-de-france-ce-mardi_63850730.html\" rel=\"nofollow noopener\" target=\"_blank\">journ\u00e9e de gr\u00e8ve<\/a> a rassembl\u00e9 plusieurs centaines de personnes \u00e0 <a href=\"https:\/\/actu.fr\/paris\/\" rel=\"nofollow noopener\" target=\"_blank\">Paris<\/a>, pr\u00e9mices \u00ab\u2009d\u2019une mobilisation plus grande apr\u00e8s les vacances\u2009\u00bb, affirment les syndicats. Elle \u00e9tait suivie par 6,16\u2009% des enseignants de la r\u00e9gion.<\/p>\n<p>Des postes en danger dans les acad\u00e9mies de Paris, Versailles et Cr\u00e9teil<\/p>\n<p class=\" wall-content\">Le taux de gr\u00e9vistes est de 6,84\u2009% chez les enseignants des \u00e9coles maternelles et \u00e9l\u00e9mentaires et de 5,77\u2009% pour ceux des coll\u00e8ges et lyc\u00e9es, a d\u00e9taill\u00e9 le minist\u00e8re de l\u2019\u00c9ducation dans un communiqu\u00e9. Le taux de gr\u00e9vistes s\u2019\u00e9l\u00e8ve \u00e0 5,12\u2009% en moyenne en ajoutant les autres types de personnels, indique-t-il. Il est de 13,3\u2009% chez les personnels de la vie scolaire, tous types d\u2019\u00e9tablissements confondus.<\/p>\n<p class=\" wall-content\">Une intersyndicale de l\u2019\u00e9ducation \u2014 rassemblant la FSU (dont le SNUipp-FSU et le SNES-FSU), le SE-UNSA, FO, la CFDT, la CGT et SUD \u2014 avait appel\u00e9 \u00e0 la gr\u00e8ve et \u00e0 la mobilisation en \u00cele-de-France apr\u00e8s l\u2019annonce de suppressions de postes dans les acad\u00e9mies de Paris, Versailles et Cr\u00e9teil.<\/p>\n<p>Les \u00e9coles primaires les plus touch\u00e9es<\/p>\n<p class=\" wall-content\">\u00ab\u2009Le premier degr\u00e9 est particuli\u00e8rement touch\u00e9 dans ces trois acad\u00e9mies\u2009\u00bb, a d\u00e9nonc\u00e9 Laurent Bayssi\u00e8re, secr\u00e9taire acad\u00e9mique du SE-Unsa Cr\u00e9teil, depuis la place de la Sorbonne d\u2019o\u00f9 partait le cort\u00e8ge en direction du minist\u00e8re. Selon les syndicats, 140 postes doivent \u00eatre supprim\u00e9s dans le premier degr\u00e9 dans l\u2019acad\u00e9mie de Cr\u00e9teil, 90 \u00e0 Paris et 170 \u00e0 Versailles.<\/p>\n<p class=\" wall-content\">R\u00e9guli\u00e8rement mise en avant par le ministre \u00c9douard Geffray, la baisse d\u00e9mographique \u00ab\u2009n\u2019est pas un argument\u2009\u00bb, estime Yelena Susic cosecr\u00e9taire de la FSU \u00cele-de-France.<br \/>\u00ab\u2009On voit bien qu\u2019il y a moins d\u2019\u00e9l\u00e8ves\u2009\u00bb, reconna\u00eet Sophie V\u00e9n\u00e9titay, secr\u00e9taire g\u00e9n\u00e9rale du Snes-FSU, \u00ab\u2009mais pour autant, vu l\u2019\u00e9tat d\u2019urgence de l\u2019\u00c9ducation nationale, il y a besoin de cr\u00e9ation d\u2019emplois pour diminuer le nombre d\u2019\u00e9l\u00e8ves dans les classes et am\u00e9liorer les conditions de travail de nos coll\u00e8gues\u2009\u00bb.<\/p>\n<p>En tout, 4\u2009000 postes seraient menac\u00e9s<\/p>\n<p class=\" wall-content\">Les organisations syndicales r\u00e9clament l\u2019annulation de toutes les suppressions de postes, aussi bien au niveau r\u00e9gional que national. \u00c0 Paris, des personnels de plusieurs \u00e9tablissements sont en gr\u00e8ve depuis le 10\u00a0f\u00e9vrier.<\/p>\n<p class=\" wall-content\">Le minist\u00e8re de l\u2019\u00c9ducation a revu \u00e0 la baisse fin janvier les suppressions de postes d\u2019enseignants pour la rentr\u00e9e 2026 apr\u00e8s une communication pr\u00e9voyant des chiffres sup\u00e9rieurs \u00e0 ceux du projet de loi de finances. Les suppressions de postes d\u2019enseignants dans le premier degr\u00e9 public (\u00e9coles) reviennent \u00e0 1\u2009891 et celles du second degr\u00e9 (coll\u00e8ges et lyc\u00e9es) \u00e0 1\u2009365, comme pr\u00e9vu dans le projet de loi de finances (sur un total d\u2019environ 4\u2009000 suppressions, public et priv\u00e9 confondus).<\/p>\n<p class=\" wall-content\">Personnalisez votre actualit\u00e9 en ajoutant vos villes et m\u00e9dias en favori avec <a href=\"https:\/\/moncompte.actu.fr\" title=\"D\u00e9couvez Mon Actu\" rel=\"nofollow noopener\" data-trk=\"{&quot;cta&quot;:{&quot;action&quot;:&quot;https:\\\/\\\/moncompte.actu.fr&quot;,&quot;category&quot;:&quot;mon compte&quot;,&quot;from&quot;:&quot;article footer&quot;,&quot;name&quot;:&quot;Mon actu&quot;,&quot;type&quot;:&quot;cta&quot;}}\" target=\"_blank\">Mon Actu<\/a>.<\/p>\n","protected":false},"excerpt":{"rendered":"Par R\u00e9daction Paris Publi\u00e9 le 17 f\u00e9vr. 2026 \u00e0 16h55 Ce mardi 17\u00a0f\u00e9vrier 2026, les enseignants d\u2019\u00cele-de-France \u00e9taient&hellip;\n","protected":false},"author":2,"featured_media":742305,"comment_status":"","ping_status":"","sticky":false,"template":"","format":"standard","meta":{"footnotes":"","_share_on_mastodon":"0"},"categories":[1888],"tags":[1111,1928,11,1927,1057,1777,674,1011,27,6151,1272,12,1926,626,1925,316,25],"class_list":["post-742304","post","type-post","status-publish","format-standard","has-post-thumbnail","category-paris","tag-actu","tag-actu-paris","tag-actualites","tag-actualites-paris","tag-education","tag-eu","tag-europe","tag-fr","tag-france","tag-greve","tag-manifestations","tag-news","tag-news-paris","tag-paris","tag-paris-news","tag-politique","tag-republique-francaise"],"share_on_mastodon":{"url":"https:\/\/pubeurope.com\/@fr\/116090426508972060","error":""},"_links":{"self":[{"href":"https:\/\/www.europesays.com\/fr\/wp-json\/wp\/v2\/posts\/742304","targetHints":{"allow":["GET"]}}],"collection":[{"href":"https:\/\/www.europesays.com\/fr\/wp-json\/wp\/v2\/posts"}],"about":[{"href":"https:\/\/www.europesays.com\/fr\/wp-json\/wp\/v2\/types\/post"}],"author":[{"embeddable":true,"href":"https:\/\/www.europesays.com\/fr\/wp-json\/wp\/v2\/users\/2"}],"replies":[{"embeddable":true,"href":"https:\/\/www.europesays.com\/fr\/wp-json\/wp\/v2\/comments?post=742304"}],"version-history":[{"count":0,"href":"https:\/\/www.europesays.com\/fr\/wp-json\/wp\/v2\/posts\/742304\/revisions"}],"wp:featuredmedia":[{"embeddable":true,"href":"https:\/\/www.europesays.com\/fr\/wp-json\/wp\/v2\/media\/742305"}],"wp:attachment":[{"href":"https:\/\/www.europesays.com\/fr\/wp-json\/wp\/v2\/media?parent=742304"}],"wp:term":[{"taxonomy":"category","embeddable":true,"href":"https:\/\/www.europesays.com\/fr\/wp-json\/wp\/v2\/categories?post=742304"},{"taxonomy":"post_tag","embeddable":true,"href":"https:\/\/www.europesays.com\/fr\/wp-json\/wp\/v2\/tags?post=742304"}],"curies":[{"name":"wp","href":"https:\/\/api.w.org\/{rel}","templated":true}]}}