{"id":742336,"date":"2026-02-18T07:41:12","date_gmt":"2026-02-18T07:41:12","guid":{"rendered":"https:\/\/www.europesays.com\/fr\/742336\/"},"modified":"2026-02-18T07:41:12","modified_gmt":"2026-02-18T07:41:12","slug":"du-jamais-vu-sur-un-nuage-que-se-passe-t-il-a-roubaix-actualite","status":"publish","type":"post","link":"https:\/\/www.europesays.com\/fr\/742336\/","title":{"rendered":"\u00ab Du jamais vu, sur un nuage \u00bb : Que se passe-t-il \u00e0 Roubaix ? &#8211; Actualit\u00e9"},"content":{"rendered":"<p>Les gars du Nord brillent dans le sud. Apr\u00e8s que Joppe Heremans se soit impos\u00e9 \u00e0 Vauvert, dans le Gard, lors de l\u2019Etoile de Bess\u00e8ges, <strong><a style=\"color: #e67e23; text-decoration: underline;\" href=\"https:\/\/www.directvelo.com\/actualite\/126927\/et-dire-qu-arnaud-tendon-n-est-pas-encore-en-grande-forme\" target=\"_blank\" rel=\"noopener nofollow\">Arnaud Tendon a remis le couvert \u00e0 Saint-Victoret, dans les Bouches-du-Rh\u00f4ne, lors du CIC Tour de la Provence.<\/a><\/strong> Soit une victoire d\u2019\u00e9tape sur chacune des deux premi\u00e8res courses par \u00e9tapes fran\u00e7aises de la saison pour la formation <strong><a style=\"color: #e67e23; text-decoration: underline;\" href=\"https:\/\/www.directvelo.com\/equipe\/162\/van-rysel-roubaix\" target=\"_blank\" rel=\"noopener nofollow\">Van Rysel-Roubaix<\/a><\/strong>. \u201cPour une \u00e9quipe de troisi\u00e8me division, c\u2019est incroyable ! C\u2019est beau d\u2019avoir r\u00e9ussi \u00e0 pi\u00e9ger les \u00e9quipes du WorldTour\u201d, s\u2019enthousiasmait le Suisse apr\u00e8s son succ\u00e8s, vendredi dernier. Dimanche, deux coureurs de l&rsquo;\u00e9quipe \u00e9taient encore pr\u00e9sents dans la bonne \u00e9chapp\u00e9e. Daniel Arnes \u00e9tait en t\u00eate avec Axel Laurance jusqu&rsquo;\u00e0 la flamme rouge avant de se faire pi\u00e9ger par le Breton, puis Maxime Jarnet a pris la deuxi\u00e8me place. <strong><a style=\"color: #e67e23; text-decoration: underline;\" href=\"https:\/\/www.directvelo.com\/actualite\/126961\/la-course-parfaite-jusqu-a-la-flamme-rouge-maxime-jarnet-frustre\" target=\"_blank\" rel=\"noopener nofollow\">Sa r\u00e9action \u00e0 l&rsquo;arriv\u00e9e en dit long sur les nouvelles ambitions de son \u00e9quipe.<\/a><\/strong> \u00ab\u00a0La spirale est tellement positive en ce moment qu\u2019on est d\u00e9\u00e7us de faire 2. Mais il faut relativiser. Certaines ann\u00e9es, on aurait pri\u00e9 pour faire 2e d\u2019une \u00e9tape du Tour de la Provence\u00a0\u00bb.<\/p>\n<p>Ces deux succ\u00e8s permettent presque d\u00e9j\u00e0 d\u2019affirmer que la saison des rose-et-noir est r\u00e9ussie\u2026 mi-f\u00e9vrier. \u201cLa saison est bien partie. Mais on ne peut pas dire qu\u2019elle est d\u2019ores-et-d\u00e9j\u00e0 r\u00e9ussie. Elle l\u2019est quand elle est pleine du d\u00e9but \u00e0 la fin\u201d, nuance Gilles Pauchard, aupr\u00e8s de DirectVelo. Le directeur sportif conc\u00e8de tout de m\u00eame qu\u2019il aurait \u201cbien s\u00fbr sign\u00e9\u201d, le 1er janvier, pour deux victoires en Classe 1 lors de la saison 2026. Or, c\u2019est d\u00e9j\u00e0 chose faite.<\/p>\n<p><strong>\u00ab IL N\u2019Y A PAS DE RECETTE MIRACLE \u00bb<\/strong> <\/p>\n<p>\u201cPutain, c\u2019est extraordinaire ! On vit sur un nuage. Je suis \u00e9mu\u2026\u201d, l\u00e2chait Kenny Molly, tremp\u00e9 jusqu\u2019aux os, juste apr\u00e8s la victoire de son comp\u00e8re Arnaud Tendon. \u201cCe qu\u2019on est en train de faire, c\u2019est dingue, c\u2019est impressionnant, vraiment c\u2019est trop bien\u201d. M\u00eame enthousiasme bien s\u00fbr du c\u00f4t\u00e9 de R\u00e9mi Capron, bien qu\u2019il ne soit pas encore en grande condition personnellement en ce tout d\u00e9but d\u2019ann\u00e9e. \u201c\u00c7a marque les esprits. Deux fois sur deux courses \u00e0 une semaine d\u2019intervalle, c\u2019est d\u00e9j\u00e0 fou. Et c\u2019est du jamais vu pour nous\u201d.<\/p>\n<p>Comment expliquer un tel d\u00e9but de saison ? Les plan\u00e8tes sont-elles tout simplement toutes align\u00e9es, ou se passe-t-il v\u00e9ritablement quelque chose de sp\u00e9cial dans l\u2019\u00e9quipe cette ann\u00e9e ? \u201cQuelques fois, tout ne s\u2019explique pas, r\u00e9pond Gilles Pauchard. Certaines ann\u00e9es, on pense que la mayonnaise va prendre et ce n\u2019est pas le cas. Et d\u2019autres ann\u00e9es, tout est en phase, les gars s\u2019entendent bien. Il n\u2019y a pas de recette miracle. On bosse dur, on met de nouvelles choses en place en termes de performances, comme toutes les \u00e9quipes. Et il s\u2019av\u00e8re que cette fois, \u00e7a paie vraiment m\u00eame si on est une petite \u00e9quipe\u201d.<\/p>\n<p>Du c\u00f4t\u00e9 des coureurs, une vraie coh\u00e9sion semble avoir \u00e9t\u00e9 trouv\u00e9e. Conscient de ses limites personnelles, un gar\u00e7on comme K\u00e9vin Avoine explique se plaire dans un r\u00f4le d\u2019appui. \u201cJ\u2019ai dit aux gars que j\u2019\u00e9tais OK pour faire l\u2019\u00e9quipier \u00e0 100% quand j\u2019ai int\u00e9gr\u00e9 le projet. On veut toujours faire des r\u00e9sultats mais on est pr\u00eats \u00e0 se sacrifier aussi et c\u2019est pour \u00e7a que \u00e7a fonctionne. On pense vraiment en \u00e9quipe cette ann\u00e9e. L\u2019\u00e9quipe est satisfaite, notre travail est reconnu. On est sur un nuage\u201d, explique celui qui dispute actuellement sa troisi\u00e8me saison au sein du collectif. <\/p>\n<p><strong>\u00ab VU LES RECRUES DE L\u2019HIVER\u2026 \u00bb<\/strong> <\/p>\n<p><strong><a style=\"color: #e67e23; text-decoration: underline;\" href=\"https:\/\/www.directvelo.com\/coureur\/12512\/kevin-avoine\" target=\"_blank\" rel=\"noopener nofollow\">L\u2019ancien coureur du CC Nogent-sur-Oise et du SCO Dijon<\/a><\/strong> assure ne pas \u00eatre surpris par la tr\u00e8s bonne dynamique actuelle. \u201cLa coh\u00e9sion est bonne, les gars sont forts, et vu les recrues de l\u2019hiver\u2026 Ce sont les meilleurs amateurs de l\u2019an pass\u00e9 pour certains. Forc\u00e9ment, on se doute que \u00e7a peut bien fonctionner derri\u00e8re quand des gars de ce calibre renforcent le groupe\u201d, analyse-t-il en pensant notamment au dernier laur\u00e9at du Challenge DirectVelo Amateurs, <strong><a style=\"color: #e67e23; text-decoration: underline;\" href=\"https:\/\/www.directvelo.com\/actualite\/126822\/louis-hardouin-la-bonne-pioche-presque-inesperee-de-van-rysel-roubaix\" target=\"_blank\" rel=\"noopener nofollow\">Louis Hardouin, 3e dans les rues de Bess\u00e8ges au d\u00e9but du mois.<\/a><\/strong>\u00a0<\/p>\n<p>Pour sa quatri\u00e8me saison au sein de la Conti, Kenny Molly \u00e9voque pour sa part \u201cune nouvelle vague, un bon groupe et des v\u00e9los exceptionnels\u201d. Avec un bon nombre de \u201cd\u00e9tails qui font la diff\u00e9rence\u201d. Le Belge souligne \u00e9galement un groupe particuli\u00e8rement investi. \u201cLes nouveaux ont beaucoup d\u2019envie, \u00e7a se voit\u201d. T\u00e2che d\u00e9sormais de continuer sur cette lanc\u00e9e. \u201c\u00c7a s\u2019est fait naturellement jusque-l\u00e0 et \u00e7a devrait bien aller pour la suite, il n\u2019y a pas de raison\u201d, juge R\u00e9mi Capron.<\/p>\n<p>Pas question de s\u2019arr\u00eater en si bon chemin, en effet, et ce n\u2019est pas Gilles Pauchard qui dira le contraire. \u201cL\u2019app\u00e9tit vient en mangeant, il n\u2019y a pas de raisons de rester l\u00e0-dessus. La saison ne fait que commencer. Il n\u2019y a que deux coureurs qui ont gagn\u00e9, il y en a dix autres dans l\u2019effectif, je pense que \u00e7a va leur donner des id\u00e9es aussi\u201d, sourit-il, conscient tout de m\u00eame que tout va pour le mieux dans le meilleur des mondes et qu\u2019il est rare que cette situation s\u2019\u00e9ternise. \u201cPour l\u2019instant, on n\u2019a pas de probl\u00e8mes, on est \u00e9pargn\u00e9s par les chutes, les probl\u00e8mes m\u00e9caniques, les malades\u2026 On touche de la peau de singe\u201d. Quoi qu\u2019il advienne lors des prochains rendez-vous, il aura eu le plaisir de coller un sticker \u201c1\u201d sur sa voiture au d\u00e9part de la deuxi\u00e8me \u00e9tape en Provence, samedi. \u201cCe n\u2019est pas tous les week-end et \u00e7a fait plaisir !\u201d.<\/p>\n","protected":false},"excerpt":{"rendered":"Les gars du Nord brillent dans le sud. Apr\u00e8s que Joppe Heremans se soit impos\u00e9 \u00e0 Vauvert, dans&hellip;\n","protected":false},"author":2,"featured_media":742337,"comment_status":"","ping_status":"","sticky":false,"template":"","format":"standard","meta":{"footnotes":"","_share_on_mastodon":"0"},"categories":[1411],"tags":[834,828,836,829,837,827,83,826,824,823,1154,207,814,817,815,816,822,821,832,211,839,1011,27,820,818,819,835,831,830,833,838,60,212,208,825],"class_list":["post-742336","post","type-post","status-publish","format-standard","has-post-thumbnail","category-cyclisme","tag-attaque","tag-belgique","tag-braquet","tag-bretagne","tag-chute","tag-competition","tag-coupe-de-france","tag-coureur","tag-course-cyclisme","tag-course-cycliste","tag-cycling","tag-cyclisme","tag-direct","tag-direct-velo","tag-directvelo","tag-directvelo-com","tag-epreuve","tag-epreuve-cycliste","tag-federation-francaise-de-cyclisme","tag-ffc","tag-flandres","tag-fr","tag-france","tag-live","tag-live-course","tag-live-epreuve","tag-peloton","tag-radio-peloton","tag-radio-tour","tag-ravitaillement","tag-relance","tag-sports","tag-uci","tag-velo","tag-velos"],"share_on_mastodon":{"url":"https:\/\/pubeurope.com\/@fr\/116090508894596026","error":""},"_links":{"self":[{"href":"https:\/\/www.europesays.com\/fr\/wp-json\/wp\/v2\/posts\/742336","targetHints":{"allow":["GET"]}}],"collection":[{"href":"https:\/\/www.europesays.com\/fr\/wp-json\/wp\/v2\/posts"}],"about":[{"href":"https:\/\/www.europesays.com\/fr\/wp-json\/wp\/v2\/types\/post"}],"author":[{"embeddable":true,"href":"https:\/\/www.europesays.com\/fr\/wp-json\/wp\/v2\/users\/2"}],"replies":[{"embeddable":true,"href":"https:\/\/www.europesays.com\/fr\/wp-json\/wp\/v2\/comments?post=742336"}],"version-history":[{"count":0,"href":"https:\/\/www.europesays.com\/fr\/wp-json\/wp\/v2\/posts\/742336\/revisions"}],"wp:featuredmedia":[{"embeddable":true,"href":"https:\/\/www.europesays.com\/fr\/wp-json\/wp\/v2\/media\/742337"}],"wp:attachment":[{"href":"https:\/\/www.europesays.com\/fr\/wp-json\/wp\/v2\/media?parent=742336"}],"wp:term":[{"taxonomy":"category","embeddable":true,"href":"https:\/\/www.europesays.com\/fr\/wp-json\/wp\/v2\/categories?post=742336"},{"taxonomy":"post_tag","embeddable":true,"href":"https:\/\/www.europesays.com\/fr\/wp-json\/wp\/v2\/tags?post=742336"}],"curies":[{"name":"wp","href":"https:\/\/api.w.org\/{rel}","templated":true}]}}