{"id":74234,"date":"2025-05-04T12:36:08","date_gmt":"2025-05-04T12:36:08","guid":{"rendered":"https:\/\/www.europesays.com\/fr\/74234\/"},"modified":"2025-05-04T12:36:08","modified_gmt":"2025-05-04T12:36:08","slug":"insolite-atp-la-tenue-de-carlos-alcaraz-pour-roland-garros-devoilee-il-ne-manque-plus-que-la-cravache","status":"publish","type":"post","link":"https:\/\/www.europesays.com\/fr\/74234\/","title":{"rendered":"Insolite, ATP > La tenue de Carlos Alcaraz pour Roland-Garros d\u00e9voil\u00e9e, il ne manque plus que la cravache !"},"content":{"rendered":"<p>Chaque ann\u00e9e, les \u00e9qui\u00adpe\u00admen\u00adtiers tentent d\u2019in\u00adnover le design des tenues pour leur joueur avec plus ou moins de succ\u00e8s. Certaines comme Lacoste font souvent le choix de la sobri\u00e9t\u00e9, avec peu de prises de risques. Pour Roland\u2010Garros, Nike a d\u00e9voil\u00e9 les visuels de la tenue qu\u2019ar\u00adbo\u00adre\u00adront ses athl\u00e8tes, Carlos Alcaraz notamment.<\/p>\n<p>Si la recherche de fantaisie est \u00e9vidente, la marque \u00e0 la virgule aurait large\u00adment pu s\u2019en passer cette fois\u2010ci, on dirait clai\u00adre\u00adment une casaque pour tenter de remporter le prix de l\u2019Arc de Triomphe.<\/p>\n<blockquote class=\"twitter-tweet\" data-width=\"550\" data-dnt=\"true\">\n<p lang=\"en\" dir=\"ltr\">Apparently, these are the Nike tops for Roland Garros 2025\u2026 awful. Just let AI design them at this point, it\u2019d do a better job. <a href=\"https:\/\/t.co\/vNkE3njNjO\" data-wpel-link=\"external\" target=\"_blank\" rel=\"nofollow external noopener\">pic.twitter.com\/vNkE3njNjO<\/a><\/p>\n<p>\u2014 Carlos Alcaraz Style (@alcarazcloset) <a href=\"https:\/\/twitter.com\/alcarazcloset\/status\/1918559798477373453?ref_src=twsrc%5Etfw\" data-wpel-link=\"external\" target=\"_blank\" rel=\"nofollow external noopener\">May 3,\u00a02025<\/a><\/p><\/blockquote>\n<p>Ce faux pas n\u2019est pas sans rappeler la tenue arbor\u00e9e par Stan Wawrinka \u00e0 Roland\u2010Garros en 2015. Son short quadrill\u00e9, confec\u00adtionn\u00e9 par Yonex avait d\u00e9fray\u00e9 la chro\u00adnique car il ressem\u00adblait clai\u00adre\u00adment \u00e0 un bas de pyjama.<\/p>\n<p>Pour autant, cela n\u2019avait pas emp\u00each\u00e9 le Suisse de soulever la Coupe des Mousquetaires, quelques semaines plus\u00a0tard.<\/p>\n<p>Reste \u00e0 savoir si Carlitos conna\u00eetra le m\u00eame succ\u00e8s \u00e0 la Porte d\u2019Auteuil.<\/p>\n<p class=\"post-published-date\" style=\"color: silver; font-size: 75%; text-align: left;\">Publi\u00e9 le dimanche 4 mai 2025 \u00e0 13:53<\/p>\n<p><script async src=\"https:\/\/platform.twitter.com\/widgets.js\" charset=\"utf-8\"><\/script><\/p>\n","protected":false},"excerpt":{"rendered":"Chaque ann\u00e9e, les \u00e9qui\u00adpe\u00admen\u00adtiers tentent d\u2019in\u00adnover le design des tenues pour leur joueur avec plus ou moins de&hellip;\n","protected":false},"author":2,"featured_media":9556,"comment_status":"","ping_status":"","sticky":false,"template":"","format":"standard","meta":{"footnotes":""},"categories":[1415],"tags":[1744,1011,27,60,1754,1467],"class_list":{"0":"post-74234","1":"post","2":"type-post","3":"status-publish","4":"format-standard","5":"has-post-thumbnail","7":"category-tennis","8":"tag-alcaraz","9":"tag-fr","10":"tag-france","11":"tag-sports","12":"tag-stan-wawrinka","13":"tag-tennis"},"share_on_mastodon":{"url":"https:\/\/pubeurope.com\/@fr\/114449598536262893","error":""},"_links":{"self":[{"href":"https:\/\/www.europesays.com\/fr\/wp-json\/wp\/v2\/posts\/74234","targetHints":{"allow":["GET"]}}],"collection":[{"href":"https:\/\/www.europesays.com\/fr\/wp-json\/wp\/v2\/posts"}],"about":[{"href":"https:\/\/www.europesays.com\/fr\/wp-json\/wp\/v2\/types\/post"}],"author":[{"embeddable":true,"href":"https:\/\/www.europesays.com\/fr\/wp-json\/wp\/v2\/users\/2"}],"replies":[{"embeddable":true,"href":"https:\/\/www.europesays.com\/fr\/wp-json\/wp\/v2\/comments?post=74234"}],"version-history":[{"count":0,"href":"https:\/\/www.europesays.com\/fr\/wp-json\/wp\/v2\/posts\/74234\/revisions"}],"wp:featuredmedia":[{"embeddable":true,"href":"https:\/\/www.europesays.com\/fr\/wp-json\/wp\/v2\/media\/9556"}],"wp:attachment":[{"href":"https:\/\/www.europesays.com\/fr\/wp-json\/wp\/v2\/media?parent=74234"}],"wp:term":[{"taxonomy":"category","embeddable":true,"href":"https:\/\/www.europesays.com\/fr\/wp-json\/wp\/v2\/categories?post=74234"},{"taxonomy":"post_tag","embeddable":true,"href":"https:\/\/www.europesays.com\/fr\/wp-json\/wp\/v2\/tags?post=74234"}],"curies":[{"name":"wp","href":"https:\/\/api.w.org\/{rel}","templated":true}]}}