{"id":742384,"date":"2026-02-18T08:16:13","date_gmt":"2026-02-18T08:16:13","guid":{"rendered":"https:\/\/www.europesays.com\/fr\/742384\/"},"modified":"2026-02-18T08:16:13","modified_gmt":"2026-02-18T08:16:13","slug":"ca-commence-aujourdhui-a-strasbourg-etes-vous-prets-strasinfo-fr","status":"publish","type":"post","link":"https:\/\/www.europesays.com\/fr\/742384\/","title":{"rendered":"\u00e7a commence aujourd\u2019hui \u00e0 Strasbourg \u2014 \u00eates-vous pr\u00eats ? \u2013 StrasInfo.fr"},"content":{"rendered":"<p class=\"wp-block-paragraph\">C\u2019est aujourd\u2019hui, mercredi 18 f\u00e9vrier 2026, que d\u00e9bute officiellement le car\u00eame pour les chr\u00e9tiens catholiques. \u00c0 Strasbourg, ville marqu\u00e9e par une histoire religieuse singuli\u00e8re \u2014 avec son droit local concordataire qui r\u00e9git encore aujourd\u2019hui les relations entre l\u2019\u00c9tat et les cultes \u2014 cette p\u00e9riode r\u00e9sonne diff\u00e9remment qu\u2019ailleurs en France. Dans les paroisses du Bas-Rhin, les c\u00e9l\u00e9brations du mercredi des Cendres rassembleront fid\u00e8les et cat\u00e9chum\u00e8nes, dans un esprit sobre et communautaire.<\/p>\n<p class=\"wp-block-paragraph\">Le car\u00eame durera 40 jours, jusqu\u2019au jeudi saint 2 avril 2026, \u00e0 la veille du triduum pascal. P\u00e2ques sera c\u00e9l\u00e9br\u00e9e le dimanche 5 avril 2026.<\/p>\n<p><strong>40 jours, trois piliers : ce que le car\u00eame demande concr\u00e8tement<\/strong><\/p>\n<p class=\"wp-block-paragraph\">Le car\u00eame n\u2019est pas qu\u2019une tradition liturgique abstraite. Il repose sur trois pratiques concr\u00e8tes, universelles dans l\u2019\u00c9glise catholique, que de nombreux Strasbourgeois vivent \u00e0 leur mani\u00e8re, qu\u2019ils soient pratiquants r\u00e9guliers ou simplement en chemin.<\/p>\n<p class=\"wp-block-paragraph\"><strong>La pri\u00e8re<\/strong> : intensifier un temps de silence, de m\u00e9ditation ou de participation aux offices. Les paroisses de Strasbourg \u2014 Saint-Pierre-le-Jeune, Saint-Pierre-le-Vieux, la cath\u00e9drale Notre-Dame \u2014 proposent des temps forts sp\u00e9cifiques tout au long du car\u00eame.<\/p>\n<p class=\"wp-block-paragraph\"><strong>Le je\u00fbne<\/strong> : deux jours sont prescrits comme jours de je\u00fbne strict pour les catholiques : le mercredi des Cendres (aujourd\u2019hui) et le vendredi saint, 3 avril. Tous les vendredis du car\u00eame appellent \u00e9galement \u00e0 l\u2019abstinence de viande. Mais au-del\u00e0 des r\u00e8gles formelles, beaucoup choisissent un effort personnel : r\u00e9duire les \u00e9crans, l\u2019alcool, les achats superflus.<\/p>\n<p class=\"wp-block-paragraph\"><strong>L\u2019aum\u00f4ne<\/strong> : le partage et la solidarit\u00e9 constituent le troisi\u00e8me pilier. Dans le Bas-Rhin, des organismes comme le CCFD-Terre Solidaire ou le Secours Catholique du dioc\u00e8se de Strasbourg proposent des actions sp\u00e9cifiques en lien avec la p\u00e9riode de car\u00eame.<\/p>\n<p><img loading=\"lazy\" decoding=\"async\" data-attachment-id=\"8055\" data-permalink=\"https:\/\/strasinfo.fr\/2026\/02\/18\/careme-2026-ca-commence-aujourdhui-a-strasbourg-etes-vous-prets\/pexels-pixabay-2363393964257993461187033\/\" data-orig-file=\"https:\/\/strasinfo.fr\/wp-content\/uploads\/2026\/02\/pexels-pixabay-2363393964257993461187033.jpg\" data-orig-size=\"2000,1333\" data-comments-opened=\"0\" data-image-meta=\"{&quot;aperture&quot;:&quot;0&quot;,&quot;credit&quot;:&quot;&quot;,&quot;camera&quot;:&quot;&quot;,&quot;caption&quot;:&quot;&quot;,&quot;created_timestamp&quot;:&quot;0&quot;,&quot;copyright&quot;:&quot;&quot;,&quot;focal_length&quot;:&quot;0&quot;,&quot;iso&quot;:&quot;0&quot;,&quot;shutter_speed&quot;:&quot;0&quot;,&quot;title&quot;:&quot;&quot;,&quot;orientation&quot;:&quot;1&quot;}\" data-image-title=\"pexels-pixabay-2363393964257993461187033\" data-image-description=\"\" data-image-caption=\"\" data-medium-file=\"https:\/\/strasinfo.fr\/wp-content\/uploads\/2026\/02\/pexels-pixabay-2363393964257993461187033.jpg?w=300\" data-large-file=\"https:\/\/www.europesays.com\/fr\/wp-content\/uploads\/2026\/02\/pexels-pixabay-2363393964257993461187033.jpg\" width=\"1024\" height=\"682\" data-id=\"8055\" src=\"https:\/\/www.europesays.com\/fr\/wp-content\/uploads\/2026\/02\/pexels-pixabay-2363393964257993461187033.jpg\" alt=\"\" class=\"wp-image-8055\"  \/><\/p>\n<p><strong>Le calendrier complet jusqu\u2019\u00e0 P\u00e2ques 2026<\/strong><\/p>\n<p class=\"wp-block-paragraph\">Pour s\u2019y retrouver, voici les dates cl\u00e9s \u00e0 retenir entre aujourd\u2019hui et le d\u00e9but du temps pascal :<\/p>\n<ul class=\"wp-block-list\">\n<li><strong>18 f\u00e9vrier<\/strong> \u2014 Mercredi des Cendres, d\u00e9but du car\u00eame<\/li>\n<li><strong>29 mars<\/strong> \u2014 Dimanche des Rameaux, entr\u00e9e dans la Semaine sainte<\/li>\n<li><strong>2 avril<\/strong> \u2014 Jeudi saint, fin du car\u00eame<\/li>\n<li><strong>3 avril<\/strong> \u2014 Vendredi saint<\/li>\n<li><strong>4 avril<\/strong> \u2014 Samedi saint (veill\u00e9e pascale)<\/li>\n<li><strong>5 avril<\/strong> \u2014 P\u00e2ques, r\u00e9surrection du Christ<\/li>\n<\/ul>\n<p class=\"wp-block-paragraph\">La Semaine sainte constitue le point culminant de l\u2019ann\u00e9e liturgique. \u00c0 Strasbourg, la cath\u00e9drale et les paroisses des diff\u00e9rents quartiers \u2014 Neudorf, Cronenbourg, Hautepierre, Robertsau \u2014 programment des c\u00e9l\u00e9brations accessibles \u00e0 tous.<\/p>\n<p><img loading=\"lazy\" decoding=\"async\" data-attachment-id=\"8056\" data-permalink=\"https:\/\/strasinfo.fr\/2026\/02\/18\/careme-2026-ca-commence-aujourdhui-a-strasbourg-etes-vous-prets\/fb_img_17713999853116397457718088182618\/\" data-orig-file=\"https:\/\/strasinfo.fr\/wp-content\/uploads\/2026\/02\/fb_img_17713999853116397457718088182618.jpg\" data-orig-size=\"2000,1500\" data-comments-opened=\"0\" data-image-meta=\"{&quot;aperture&quot;:&quot;0&quot;,&quot;credit&quot;:&quot;&quot;,&quot;camera&quot;:&quot;&quot;,&quot;caption&quot;:&quot;&quot;,&quot;created_timestamp&quot;:&quot;0&quot;,&quot;copyright&quot;:&quot;&quot;,&quot;focal_length&quot;:&quot;0&quot;,&quot;iso&quot;:&quot;0&quot;,&quot;shutter_speed&quot;:&quot;0&quot;,&quot;title&quot;:&quot;&quot;,&quot;orientation&quot;:&quot;1&quot;}\" data-image-title=\"fb_img_17713999853116397457718088182618\" data-image-description=\"\" data-image-caption=\"\" data-medium-file=\"https:\/\/strasinfo.fr\/wp-content\/uploads\/2026\/02\/fb_img_17713999853116397457718088182618.jpg?w=300\" data-large-file=\"https:\/\/www.europesays.com\/fr\/wp-content\/uploads\/2026\/02\/fb_img_17713999853116397457718088182618.jpg\" width=\"1024\" height=\"768\" data-id=\"8056\" src=\"https:\/\/www.europesays.com\/fr\/wp-content\/uploads\/2026\/02\/fb_img_17713999853116397457718088182618.jpg\" alt=\"\" class=\"wp-image-8056\"  \/><\/p>\n<p><strong>Un temps qui d\u00e9passe les fronti\u00e8res du religieux<\/strong><\/p>\n<p class=\"wp-block-paragraph\">Dans une ville comme Strasbourg, carrefour europ\u00e9en et capitale symbolique du dialogue interreligieux, le car\u00eame s\u2019observe aussi au-del\u00e0 des seuls pratiquants. Certains non-croyants s\u2019approprient la logique de la p\u00e9riode \u2014 sobri\u00e9t\u00e9, introspection, gestes solidaires \u2014 comme un rituel de recentrage en plein hiver finissant.<\/p>\n<p class=\"wp-block-paragraph\">La signification du car\u00eame reste, en son c\u0153ur, christologique : pr\u00e9parer \u00e0 la P\u00e2que, c\u2019est-\u00e0-dire \u00e0 la mort et \u00e0 la r\u00e9surrection de J\u00e9sus. Mais le mouvement de conversion int\u00e9rieure qu\u2019il propose \u2014 se recentrer sur l\u2019essentiel, renoncer \u00e0 ce qui encombre \u2014 parle \u00e0 bien des Strasbourgeois, croyants ou non.<\/p>\n","protected":false},"excerpt":{"rendered":"C\u2019est aujourd\u2019hui, mercredi 18 f\u00e9vrier 2026, que d\u00e9bute officiellement le car\u00eame pour les chr\u00e9tiens catholiques. \u00c0 Strasbourg, ville&hellip;\n","protected":false},"author":2,"featured_media":742385,"comment_status":"","ping_status":"","sticky":false,"template":"","format":"standard","meta":{"footnotes":"","_share_on_mastodon":"0"},"categories":[2820],"tags":[1111,11,1777,674,1011,27,775,12,25,640],"class_list":["post-742384","post","type-post","status-publish","format-standard","has-post-thumbnail","category-strasbourg","tag-actu","tag-actualites","tag-eu","tag-europe","tag-fr","tag-france","tag-grand-est","tag-news","tag-republique-francaise","tag-strasbourg"],"share_on_mastodon":{"url":"https:\/\/pubeurope.com\/@fr\/116090646586185481","error":""},"_links":{"self":[{"href":"https:\/\/www.europesays.com\/fr\/wp-json\/wp\/v2\/posts\/742384","targetHints":{"allow":["GET"]}}],"collection":[{"href":"https:\/\/www.europesays.com\/fr\/wp-json\/wp\/v2\/posts"}],"about":[{"href":"https:\/\/www.europesays.com\/fr\/wp-json\/wp\/v2\/types\/post"}],"author":[{"embeddable":true,"href":"https:\/\/www.europesays.com\/fr\/wp-json\/wp\/v2\/users\/2"}],"replies":[{"embeddable":true,"href":"https:\/\/www.europesays.com\/fr\/wp-json\/wp\/v2\/comments?post=742384"}],"version-history":[{"count":0,"href":"https:\/\/www.europesays.com\/fr\/wp-json\/wp\/v2\/posts\/742384\/revisions"}],"wp:featuredmedia":[{"embeddable":true,"href":"https:\/\/www.europesays.com\/fr\/wp-json\/wp\/v2\/media\/742385"}],"wp:attachment":[{"href":"https:\/\/www.europesays.com\/fr\/wp-json\/wp\/v2\/media?parent=742384"}],"wp:term":[{"taxonomy":"category","embeddable":true,"href":"https:\/\/www.europesays.com\/fr\/wp-json\/wp\/v2\/categories?post=742384"},{"taxonomy":"post_tag","embeddable":true,"href":"https:\/\/www.europesays.com\/fr\/wp-json\/wp\/v2\/tags?post=742384"}],"curies":[{"name":"wp","href":"https:\/\/api.w.org\/{rel}","templated":true}]}}