{"id":742386,"date":"2026-02-18T08:17:22","date_gmt":"2026-02-18T08:17:22","guid":{"rendered":"https:\/\/www.europesays.com\/fr\/742386\/"},"modified":"2026-02-18T08:17:22","modified_gmt":"2026-02-18T08:17:22","slug":"a-nice-la-creation-dune-federation-des-comites-de-quartier-divise","status":"publish","type":"post","link":"https:\/\/www.europesays.com\/fr\/742386\/","title":{"rendered":"\u00e0 Nice, la cr\u00e9ation d\u2019une \u00ab f\u00e9d\u00e9ration \u00bb des comit\u00e9s de quartier divise"},"content":{"rendered":"<p class=\"fs-5 \">Faut-il regrouper les comit\u00e9s de quartiers de Nice en une f\u00e9d\u00e9ration ? L\u2019id\u00e9e a germ\u00e9 en avril, avec la cr\u00e9ation d\u2019une association regroupant plusieurs comit\u00e9s.<\/p>\n<p class=\"fs-5 \">Une initiative qui divise, tant chez les repr\u00e9sentants des quartiers que chez les politiques.<\/p>\n<p class=\"fs-5 \">Compos\u00e9e au d\u00e9part de huit comit\u00e9s de quartiers, la f\u00e9d\u00e9ration dit en rassembler d\u00e9sormais quatorze.<\/p>\n<p class=\"fs-5 \">L\u2019association vise, selon ses statuts, \u00e0 \u00ab repr\u00e9senter les comit\u00e9s de quartiers aupr\u00e8s des institutions sur les probl\u00e9matiques transversales \u00bb et \u00ab porter une parole citoyenne collective \u00e0 l\u2019\u00e9chelle de la ville \u00bb, en agissant comme \u00ab instance de coordination \u00bb.<\/p>\n<p>    Le candidat Estrosi absent&#8230; Volontairement<\/p>\n<p class=\"fs-5 \">Le groupe a pr\u00e9sent\u00e9 ses v\u0153ux fin janvier, invitant l\u2019ensemble des candidats aux \u00e9lections municipales de Nice. \u00c9ric Ciotti (UDR) a r\u00e9pondu pr\u00e9sent et d\u00e9nonc\u00e9 la chaise vide de Christian Estrosi (Horizons) sur les r\u00e9seaux sociaux.<\/p>\n<p class=\"fs-5 \">\u00ab Un v\u00e9ritable m\u00e9pris d\u00e9mocratique \u00bb, a tacl\u00e9 le candidat de l\u2019Union des droites pour la R\u00e9publique sur le r\u00e9seau social X le soir de la c\u00e9r\u00e9monie, le 29 janvier.<\/p>\n<p class=\"fs-5 \">En r\u00e9alit\u00e9, l\u2019absence de Christian Estrosi n\u2019\u00e9tait pas fortuite. Le jour de la c\u00e9r\u00e9monie, son \u00e9quipe a distribu\u00e9 un courrier aux pr\u00e9sidents des comit\u00e9s de quartiers constituants la f\u00e9d\u00e9ration pour leur faire part de son interrogation.<\/p>\n<p class=\"fs-5 \">\u00ab Elle intervient dans un contexte de campagne \u00e9lectorale, p\u00e9riode au cours de laquelle la ville a toujours veill\u00e9 \u00e0 ce que les comit\u00e9s de quartiers respectent la stricte neutralit\u00e9 qu\u2019impose cette p\u00e9riode \u00bb, rappelle Christian Estrosi.<\/p>\n<p class=\"fs-5 \">L\u2019actuel maire de Nice regrette une \u00ab initiative politique \u00bb et alerte sur un \u00ab risque r\u00e9el de dilution de [l\u2019] identit\u00e9 \u00bb des quartiers dans ce groupement.<\/p>\n<p class=\"fs-5 \">Le maire sortant conclut qu\u2019il continuera \u00e0 \u00e9changer avec chacun, ind\u00e9pendamment.<\/p>\n<p>    Une f\u00e9d\u00e9ration qui \u00ab refuse toute politique \u00bb<\/p>\n<p class=\"fs-5 \">Kirkor Ajderhanyan, le coordinateur de la f\u00e9d\u00e9ration, se d\u00e9fend de toute accusation de parti pris politique.<\/p>\n<p class=\"fs-5 \">\u00ab La fondation refuse strictement toute politique partisane, politicienne ou instrumentalis\u00e9e \u00bb, mart\u00e8le-t-il, appelant publiquement Christian Estrosi \u00e0 se manifester pour soutenir l\u2019initiative.<\/p>\n<p class=\"fs-5 \">Pour l\u2019heure, la f\u00e9d\u00e9ration refuse de communiquer sur le nom des comit\u00e9s de quartiers signataires pour \u00ab \u00e9viter toute instrumentalisation \u00bb.<\/p>\n<p>    40 associations de riverains contestent l\u2019initiative<\/p>\n<p class=\"fs-5 \">Parall\u00e8lement, dans une tribune publi\u00e9e le 5 f\u00e9vrier dans Nice-Presse, 40 associations de riverains r\u00e9prouvent cette f\u00e9d\u00e9ration, notamment pour \u00ab pr\u00e9server [leur] libert\u00e9 d\u2019action et [leur] ind\u00e9pendance \u00bb.<\/p>\n<p class=\"fs-5 \">Aupr\u00e8s de Nice-Matin, l\u2019un des signataires explique que \u00ab le timing n\u2019est pas appropri\u00e9. J\u2019ai rencontr\u00e9 Kirkor Ajderhanyan, je lui ai transmis nos dol\u00e9ances \u00e0 plusieurs reprises. Mais en pleine p\u00e9riode d\u2019\u00e9lections municipales, alors que des rumeurs disent qu\u2019il pourrait rejoindre la liste de Ciotti, c\u2019est trop clivant \u00bb, explique Michel Auda, pr\u00e9sident du comit\u00e9 de quartier de Gairaut.<\/p>\n<p class=\"fs-5 \">Dans le quartier de la Lib\u00e9ration, on estime que \u00ab chaque quartier a ses probl\u00e8mes. Une f\u00e9d\u00e9ration me semblait une bonne id\u00e9e au d\u00e9part. Mais les \u00e9changes que nous avons avec la mairie sont satisfaisants. Je ne voyais pas l\u2019utilit\u00e9 de cr\u00e9er et rejoindre une nouvelle structure \u00bb, d\u00e9taille Claude Queffurus, le pr\u00e9sident du comit\u00e9 de quartier Lib\u00e9ration-Malauss\u00e9na.<\/p>\n","protected":false},"excerpt":{"rendered":"Faut-il regrouper les comit\u00e9s de quartiers de Nice en une f\u00e9d\u00e9ration ? L\u2019id\u00e9e a germ\u00e9 en avril, avec&hellip;\n","protected":false},"author":2,"featured_media":742387,"comment_status":"","ping_status":"","sticky":false,"template":"","format":"standard","meta":{"footnotes":"","_share_on_mastodon":"0"},"categories":[2819],"tags":[1111,11,1777,674,1011,27,12,2401,882,25],"class_list":["post-742386","post","type-post","status-publish","format-standard","has-post-thumbnail","category-nice","tag-actu","tag-actualites","tag-eu","tag-europe","tag-fr","tag-france","tag-news","tag-nice","tag-provence-alpes-cote-dazur","tag-republique-francaise"],"share_on_mastodon":{"url":"https:\/\/pubeurope.com\/@fr\/116090650472828184","error":""},"_links":{"self":[{"href":"https:\/\/www.europesays.com\/fr\/wp-json\/wp\/v2\/posts\/742386","targetHints":{"allow":["GET"]}}],"collection":[{"href":"https:\/\/www.europesays.com\/fr\/wp-json\/wp\/v2\/posts"}],"about":[{"href":"https:\/\/www.europesays.com\/fr\/wp-json\/wp\/v2\/types\/post"}],"author":[{"embeddable":true,"href":"https:\/\/www.europesays.com\/fr\/wp-json\/wp\/v2\/users\/2"}],"replies":[{"embeddable":true,"href":"https:\/\/www.europesays.com\/fr\/wp-json\/wp\/v2\/comments?post=742386"}],"version-history":[{"count":0,"href":"https:\/\/www.europesays.com\/fr\/wp-json\/wp\/v2\/posts\/742386\/revisions"}],"wp:featuredmedia":[{"embeddable":true,"href":"https:\/\/www.europesays.com\/fr\/wp-json\/wp\/v2\/media\/742387"}],"wp:attachment":[{"href":"https:\/\/www.europesays.com\/fr\/wp-json\/wp\/v2\/media?parent=742386"}],"wp:term":[{"taxonomy":"category","embeddable":true,"href":"https:\/\/www.europesays.com\/fr\/wp-json\/wp\/v2\/categories?post=742386"},{"taxonomy":"post_tag","embeddable":true,"href":"https:\/\/www.europesays.com\/fr\/wp-json\/wp\/v2\/tags?post=742386"}],"curies":[{"name":"wp","href":"https:\/\/api.w.org\/{rel}","templated":true}]}}