{"id":742392,"date":"2026-02-18T08:20:30","date_gmt":"2026-02-18T08:20:30","guid":{"rendered":"https:\/\/www.europesays.com\/fr\/742392\/"},"modified":"2026-02-18T08:20:30","modified_gmt":"2026-02-18T08:20:30","slug":"fc-nantes-mariam-toloba-elue-joueuse-du-mois-de-janvier-en-premiere-ligue","status":"publish","type":"post","link":"https:\/\/www.europesays.com\/fr\/742392\/","title":{"rendered":"FC Nantes. Mariam Toloba \u00e9lue joueuse du mois de janvier en Premi\u00e8re Ligue"},"content":{"rendered":"<p>La F\u00e9d\u00e9ration Fran\u00e7aise de Football a annonc\u00e9 mardi que l\u2019attaquante nantaise <strong>Mariam Toloba<\/strong> (26 ans) avait \u00e9t\u00e9 \u00e9lue joueuse du mois de janvier 2026 en Premi\u00e8re Ligue. Elle est la troisi\u00e8me joueuse du FC Nantes \u00e0 recevoir cette distinction apr\u00e8s <strong>Manon Uffren<\/strong> en octobre 2024 et <strong>Lucie Calba<\/strong> en <a href=\"https:\/\/tribunenantaise.fr\/actus-fcnantes\/formations-feminines\/fc-nantes-lucie-calba-joueuse-du-mois-de-decembre-en-premiere-ligue\/\" target=\"_blank\" rel=\"noopener nofollow\">d\u00e9cembre 2025<\/a>. L\u2019internationale belge a r\u00e9colt\u00e9 44,02% des votes.<\/p>\n<p>La native de Gand devance Nadia Krezyman (Dijon FCO) et Myl\u00e8ne Chavas (Paris FC). Arriv\u00e9e en <a href=\"https:\/\/tribunenantaise.fr\/actus-fcnantes\/mercato-mariam-toloba-debarque-au-fc-nantes\/\" target=\"_blank\" rel=\"noopener nofollow\">juin 2025<\/a> sur les bords de l\u2019Erdre, elle totalise quatre buts et deux offrandes en douze matchs de championnat cette saison. Le mois dernier, la num\u00e9ro 77 des Canaries s\u2019est distingu\u00e9e en marquant deux buts (contre le Paris FC et le RC Lens) et en d\u00e9livrant une passe d\u00e9cisive (face \u00e0 Saint-\u00c9tienne).<\/p>\n","protected":false},"excerpt":{"rendered":"La F\u00e9d\u00e9ration Fran\u00e7aise de Football a annonc\u00e9 mardi que l\u2019attaquante nantaise Mariam Toloba (26 ans) avait \u00e9t\u00e9 \u00e9lue&hellip;\n","protected":false},"author":2,"featured_media":742393,"comment_status":"","ping_status":"","sticky":false,"template":"","format":"standard","meta":{"footnotes":"","_share_on_mastodon":"0"},"categories":[2818],"tags":[1111,11,1777,674,1011,27,766,12,2636,25],"class_list":["post-742392","post","type-post","status-publish","format-standard","has-post-thumbnail","category-nantes","tag-actu","tag-actualites","tag-eu","tag-europe","tag-fr","tag-france","tag-nantes","tag-news","tag-pays-de-la-loire","tag-republique-francaise"],"share_on_mastodon":{"url":"https:\/\/pubeurope.com\/@fr\/116090662085959398","error":""},"_links":{"self":[{"href":"https:\/\/www.europesays.com\/fr\/wp-json\/wp\/v2\/posts\/742392","targetHints":{"allow":["GET"]}}],"collection":[{"href":"https:\/\/www.europesays.com\/fr\/wp-json\/wp\/v2\/posts"}],"about":[{"href":"https:\/\/www.europesays.com\/fr\/wp-json\/wp\/v2\/types\/post"}],"author":[{"embeddable":true,"href":"https:\/\/www.europesays.com\/fr\/wp-json\/wp\/v2\/users\/2"}],"replies":[{"embeddable":true,"href":"https:\/\/www.europesays.com\/fr\/wp-json\/wp\/v2\/comments?post=742392"}],"version-history":[{"count":0,"href":"https:\/\/www.europesays.com\/fr\/wp-json\/wp\/v2\/posts\/742392\/revisions"}],"wp:featuredmedia":[{"embeddable":true,"href":"https:\/\/www.europesays.com\/fr\/wp-json\/wp\/v2\/media\/742393"}],"wp:attachment":[{"href":"https:\/\/www.europesays.com\/fr\/wp-json\/wp\/v2\/media?parent=742392"}],"wp:term":[{"taxonomy":"category","embeddable":true,"href":"https:\/\/www.europesays.com\/fr\/wp-json\/wp\/v2\/categories?post=742392"},{"taxonomy":"post_tag","embeddable":true,"href":"https:\/\/www.europesays.com\/fr\/wp-json\/wp\/v2\/tags?post=742392"}],"curies":[{"name":"wp","href":"https:\/\/api.w.org\/{rel}","templated":true}]}}