{"id":742394,"date":"2026-02-18T08:21:11","date_gmt":"2026-02-18T08:21:11","guid":{"rendered":"https:\/\/www.europesays.com\/fr\/742394\/"},"modified":"2026-02-18T08:21:11","modified_gmt":"2026-02-18T08:21:11","slug":"airbus-recrute-pres-de-200-postes-entre-rochefort-et-merignac","status":"publish","type":"post","link":"https:\/\/www.europesays.com\/fr\/742394\/","title":{"rendered":"Airbus recrute pr\u00e8s de 200 postes entre Rochefort et M\u00e9rignac"},"content":{"rendered":"<p>Au total, 1.700 recrutements sont pr\u00e9vus pour soutenir l\u2019activit\u00e9 d\u2019Airbus Atlantic dont pr\u00e8s de 200 postes sont \u00e0 pourvoir dans le Sud Ouest.<\/p>\n<p>L&rsquo;entreprise a\u00e9ronautique Airbus lance une campagne de recrutement d&rsquo;envergure. Au total, 1.700 postes sont \u00e0 pourvoir partout en France dont pr\u00e8s de 200 en Gironde et en Charente-Maritime. Ces recrutements s\u2019inscrivent dans un contexte de forte acc\u00e9l\u00e9ration des cadences, port\u00e9 par des carnets de commandes records et des innovations technologiques majeures dans la fili\u00e8re a\u00e9ronautique.\u00a0Selon les postes, \u00ab aucun dipl\u00f4me ni exp\u00e9rience sp\u00e9cifique ne sont requis \u00bb, assure Proman qui se charge du recrutement pour Airbus. L\u2019accent est mis sur le savoir \u00eatre, la motivation et le potentiel, avec des dispositifs de formation adapt\u00e9s.<\/p>\n<p>Des bassin d&#8217;emploi li\u00e9s \u00e0 l&rsquo;a\u00e9ronautique<\/p>\n<p>Le site de Rochefort constitue un maillon cl\u00e9 dans la fabrication d\u2019a\u00e9rostructures. Cent soixante postes y sont ouverts pour des missions en int\u00e9rim et\/ou en CDI. Les besoins principaux concernent principalement des profils techniques indispensables \u00e0 la production, des ajusteurs structures, des m\u00e9caniciens structures  et des m\u00e9caniciens syst\u00e8mes.\u00a0Airbus avait d\u00e9j\u00e0 recrut\u00e9 120 personnes en CDI en 2024 \u00e0 Rochefort. Lors de l\u2019inauguration des halls n\u00b01, n\u00b02 et n\u00b03, il restait encore 80 postes \u00e0 pourvoir.\u00a0Le site rochefortais avait d&rsquo;ailleurs d\u00e9pass\u00e9 la barre des 1.000 salari\u00e9s en CDI, contre 600 en 2022 et 250 int\u00e9rimaires.<\/p>\n<p>\u00c0 M\u00e9rignac, 30 postes sont \u00e0 pourvoir pour renforcer les \u00e9quipes sur des m\u00e9tiers similaires : ajusteurs, m\u00e9caniciens structures et m\u00e9caniciens syst\u00e8mes. Le site est situ\u00e9 au c\u0153ur d\u2019un bassin d\u2019emploi historiquement li\u00e9 \u00e0 l\u2019a\u00e9ronautique.<\/p>\n<p>Les candidats int\u00e9ress\u00e9s peuvent postuler sur le site <a href=\"http:\/\/www.proman-emploi.fr\" target=\"_blank\" rel=\"nofollow noopener\">www.proman-emploi.fr<\/a>. <\/p>\n<p><a href=\"https:\/\/www.placeco.fr\/pays-basque\/strategie\/article\/rochefort-airbus-atlantic-va-recruter-200-cdi-8256\" target=\"_blank\" rel=\"nofollow noopener\">\u00a0\u00a0\u00a0\u00a0<\/a><b><a href=\"https:\/\/www.placeco.fr\/pays-basque\/strategie\/article\/rochefort-airbus-atlantic-va-recruter-200-cdi-8256\" target=\"_blank\" rel=\"nofollow noopener\">\u00c0\u00a0 lire \u00e9galement :\u00a0Rochefort, Airbus Atlantic va recruter 200 CDI<\/a><\/b><\/p>\n<p>\u00a0<b><a href=\"https:\/\/www.airbus.com\/fr\/airbus-atlantic\/career?cid=psearch__careers__fr-FR__co__google__Search2026__Tarffic__-Generique&amp;utm_source=google&amp;utm_medium=psearch&amp;utm_campaign=careers__fr-FR__co__Search2026__Tarffic&amp;utm_content=__Generique&amp;gad_source=1&amp;gad_campaignid=23421385863&amp;gbraid=0AAAABCX6QoEn9l2MGdNs2QbJI7CD97yb_&amp;gclid=CjwKCAiAwNDMBhBfEiwAd7ti1DbnlBLXMeAGabDYMJ-EYZudDITLUF1TKvvT2XkBAbKW6i8yFD9nMRoCSIkQAvD_BwE\" target=\"_blank\" rel=\"nofollow noopener\">Airbus<\/a> <\/b><br \/>15.000 collaborateurs<br \/>Pr\u00e9sence dans 5 pays <br \/>6.3 milliards d&rsquo;euros de CA estim\u00e9 en 2026<b><br \/><\/b><\/p>\n","protected":false},"excerpt":{"rendered":"Au total, 1.700 recrutements sont pr\u00e9vus pour soutenir l\u2019activit\u00e9 d\u2019Airbus Atlantic dont pr\u00e8s de 200 postes sont \u00e0&hellip;\n","protected":false},"author":2,"featured_media":742395,"comment_status":"","ping_status":"","sticky":false,"template":"","format":"standard","meta":{"footnotes":"","_share_on_mastodon":"0"},"categories":[2817],"tags":[1111,11,1997,1777,674,1011,27,12,2219,5645,25],"class_list":["post-742394","post","type-post","status-publish","format-standard","has-post-thumbnail","category-bordeaux","tag-actu","tag-actualites","tag-bordeaux","tag-eu","tag-europe","tag-fr","tag-france","tag-news","tag-nouvelle-aquitaine","tag-placco-placeco","tag-republique-francaise"],"share_on_mastodon":{"url":"https:\/\/pubeurope.com\/@fr\/116090666093687028","error":""},"_links":{"self":[{"href":"https:\/\/www.europesays.com\/fr\/wp-json\/wp\/v2\/posts\/742394","targetHints":{"allow":["GET"]}}],"collection":[{"href":"https:\/\/www.europesays.com\/fr\/wp-json\/wp\/v2\/posts"}],"about":[{"href":"https:\/\/www.europesays.com\/fr\/wp-json\/wp\/v2\/types\/post"}],"author":[{"embeddable":true,"href":"https:\/\/www.europesays.com\/fr\/wp-json\/wp\/v2\/users\/2"}],"replies":[{"embeddable":true,"href":"https:\/\/www.europesays.com\/fr\/wp-json\/wp\/v2\/comments?post=742394"}],"version-history":[{"count":0,"href":"https:\/\/www.europesays.com\/fr\/wp-json\/wp\/v2\/posts\/742394\/revisions"}],"wp:featuredmedia":[{"embeddable":true,"href":"https:\/\/www.europesays.com\/fr\/wp-json\/wp\/v2\/media\/742395"}],"wp:attachment":[{"href":"https:\/\/www.europesays.com\/fr\/wp-json\/wp\/v2\/media?parent=742394"}],"wp:term":[{"taxonomy":"category","embeddable":true,"href":"https:\/\/www.europesays.com\/fr\/wp-json\/wp\/v2\/categories?post=742394"},{"taxonomy":"post_tag","embeddable":true,"href":"https:\/\/www.europesays.com\/fr\/wp-json\/wp\/v2\/tags?post=742394"}],"curies":[{"name":"wp","href":"https:\/\/api.w.org\/{rel}","templated":true}]}}