{"id":742396,"date":"2026-02-18T08:22:11","date_gmt":"2026-02-18T08:22:11","guid":{"rendered":"https:\/\/www.europesays.com\/fr\/742396\/"},"modified":"2026-02-18T08:22:11","modified_gmt":"2026-02-18T08:22:11","slug":"ramadan-2026-paris-marseille-bordeaux-a-quelle-heure-pourrez-vous-rompre-le-jeune-selon-votre-ville","status":"publish","type":"post","link":"https:\/\/www.europesays.com\/fr\/742396\/","title":{"rendered":"Ramadan 2026. Paris, Marseille, Bordeaux\u2026 \u00c0 quelle heure pourrez-vous rompre le je\u00fbne selon votre ville\u00a0?"},"content":{"rendered":"<p>                    Par<br \/>\n        <strong><br \/>\n            <a href=\"https:\/\/actu.fr\/auteur\/redaction-actu\" title=\"Consulter tous les articles de R\u00e9daction Actu\" rel=\"nofollow noopener\" target=\"_blank\">R\u00e9daction Actu<\/a><br \/>\n                    <\/strong><\/p>\n<p>        Publi\u00e9 le<\/p>\n<p>            18 f\u00e9vr. 2026 \u00e0 9h16        <\/p>\n<p>Les musulmans pratiquants entrent, \u00e0 partir du mercredi 18 f\u00e9vrier, dans le mois saint du ramadan, qui va se poursuivre <a href=\"https:\/\/actu.fr\/societe\/ramadan-2026-nuit-du-doute-aid-el-fitr-toutes-les-dates-a-connaitre-cette-annee-pour-le-mois-saint_63755682.html\" rel=\"nofollow noopener\" target=\"_blank\">jusqu\u2019au 20\u00a0mars<\/a>, selon le calendrier lunaire \u00e9tabli par <a href=\"https:\/\/actu.fr\/ile-de-france\/paris_75056\/ramadan-2026-la-grande-mosquee-vient-d-officialiser-la-date-de-debut-du-jeune_63855575.html\" rel=\"nofollow noopener\" target=\"_blank\">la Grande mosqu\u00e9e de Paris<\/a>.<\/p>\n<p class=\" wall-content\">Durant <a href=\"https:\/\/actu.fr\/tag\/ramadan\" rel=\"nofollow noopener\" target=\"_blank\">cette p\u00e9riode<\/a>, les croyants sont invit\u00e9s \u00e0 s\u2019abstenir de boire, de manger, de fumer et d\u2019avoir des relations sexuelles, de l\u2019aube jusqu\u2019au coucher du soleil. <a href=\"https:\/\/actu.fr\/societe\/video-ramadan-2024-j-ai-suivi-une-famille-musulmane-du-lever-du-soleil-au-repas-de-coupure-du-jeune_60873549.html\" rel=\"nofollow noopener\" target=\"_blank\">Il s\u2019agit \u00e9galement d\u2019un moment d\u2019introspection<\/a>, de pri\u00e8res, et de g\u00e9n\u00e9rosit\u00e9 avec les n\u00e9cessiteux.<\/p>\n<p>Quand peut-on faire l\u2019iftar \u00e0 Paris, Lyon ou Bordeaux\u2009?<\/p>\n<p class=\" wall-content\">En hiver, la p\u00e9riode je\u00fbn\u00e9e du ramadan est plus courte, car l\u2019iftar, soit le moment de rompre le je\u00fbne, intervient au coucher du soleil, qui arrive en ce moment <strong>aux alentours de 18\u00a0heures ou 18\u2009h\u200930<\/strong>. En effet, l\u2019heure du coucher du soleil n\u2019est pas la m\u00eame selon si l\u2019on est \u00e0 Paris, Dijon, Nice ou Nantes\u2009: le repas du soir ne se pratique donc pas en m\u00eame temps partout en France.<\/p>\n<p class=\" wall-content\">Pour vous r\u00e9sumer tout \u00e7a et vous permettre de vous rep\u00e9rer, voici un tableau sur l\u2019ensemble de la p\u00e9riode, avec pour point de rep\u00e8re les principales villes fran\u00e7aises\u2009:<\/p>\n<p class=\" wall-content\">\n<p class=\" wall-content\">Si le tableau ne s\u2019affiche pas, <a href=\"https:\/\/public.flourish.studio\/visualisation\/27684275\/\" rel=\"nofollow noopener\" target=\"_blank\">cliquez ici<\/a>.<\/p>\n<p class=\" wall-content\">L\u2019heure du coucher du soleil indiqu\u00e9e a \u00e9t\u00e9 d\u00e9termin\u00e9e par la NOAA, l\u2019agence m\u00e9t\u00e9orologique am\u00e9ricaine.<\/p>\n<p class=\" wall-content\">Personnalisez votre actualit\u00e9 en ajoutant vos villes et m\u00e9dias en favori avec <a href=\"https:\/\/moncompte.actu.fr\" title=\"D\u00e9couvez Mon Actu\" rel=\"nofollow noopener\" data-trk=\"{&quot;cta&quot;:{&quot;action&quot;:&quot;https:\\\/\\\/moncompte.actu.fr&quot;,&quot;category&quot;:&quot;mon compte&quot;,&quot;from&quot;:&quot;article footer&quot;,&quot;name&quot;:&quot;Mon actu&quot;,&quot;type&quot;:&quot;cta&quot;}}\" target=\"_blank\">Mon Actu<\/a>.<\/p>\n","protected":false},"excerpt":{"rendered":"Par R\u00e9daction Actu Publi\u00e9 le 18 f\u00e9vr. 2026 \u00e0 9h16 Les musulmans pratiquants entrent, \u00e0 partir du mercredi&hellip;\n","protected":false},"author":2,"featured_media":742397,"comment_status":"","ping_status":"","sticky":false,"template":"","format":"standard","meta":{"footnotes":"","_share_on_mastodon":"0"},"categories":[2817],"tags":[1111,11,1997,1777,674,1011,27,5318,12,2219,75243,4020,25,104],"class_list":["post-742396","post","type-post","status-publish","format-standard","has-post-thumbnail","category-bordeaux","tag-actu","tag-actualites","tag-bordeaux","tag-eu","tag-europe","tag-fr","tag-france","tag-islam","tag-news","tag-nouvelle-aquitaine","tag-ramadan","tag-religion","tag-republique-francaise","tag-societe"],"share_on_mastodon":{"url":"https:\/\/pubeurope.com\/@fr\/116090669869784299","error":""},"_links":{"self":[{"href":"https:\/\/www.europesays.com\/fr\/wp-json\/wp\/v2\/posts\/742396","targetHints":{"allow":["GET"]}}],"collection":[{"href":"https:\/\/www.europesays.com\/fr\/wp-json\/wp\/v2\/posts"}],"about":[{"href":"https:\/\/www.europesays.com\/fr\/wp-json\/wp\/v2\/types\/post"}],"author":[{"embeddable":true,"href":"https:\/\/www.europesays.com\/fr\/wp-json\/wp\/v2\/users\/2"}],"replies":[{"embeddable":true,"href":"https:\/\/www.europesays.com\/fr\/wp-json\/wp\/v2\/comments?post=742396"}],"version-history":[{"count":0,"href":"https:\/\/www.europesays.com\/fr\/wp-json\/wp\/v2\/posts\/742396\/revisions"}],"wp:featuredmedia":[{"embeddable":true,"href":"https:\/\/www.europesays.com\/fr\/wp-json\/wp\/v2\/media\/742397"}],"wp:attachment":[{"href":"https:\/\/www.europesays.com\/fr\/wp-json\/wp\/v2\/media?parent=742396"}],"wp:term":[{"taxonomy":"category","embeddable":true,"href":"https:\/\/www.europesays.com\/fr\/wp-json\/wp\/v2\/categories?post=742396"},{"taxonomy":"post_tag","embeddable":true,"href":"https:\/\/www.europesays.com\/fr\/wp-json\/wp\/v2\/tags?post=742396"}],"curies":[{"name":"wp","href":"https:\/\/api.w.org\/{rel}","templated":true}]}}