{"id":742408,"date":"2026-02-18T08:28:22","date_gmt":"2026-02-18T08:28:22","guid":{"rendered":"https:\/\/www.europesays.com\/fr\/742408\/"},"modified":"2026-02-18T08:28:22","modified_gmt":"2026-02-18T08:28:22","slug":"marseille-culture-les-rencontres-daverroes-et-lorient-le-jour-sunissent-pour-une-edition-historique","status":"publish","type":"post","link":"https:\/\/www.europesays.com\/fr\/742408\/","title":{"rendered":"MARSEILLE : Culture &#8211; Les Rencontres d\u2019Averro\u00e8s et L\u2019Orient-Le Jour s\u2019unissent pour une \u00e9dition historique"},"content":{"rendered":"<p style=\"text-align: left;\"><strong>Dans le cadre de la Saison M\u00e9diterran\u00e9e 2026, les Nouvelles Rencontres d\u2019Averro\u00e8s s\u2019associent au journal L\u2019Orient-Le Jour pour un temps fort in\u00e9dit.<\/strong><\/p>\n<p style=\"text-align: left;\">C\u2019est une alliance symbolique forte entre Marseille et Beyrouth qui se dessine pour l\u2019automne 2026. Du 28 octobre au 1er novembre, les Nouvelles Rencontres d\u2019Averro\u00e8s proposeront une \u00e9dition augment\u00e9e et particuli\u00e8rement ambitieuse. Labellis\u00e9 \u00ab Temps fort \u00bb de la Saison M\u00e9diterran\u00e9e 2026, l\u2019\u00e9v\u00e9nement est con\u00e7u cette ann\u00e9e en \u00e9troite collaboration avec le groupe de presse libanais L\u2019Orient-Le Jour.<\/p>\n<p style=\"text-align: left;\">Cr\u00e9\u00e9es en 1994, ces rencontres se sont impos\u00e9es au fil des d\u00e9cennies comme un rendez-vous incontournable consacr\u00e9 \u00e0 la vie des id\u00e9es \u00e0 l\u2019\u00e9chelle du bassin m\u00e9diterran\u00e9en. Port\u00e9es par l\u2019association \u00ab Des livres comme des id\u00e9es \u00bb, elles poursuivent leur travail d\u2019exploration intellectuelle et sensible sous une forme renouvel\u00e9e. Cette \u00e9dition franco-libanaise promet de marquer une \u00e9tape majeure dans l\u2019histoire du festival.<\/p>\n<p style=\"text-align: left;\"><strong>Un partenariat sous le signe de la libert\u00e9<\/strong><\/p>\n<p style=\"text-align: left;\">Le choix du partenaire ne doit rien au hasard. Seul quotidien francophone du Moyen-Orient, L\u2019Orient-Le Jour vient de c\u00e9l\u00e9brer son centenaire. Une long\u00e9vit\u00e9 qui t\u00e9moigne d\u2019un si\u00e8cle d\u2019ind\u00e9pendance, de rigueur journalistique et d\u2019une libert\u00e9 de ton farouchement pr\u00e9serv\u00e9e. Exempt de tout financement \u00e9tatique ou politique, le m\u00e9dia libanais porte des principes humanistes forts, se positionnant contre les fanatismes et d\u00e9fendant l\u2019\u00c9tat de droit, la diversit\u00e9 culturelle ainsi que le dialogue des religions.<\/p>\n<p style=\"text-align: left;\">Cette collaboration permet d\u2019inventer une programmation commune, nourrie de dialogues constants entre les deux rives de la M\u00e9diterran\u00e9e. Auteurs, chercheurs, artistes et journalistes seront r\u00e9unis pour explorer les dynamiques actuelles de la r\u00e9gion. Pour amplifier la port\u00e9e de l\u2019\u00e9v\u00e9nement, le quotidien publiera une \u00e9dition sp\u00e9ciale destin\u00e9e \u00e0 faire r\u00e9sonner les d\u00e9bats aupr\u00e8s de ses 1,5 million de lecteurs r\u00e9partis dans une centaine de pays.<\/p>\n<p style=\"text-align: left;\"><strong>Franchir et s\u2019affranchir : les th\u00e9matiques 2026<\/strong><\/p>\n<p style=\"text-align: left;\">Plac\u00e9e sous le double mot d\u2019ordre \u00ab Franchir \/ s\u2019affranchir \u00bb, cette \u00e9dition explorera les mouvements de circulation et d\u2019\u00e9mancipation. La programmation s\u2019articulera autour de trois grands axes de r\u00e9flexion. Le premier abordera les corps et les luttes pour l\u2019\u00e9mancipation, tant dans les r\u00e9cits migratoires que dans les combats sociaux et politiques.<\/p>\n<p style=\"text-align: left;\">Le deuxi\u00e8me axe, intitul\u00e9 \u00ab Trafic des id\u00e9es \u00bb, interrogera la circulation des concepts et la possibilit\u00e9 de b\u00e2tir des pens\u00e9es communes d\u2019une rive \u00e0 l\u2019autre. Enfin, le troisi\u00e8me volet se penchera sur les aspirations contrari\u00e9es et les citoyennet\u00e9s r\u00e9invent\u00e9es, quinze ans apr\u00e8s les bouleversements des Printemps arabes.<\/p>\n<p style=\"text-align: left;\"><strong>L\u2019h\u00e9ritage du philosophe Averro\u00e8s<\/strong><\/p>\n<p style=\"text-align: left;\">L\u2019ann\u00e9e 2026 rev\u00eat une importance particuli\u00e8re puisqu\u2019elle co\u00efncide avec les 900 ans de la naissance du philosophe andalou Averro\u00e8s (Ibn Rushd). Figure tut\u00e9laire de l\u2019\u00e9v\u00e9nement, ce g\u00e9ant de la pens\u00e9e islamique m\u00e9di\u00e9vale, traducteur et passeur de savoirs, sera au c\u0153ur d\u2019un grand entretien, men\u00e9 notamment avec le philosophe Jean-Baptiste Brenet. L\u2019objectif sera d\u2019interroger l\u2019actualit\u00e9 de son h\u00e9ritage intellectuel. Des masterclasses viendront enrichir ces d\u00e9bats en donnant la parole aux acteurs de terrain.<\/p>\n<p style=\"text-align: left;\"><strong>Une programmation artistique foisonnante<\/strong><\/p>\n<p style=\"text-align: left;\">Fid\u00e8les \u00e0 leur identit\u00e9 pluridisciplinaire, les Nouvelles Rencontres d\u2019Averro\u00e8s ne se limiteront pas aux d\u00e9bats d\u2019id\u00e9es. De grandes soir\u00e9es m\u00ealant musique, litt\u00e9rature et arts visuels sont pr\u00e9vues, illustrant la connexion franco-libanaise. Parmi les temps forts annonc\u00e9s, le public pourra d\u00e9couvrir \u00ab Loghof\u00e8te, ou le pr\u00e9nom perdu \u00bb, une cr\u00e9ation de Fred Nevch\u00e9 \u00e0 l\u2019Espace Julien, con\u00e7ue \u00e0 partir d\u2019une enqu\u00eate familiale men\u00e9e \u00e0 Beyrouth avec la chercheuse Diala Lteif.<\/p>\n<p style=\"text-align: left;\">Le dessinateur Charles Berberian proposera un concert dessin\u00e9 autour de sa bande dessin\u00e9e \u00ab L\u2019\u00c9ducation orientale \u00bb. Le Silo accueillera quant \u00e0 lui un grand concert de Bachar Mar-Khalif\u00e9, qui revisitera le r\u00e9pertoire du chanteur Christophe. Enfin, le \u00ab Rima Po\u00e9sie Club \u00bb, port\u00e9 par Rima Abdul Malak, directrice de L\u2019Orient-Le Jour, r\u00e9unira diverses voix po\u00e9tiques de la M\u00e9diterran\u00e9e.<\/p>\n<p style=\"text-align: left;\"><strong>Ancrage local et ouverture \u00e0 la jeunesse<\/strong><\/p>\n<p style=\"text-align: left;\">L\u2019\u00e9v\u00e9nement entend \u00e9galement s\u2019ancrer dans le tissu local marseillais. Des parcours culinaires seront organis\u00e9s avec les restaurateurs des quartiers de Noailles et du Cours Julien. La jeunesse sera largement impliqu\u00e9e via le programme \u00ab Averro\u00e8s Junior \u00bb, associant coll\u00e9giens, lyc\u00e9ens et \u00e9tudiants autour de la cr\u00e9ation d\u2019un mus\u00e9e imaginaire de la M\u00e9diterran\u00e9e. Une exposition photographique du collectif f\u00e9minin Solar compl\u00e9tera ce dispositif, affirmant plus que jamais le festival comme un laboratoire vivant des id\u00e9es m\u00e9diterran\u00e9ennes.<\/p>\n","protected":false},"excerpt":{"rendered":"Dans le cadre de la Saison M\u00e9diterran\u00e9e 2026, les Nouvelles Rencontres d\u2019Averro\u00e8s s\u2019associent au journal L\u2019Orient-Le Jour pour&hellip;\n","protected":false},"author":2,"featured_media":742409,"comment_status":"","ping_status":"","sticky":false,"template":"","format":"standard","meta":{"footnotes":"","_share_on_mastodon":"0"},"categories":[2814],"tags":[1111,11,1777,674,1011,27,884,12,882,25],"class_list":["post-742408","post","type-post","status-publish","format-standard","has-post-thumbnail","category-marseille","tag-actu","tag-actualites","tag-eu","tag-europe","tag-fr","tag-france","tag-marseille","tag-news","tag-provence-alpes-cote-dazur","tag-republique-francaise"],"share_on_mastodon":{"url":"https:\/\/pubeurope.com\/@fr\/116090693592067537","error":""},"_links":{"self":[{"href":"https:\/\/www.europesays.com\/fr\/wp-json\/wp\/v2\/posts\/742408","targetHints":{"allow":["GET"]}}],"collection":[{"href":"https:\/\/www.europesays.com\/fr\/wp-json\/wp\/v2\/posts"}],"about":[{"href":"https:\/\/www.europesays.com\/fr\/wp-json\/wp\/v2\/types\/post"}],"author":[{"embeddable":true,"href":"https:\/\/www.europesays.com\/fr\/wp-json\/wp\/v2\/users\/2"}],"replies":[{"embeddable":true,"href":"https:\/\/www.europesays.com\/fr\/wp-json\/wp\/v2\/comments?post=742408"}],"version-history":[{"count":0,"href":"https:\/\/www.europesays.com\/fr\/wp-json\/wp\/v2\/posts\/742408\/revisions"}],"wp:featuredmedia":[{"embeddable":true,"href":"https:\/\/www.europesays.com\/fr\/wp-json\/wp\/v2\/media\/742409"}],"wp:attachment":[{"href":"https:\/\/www.europesays.com\/fr\/wp-json\/wp\/v2\/media?parent=742408"}],"wp:term":[{"taxonomy":"category","embeddable":true,"href":"https:\/\/www.europesays.com\/fr\/wp-json\/wp\/v2\/categories?post=742408"},{"taxonomy":"post_tag","embeddable":true,"href":"https:\/\/www.europesays.com\/fr\/wp-json\/wp\/v2\/tags?post=742408"}],"curies":[{"name":"wp","href":"https:\/\/api.w.org\/{rel}","templated":true}]}}