{"id":74241,"date":"2025-05-04T12:42:08","date_gmt":"2025-05-04T12:42:08","guid":{"rendered":"https:\/\/www.europesays.com\/fr\/74241\/"},"modified":"2025-05-04T12:42:08","modified_gmt":"2025-05-04T12:42:08","slug":"les-images-incroyables-du-concert-gratuit-de-lady-gaga-devant-plus-de-2-millions-de-spectateurs-a-rio-de-janeiro","status":"publish","type":"post","link":"https:\/\/www.europesays.com\/fr\/74241\/","title":{"rendered":"Les images incroyables du concert gratuit de Lady Gaga devant plus de 2 millions de spectateurs \u00e0 Rio de Janeiro"},"content":{"rendered":"<p><strong>EN IMAGES<\/strong> &#8211; La chanteuse am\u00e9ricaine s\u2019est produite ce samedi soir sur la plage de Copacabana au Br\u00e9sil. Un \u00e9v\u00e9nement qui a rassembl\u00e9 une mar\u00e9e de fans.<\/p>\n<p class=\"fig-paragraph\">Un spectacle impressionnant.\u00a0<a href=\"http:\/\/www.lefigaro.fr\/culture\/la-performance-de-lady-gaga-enflamme-la-premiere-soiree-du-celebre-festival-de-coachella-20250412\" data-fig-type=\"NewsFlash\" data-gtm-custom-categorie=\"navigation\" data-gtm-custom-action=\"crossclick\" data-gtm-custom-label=\"Contextuel\" data-gtm-event=\"customEventSPE\" data-fig-domain=\"LEFIGARO\" target=\"_blank\" rel=\"noopener\">Lady Gaga<\/a>\u00a0a chant\u00e9 devant une mar\u00e9e humaine ce samedi 3 mai sur la plage de\u00a0<a href=\"http:\/\/www.lefigaro.fr\/voyages\/hotels\/quand-doris-monteiro-porta-la-bossa-nova-depuis-le-copacabana-palace-20240726\" data-fig-type=\"Article\" data-gtm-custom-categorie=\"navigation\" data-gtm-custom-action=\"crossclick\" data-gtm-custom-label=\"Contextuel\" data-gtm-event=\"customEventSPE\" data-fig-domain=\"LEFIGARO\" target=\"_blank\" rel=\"noopener\">Copacabana<\/a>, \u00e0 Rio de Janeiro. Devant la sc\u00e8ne, les spectateurs ont repris \u00e0 l\u2019unisson les tubes de la pop star am\u00e9ricaine. \u00abBad romance\u00bb, \u00abAlejandro\u00bb, \u00abBorn this way\u00bb&#8230; \u00c0 l\u2019occasion de ce concert gratuit, plus de 2,1 millions de fans se sont rassembl\u00e9s, selon la municipalit\u00e9. Un chiffre bien plus \u00e9lev\u00e9 que le million et demi de spectateurs du\u00a0<a href=\"http:\/\/www.lefigaro.fr\/musique\/madonna-fait-vibrer-les-bresiliens-sur-la-plage-de-copacabana-20240505\" data-fig-type=\"Article\" data-gtm-custom-categorie=\"navigation\" data-gtm-custom-action=\"crossclick\" data-gtm-custom-label=\"Contextuel\" data-gtm-event=\"customEventSPE\" data-fig-domain=\"LEFIGARO\" target=\"_blank\" rel=\"noopener\">concert Madonna au m\u00eame endroit il y a un an<\/a>, m\u00eame si certains sp\u00e9cialistes jugent l\u2019estimation exag\u00e9r\u00e9e.<\/p>\n<p class=\"fig-paragraph\">Sur les r\u00e9seaux sociaux, de nombreuses images de ce rendez-vous ont \u00e9t\u00e9 partag\u00e9es, sur lesquelles on peut facilement apercevoir le flot de spectateurs assister au show. \u00abGagacabana\u00bb, \u00abla meilleure artiste de notre g\u00e9n\u00e9ration\u00bb, \u00abmerci d\u2019avoir refait ma semaine\u00bb, peut-on par exemple lire sur X.<\/p>\n<p>Un retour au Br\u00e9sil apr\u00e8s 13 ans d\u2019absence<\/p>\n<p class=\"fig-paragraph\">C\u2019est la premi\u00e8re fois depuis 2012 que la chanteuse de 39 ans revient au Br\u00e9sil. Elle \u00e9tait cens\u00e9e \u00eatre une des t\u00eates d\u2019affiche du festival Rock in Rio en 2017, mais avait \u00e9t\u00e9 contrainte d\u2019annuler \u00e0 la derni\u00e8re minute pour des raisons de sant\u00e9, ce qu\u2019elle n\u2019a pas manqu\u00e9 de rappeler ce samedi.<\/p>\n<p class=\"fig-paragraph\">\u00abBr\u00e9sil, vous m\u2019avez tellement manqu\u00e9\u00bb, a cri\u00e9 la pop star am\u00e9ricaine avant d\u2019entonner un de ses plus grands succ\u00e8s, \u00abPoker Face\u00bb, sur un \u00e9chiquier monumental, un des d\u00e9cors grandioses de ce show de deux heures. L\u2019artiste est entr\u00e9e en sc\u00e8ne avec une vingtaine de minutes de retard sur l\u2019heure pr\u00e9vue, juch\u00e9e \u00e0 plus deux m\u00e8tres de haut sur la tra\u00eene interminable d\u2019une robe \u00e9carlate qui, en s\u2019ouvrant, a d\u00e9voil\u00e9 une cage verticale dans laquelle \u00e9taient cach\u00e9es ses danseuses, pour \u00abBloody Mary\u00bb.<\/p>\n<p>\u00a0\u00bb<br \/>\n        data-script=\u00a0\u00bbhttps:\/\/static.lefigaro.fr\/widget-video\/short-ttl\/video\/index.js\u00a0\u00bb<br \/>\n    &gt;<\/p>\n<p class=\"fig-paragraph\">Lady Gaga a ensuite encha\u00een\u00e9 avec \u00abAbracadabra\u00bb, un des titres phares de\u00a0<a href=\"http:\/\/www.lefigaro.fr\/musique\/mayhem-le-chaos-pasteurise-de-lady-gaga-20250307\" data-fig-type=\"Article\" data-gtm-custom-categorie=\"navigation\" data-gtm-custom-action=\"crossclick\" data-gtm-custom-label=\"Contextuel\" data-gtm-event=\"customEventSPE\" data-fig-domain=\"LEFIGARO\" target=\"_blank\" rel=\"noopener\">son dernier album, \u00abMayhem\u00bb<\/a>, lanc\u00e9 en mars. Au milieu de la chanson, elle a enlev\u00e9 la robe rouge, laissant appara\u00eetre une autre qu\u2019elle portait en dessous aux couleurs du Br\u00e9sil: vert, bleu et jaune. \u00abVous m\u2019avez attendue, vous avez d\u00fb vous demander pourquoi j\u2019ai mis tant de temps \u00e0 revenir, mais j\u2019\u00e9tais en train de gu\u00e9rir, de reprendre des forces (&#8230;) Maintenant, je suis pr\u00eate et je vais tout donner pour vous\u00bb, a-t-elle d\u00e9clar\u00e9, \u00e9mue aux larmes, lors d\u2019un discours au milieu du concert. \u00abCe soir, nous \u00e9crivons l\u2019histoire\u00bb, a-t-elle lanc\u00e9, alors que le public \u00abGaga, eu te amo\u00bb (Gaga, je t\u2019aime en portugais).<\/p>\n<p>5000 agents de s\u00e9curit\u00e9<\/p>\n<p class=\"fig-paragraph\">Un rendez-vous que de nombreux jeunes n\u2019auraient manqu\u00e9 pour rien au monde. \u00abJ\u2019ai s\u00e9ch\u00e9 plusieurs jours de cours \u00e0 la fac pour venir ici, Lady Gaga est tout pour moi, je suis fan d\u2019elle depuis 2008\u00bb, dit \u00e0 l\u2019AFP Walter Segundo, \u00e9tudiant de 23 ans arriv\u00e9 mardi depuis Sao Luis, dans l\u2019Etat br\u00e9silien du Maranhao (nord-est), \u00e0 pr\u00e8s de 3000 kilom\u00e8tres de Rio.<\/p>\n<p class=\"fig-paragraph\">Tout au long de la semaine, les \u00ablittle monsters\u00bb (petits monstres), surnom affectueux des fans de Lady Gaga, ont afflu\u00e9 dans la ville c\u00e9l\u00e8bre pour son carnaval qui attire des centaines de milliers de touristes du monde entier. Les autorit\u00e9s municipales, qui esp\u00e8rent par ailleurs des retomb\u00e9es \u00e9conomiques de plus de 100 millions de dollars, souhaitent p\u00e9renniser cette tradition du m\u00e9ga concert gratuit en mai, afin de stimuler le tourisme lors d\u2019une p\u00e9riode consid\u00e9r\u00e9e comme basse saison. Le maire Eduardo Paes a d\u00e9j\u00e0 laiss\u00e9 entendre qu\u2019il comptait faire venir le groupe de rock irlandais U2, sans pr\u00e9ciser de date. Pour le concert de Lady Gaga, un impressionnant dispositif de s\u00e9curit\u00e9 a \u00e9t\u00e9 d\u00e9ploy\u00e9, avec plus de 5000 agents, des drones et des cam\u00e9ras de vid\u00e9osurveillance \u00e0 reconnaissance faciale.<\/p>\n","protected":false},"excerpt":{"rendered":"EN IMAGES &#8211; La chanteuse am\u00e9ricaine s\u2019est produite ce samedi soir sur la plage de Copacabana au Br\u00e9sil.&hellip;\n","protected":false},"author":2,"featured_media":74242,"comment_status":"","ping_status":"","sticky":false,"template":"","format":"standard","meta":{"footnotes":""},"categories":[1359],"tags":[2937,2548,2932,2935,1696,2934,1697,58,2933,59,1011,27,2531,873,2936,1698,973],"class_list":{"0":"post-74241","1":"post","2":"type-post","3":"status-publish","4":"format-standard","5":"has-post-thumbnail","7":"category-people","8":"tag-artistes","9":"tag-bresil","10":"tag-cd","11":"tag-chansons","12":"tag-chanteur","13":"tag-chason","14":"tag-concert","15":"tag-divertissement","16":"tag-dvd","17":"tag-entertainment","18":"tag-fr","19":"tag-france","20":"tag-lady-gaga","21":"tag-musique","22":"tag-musique-classique","23":"tag-musiques","24":"tag-people"},"share_on_mastodon":{"url":"https:\/\/pubeurope.com\/@fr\/114449622224284096","error":""},"_links":{"self":[{"href":"https:\/\/www.europesays.com\/fr\/wp-json\/wp\/v2\/posts\/74241","targetHints":{"allow":["GET"]}}],"collection":[{"href":"https:\/\/www.europesays.com\/fr\/wp-json\/wp\/v2\/posts"}],"about":[{"href":"https:\/\/www.europesays.com\/fr\/wp-json\/wp\/v2\/types\/post"}],"author":[{"embeddable":true,"href":"https:\/\/www.europesays.com\/fr\/wp-json\/wp\/v2\/users\/2"}],"replies":[{"embeddable":true,"href":"https:\/\/www.europesays.com\/fr\/wp-json\/wp\/v2\/comments?post=74241"}],"version-history":[{"count":0,"href":"https:\/\/www.europesays.com\/fr\/wp-json\/wp\/v2\/posts\/74241\/revisions"}],"wp:featuredmedia":[{"embeddable":true,"href":"https:\/\/www.europesays.com\/fr\/wp-json\/wp\/v2\/media\/74242"}],"wp:attachment":[{"href":"https:\/\/www.europesays.com\/fr\/wp-json\/wp\/v2\/media?parent=74241"}],"wp:term":[{"taxonomy":"category","embeddable":true,"href":"https:\/\/www.europesays.com\/fr\/wp-json\/wp\/v2\/categories?post=74241"},{"taxonomy":"post_tag","embeddable":true,"href":"https:\/\/www.europesays.com\/fr\/wp-json\/wp\/v2\/tags?post=74241"}],"curies":[{"name":"wp","href":"https:\/\/api.w.org\/{rel}","templated":true}]}}