{"id":742410,"date":"2026-02-18T08:29:15","date_gmt":"2026-02-18T08:29:15","guid":{"rendered":"https:\/\/www.europesays.com\/fr\/742410\/"},"modified":"2026-02-18T08:29:15","modified_gmt":"2026-02-18T08:29:15","slug":"municipales-villeurbanne-2026-dany-morsilli-affiche-son-soutien-a-sophie-cruz","status":"publish","type":"post","link":"https:\/\/www.europesays.com\/fr\/742410\/","title":{"rendered":"Municipales Villeurbanne 2026. Dany Morsilli affiche son soutien \u00e0 Sophie Cruz &#8211;"},"content":{"rendered":"<p>\t\t\t\t<img fetchpriority=\"high\" decoding=\"async\" width=\"900\" height=\"599\" src=\"https:\/\/www.europesays.com\/fr\/wp-content\/uploads\/2026\/02\/01-DANY-MORSILLI.jpg\" alt=\"\" title=\"01 DANY-MORSILLI\"   class=\"wp-image-170997\"\/><\/p>\n<p>L\u2019ancienne conseill\u00e8re municipale Horizons Emmanuelle Haziza, Dany Morsilli, Sophie Cruz et Jos\u00e9 Marco, conseiller municipal et pr\u00e9sident du groupe socialiste de 1995 \u00e0 2000) &#8211; Photos \u00a9 Lyon People et DR<\/p>\n<p><strong>Texte\u00a0: Fanny Suteau<\/strong> \u2013\u00a0\u00c0 Lyon et \u00e0 Villeurbanne, la dirigeante de l\u2019entreprise \u00ab\u00a0La Sph\u00e8re des Possibles\u00a0\u00bb, appelle \u00e0 prendre en compte la col\u00e8re qui monte chez les habitants face \u00e0 l\u2019ins\u00e9curit\u00e9, aux travaux \u00e0 r\u00e9p\u00e9tition et aux difficult\u00e9s du quotidien. Elle apporte publiquement son soutien \u00e0 Sophie Cruz.<\/p>\n<p>\u00ab\u00a0A Lyon et \u00e0 Villeurbanne, la col\u00e8re monte\u00a0\u00bb, \u00e9crit <strong>Dany Morsilli<\/strong> sur Facebook. La chef d\u2019entreprise \u00e9voque des sujets qui alimenteraient pour les habitants \u00ab le sentiment d\u2019\u00eatre laiss\u00e9s seuls face \u00e0 leurs pr\u00e9occupations \u00bb. Une parole qui s\u2019inscrit dans un contexte pr\u00e9-\u00e9lectoral d\u00e9j\u00e0 tendu \u00e0 Villeurbanne, o\u00f9 la campagne des municipales 2026 commence \u00e0 structurer le d\u00e9bat local.<\/p>\n<p><strong>\u00ab Une impression d\u2019une justice absente \u00bb<\/strong><\/p>\n<p>Dans son message, Dany Morsilli insiste sur le malaise exprim\u00e9 par certains habitants. \u00ab Beaucoup expriment une inqui\u00e9tude profonde : celle de voir les victimes se sentir moins prot\u00e9g\u00e9es que ceux qui troublent l\u2019ordre public \u00bb. Elle ajoute : \u00ab Cette peur de perdre sa libert\u00e9, de ne plus se sentir en s\u00e9curit\u00e9 chez soi ou dans son quartier, ne peut pas \u00eatre ignor\u00e9e \u00bb.<\/p>\n<p><img loading=\"lazy\" decoding=\"async\" class=\"alignnone size-full wp-image-170998\" src=\"data:image\/svg+xml,%3Csvg%20xmlns=\" http:=\"\" alt=\"\" width=\"900\" height=\"631\" data-lazy- data-lazy- data-lazy-src=\"https:\/\/www.europesays.com\/fr\/wp-content\/uploads\/2026\/02\/05-DANY-MORSILLI.jpg\"\/><\/p>\n<p>Des th\u00e8mes qui recoupent les axes de campagne port\u00e9s par <strong>Sophie Cruz<\/strong>, conseill\u00e8re r\u00e9gionale <a href=\"https:\/\/www.lyonpeople.com\/actualites-lyon\/actualites-politiques\/municipales-2026-a-villeurbanne-quelle-est-la-fenetre-de-tir-de-sophie-cruz-2026-02-10.html\" rel=\"nofollow noopener\" target=\"_blank\"><strong>choisie par le mouvement C\u0153ur Lyonnais et Jean-Michel Aulas pour porter les espoirs de la droite \u00e0 Villeurbanne<\/strong><\/a><strong>.<\/strong> Cette derni\u00e8re entend recentrer les priorit\u00e9s locales sur la s\u00e9curit\u00e9, la propret\u00e9 ou encore le cadre de vie, d\u00e9fendant des mesures concr\u00e8tes comme un renforcement de la police municipale ou une r\u00e9vision du plan de circulation de la ville face \u00e0 la hausse des crimes et d\u00e9lits.<\/p>\n<p><strong>\u00ab\u00a0Je vois en elle une femme de conviction et de courage\u00a0\u00bb<\/strong><\/p>\n<p>\u00ab Il est temps d\u2019\u00e9couter les habitants et d\u2019agir \u00bb, insiste Dany Morsilli, avant d\u2019annoncer clairement son soutien pour Sophie Cruz\u00a0: \u00ab Je vois en elle une femme de conviction et de courage. Une maman, une enseignante, une femme engag\u00e9e qui conna\u00eet la r\u00e9alit\u00e9 du terrain et les pr\u00e9occupations des familles \u00bb.<\/p>\n<p><img loading=\"lazy\" decoding=\"async\" class=\"alignnone size-full wp-image-170999\" src=\"data:image\/svg+xml,%3Csvg%20xmlns=\" http:=\"\" alt=\"\" width=\"900\" height=\"602\" data-lazy- data-lazy- data-lazy-src=\"https:\/\/www.europesays.com\/fr\/wp-content\/uploads\/2026\/02\/03-DANY-MORSILLI-et-sophie-cruz-Villeurbanne.jpg\"\/><\/p>\n<p>Pour Dany Morsilli, le moment est venu de r\u00e9pondre \u00e0 ces attentes concr\u00e8tes, en d\u00e9passant les postures politiques pour se concentrer sur \u00ab des d\u00e9cisions qui am\u00e9liorent r\u00e9ellement la vie des habitants \u00bb, conclut-elle, en appelant \u00e0 une mobilisation autour d\u2019une candidature qu\u2019elle juge porteuse d\u2019une \u00ab\u00a0\u00e9nergie nouvelle\u00a0\u00bb pour Villeurbanne.<\/p>\n<p>Ce message r\u00e9sonne particuli\u00e8rement alors que les \u00e9lections municipales de 2026 s\u2019annoncent comme un moment cl\u00e9 pour Villeurbanne : Sophie Cruz a \u00e9t\u00e9 choisie pour porter le projet de l\u2019union de la droite et du centre, face \u00e0 la division de la gauche et \u00e0 une opposition multiple. Justice, s\u00e9curit\u00e9 et cadre de vie seront certainement au c\u0153ur des d\u00e9bats lors de ces \u00e9lections.<\/p>\n","protected":false},"excerpt":{"rendered":"L\u2019ancienne conseill\u00e8re municipale Horizons Emmanuelle Haziza, Dany Morsilli, Sophie Cruz et Jos\u00e9 Marco, conseiller municipal et pr\u00e9sident du&hellip;\n","protected":false},"author":2,"featured_media":742411,"comment_status":"","ping_status":"","sticky":false,"template":"","format":"standard","meta":{"footnotes":"","_share_on_mastodon":"0"},"categories":[1889],"tags":[4257,1111,11,2430,82921,1777,674,1011,27,2428,12,25],"class_list":["post-742410","post","type-post","status-publish","format-standard","has-post-thumbnail","category-lyon","tag-0top","tag-actu","tag-actualites","tag-auvergne-rhone-alpes","tag-dany-morsilli","tag-eu","tag-europe","tag-fr","tag-france","tag-lyon","tag-news","tag-republique-francaise"],"share_on_mastodon":{"url":"https:\/\/pubeurope.com\/@fr\/116090697655049373","error":""},"_links":{"self":[{"href":"https:\/\/www.europesays.com\/fr\/wp-json\/wp\/v2\/posts\/742410","targetHints":{"allow":["GET"]}}],"collection":[{"href":"https:\/\/www.europesays.com\/fr\/wp-json\/wp\/v2\/posts"}],"about":[{"href":"https:\/\/www.europesays.com\/fr\/wp-json\/wp\/v2\/types\/post"}],"author":[{"embeddable":true,"href":"https:\/\/www.europesays.com\/fr\/wp-json\/wp\/v2\/users\/2"}],"replies":[{"embeddable":true,"href":"https:\/\/www.europesays.com\/fr\/wp-json\/wp\/v2\/comments?post=742410"}],"version-history":[{"count":0,"href":"https:\/\/www.europesays.com\/fr\/wp-json\/wp\/v2\/posts\/742410\/revisions"}],"wp:featuredmedia":[{"embeddable":true,"href":"https:\/\/www.europesays.com\/fr\/wp-json\/wp\/v2\/media\/742411"}],"wp:attachment":[{"href":"https:\/\/www.europesays.com\/fr\/wp-json\/wp\/v2\/media?parent=742410"}],"wp:term":[{"taxonomy":"category","embeddable":true,"href":"https:\/\/www.europesays.com\/fr\/wp-json\/wp\/v2\/categories?post=742410"},{"taxonomy":"post_tag","embeddable":true,"href":"https:\/\/www.europesays.com\/fr\/wp-json\/wp\/v2\/tags?post=742410"}],"curies":[{"name":"wp","href":"https:\/\/api.w.org\/{rel}","templated":true}]}}