{"id":742412,"date":"2026-02-18T08:30:20","date_gmt":"2026-02-18T08:30:20","guid":{"rendered":"https:\/\/www.europesays.com\/fr\/742412\/"},"modified":"2026-02-18T08:30:20","modified_gmt":"2026-02-18T08:30:20","slug":"lyon-un-incendie-ravage-un-appartement-deux-victimes-en-urgence-absolue","status":"publish","type":"post","link":"https:\/\/www.europesays.com\/fr\/742412\/","title":{"rendered":"Lyon. Un incendie ravage un appartement, deux victimes en urgence absolue"},"content":{"rendered":"<p>                    Par<br \/>\n        <strong><br \/>\n            <a href=\"https:\/\/actu.fr\/auteur\/anthony-soudani\" title=\"Consulter tous les articles de Anthony Soudani\" rel=\"nofollow noopener\" target=\"_blank\">Anthony Soudani<\/a><br \/>\n                    <\/strong><\/p>\n<p>        Publi\u00e9 le<\/p>\n<p>            18 f\u00e9vr. 2026 \u00e0 9h04<br \/>\n        ; mis \u00e0 jour le 18 f\u00e9vr. 2026 \u00e0 9h22    <\/p>\n<p>Un <strong>incendie<\/strong> s\u2019est d\u00e9clench\u00e9 ce mercredi matin, dans un appartement du 8e arrondissement de <a href=\"https:\/\/actu.fr\/lyon\/\" rel=\"nofollow noopener\" target=\"_blank\">Lyon<\/a>, au 9 rue Henri-Pensier. Les sapeurs-pompiers sont intervenus en urgence.<\/p>\n<p class=\" wall-content\">Selon nos informations, le feu s\u2019est d\u00e9clar\u00e9 dans un logement situ\u00e9 au deuxi\u00e8me \u00e9tage de cet immeuble de 4 \u00e9tages. Il a \u00e9t\u00e9 \u00e9teint par les soldats du feu \u00e0 8h27.<\/p>\n<p>    <a href=\"https:\/\/www.google.com\/maps\/embed?pb=!1m18!1m12!1m3!1d2784.2965662292177!2d4.860642375285348!3d45.7452001710799!2m3!1f0!2f0!3f0!3m2!1i1024!2i768!4f13.1!3m3!1m2!1s0x47f4ea736f513c9d%3A0x91ce3f76985987e4!2s9%20Rue%20Henri%20Pensier%2C%2069008%20Lyon!5e0!3m2!1sfr!2sfr!4v1771402922935!5m2!1sfr!2sfr\" title=\"Ouvrie le lien\" rel=\"nofollow noopener\" target=\"_blank\">Cliquez ici pour visualiser le contenu<\/a><\/p>\n<p>Un homme de 60 ans se d\u00e9fenestre<\/p>\n<p class=\" wall-content\">Un homme de 60 ans s\u2019est d\u00e9fenestr\u00e9 pour \u00e9chapper aux flammes. <strong>Il a \u00e9t\u00e9 pris en charge en urgence absolue.\u00a0<\/strong><\/p>\n<p class=\" wall-content\">Intoxiqu\u00e9e par les fum\u00e9es, une femme de 28 ans a \u00e9galement \u00e9t\u00e9 prise en charge en urgence absolue.\u00a0<\/p>\n<p class=\" wall-content\">\n<p>    <img   decoding=\"async\" loading=\"lazy\" src=\"https:\/\/www.europesays.com\/fr\/wp-content\/uploads\/2026\/02\/incendie-lyon-8-960x640.jpeg\" alt=\"Un incendie s'est d\u00e9clench\u00e9 dans un appartement du 8e arrondissement de Lyon, ce mercredi matin.\" width=\"960\" height=\"640\"\/><br \/>\n    Un incendie s\u2019est d\u00e9clench\u00e9 dans un appartement du 8e arrondissement de Lyon, ce mercredi matin. (\u00a9Julien Damboise \/ actu Lyon)Une cigarette mal \u00e9teinte \u00e0 l\u2019origine ?<\/p>\n<p class=\" wall-content\">Au moins huit autres personnes ont \u00e9t\u00e9 impliqu\u00e9es dans cet incendie. Un enfant de 10 ans a, lui, \u00e9t\u00e9 pris en charge en urgence relative.<\/p>\n<p>Votre r\u00e9gion, votre actu !<\/p>\n<p>Recevez chaque jour les infos qui comptent pour vous.<\/p>\n<p>\t<a href=\"https:\/\/actu.fr\/newsletter\" class=\"ac-btn ac-btn--corner ac-btn--medium ac-btn--blue800\" rel=\"nofollow noopener\" target=\"_blank\">S&rsquo;incrire<\/a><\/p>\n<p>    <img   decoding=\"async\" loading=\"lazy\" src=\"https:\/\/www.europesays.com\/fr\/wp-content\/uploads\/2026\/02\/incendie-lyon-appartement-960x640.jpeg\" alt=\"Le b\u00e2timent a \u00e9t\u00e9 \u00e9vacu\u00e9 \u00e0 la suite de l'incendie dans le 8e arrondissement de Lyon.\" width=\"960\" height=\"640\"\/><br \/>\n    Le b\u00e2timent a \u00e9t\u00e9 \u00e9vacu\u00e9 \u00e0 la suite de l\u2019incendie dans le 8e arrondissement de Lyon. (\u00a9Julien Damboise \/ actu Lyon)<\/p>\n<p class=\" wall-content\">Selon les premiers \u00e9l\u00e9ments, une cigarette mal \u00e9teinte aurait d\u00e9clench\u00e9 l\u2019incendie. La police nationale et le maire du 8e arrondissement, Olivier Berzane, sont sur place.<\/p>\n<p class=\" wall-content\"><strong>Plus d\u2019informations \u00e0 suivre\u2026\u00a0<\/strong><\/p>\n<p class=\" wall-content\">Personnalisez votre actualit\u00e9 en ajoutant vos villes et m\u00e9dias en favori avec <a href=\"https:\/\/moncompte.actu.fr\" title=\"D\u00e9couvez Mon Actu\" rel=\"nofollow noopener\" data-trk=\"{&quot;cta&quot;:{&quot;action&quot;:&quot;https:\\\/\\\/moncompte.actu.fr&quot;,&quot;category&quot;:&quot;mon compte&quot;,&quot;from&quot;:&quot;article footer&quot;,&quot;name&quot;:&quot;Mon actu&quot;,&quot;type&quot;:&quot;cta&quot;}}\" target=\"_blank\">Mon Actu<\/a>.<\/p>\n","protected":false},"excerpt":{"rendered":"Par Anthony Soudani Publi\u00e9 le 18 f\u00e9vr. 2026 \u00e0 9h04 ; mis \u00e0 jour le 18 f\u00e9vr. 2026&hellip;\n","protected":false},"author":2,"featured_media":742413,"comment_status":"","ping_status":"","sticky":false,"template":"","format":"standard","meta":{"footnotes":"","_share_on_mastodon":"0"},"categories":[1889],"tags":[1111,11,2430,1777,674,118,1011,27,1310,2428,12,1072,1311,25],"class_list":["post-742412","post","type-post","status-publish","format-standard","has-post-thumbnail","category-lyon","tag-actu","tag-actualites","tag-auvergne-rhone-alpes","tag-eu","tag-europe","tag-faits-divers","tag-fr","tag-france","tag-incendie","tag-lyon","tag-news","tag-police","tag-pompiers","tag-republique-francaise"],"share_on_mastodon":{"url":"https:\/\/pubeurope.com\/@fr\/116090701325949555","error":""},"_links":{"self":[{"href":"https:\/\/www.europesays.com\/fr\/wp-json\/wp\/v2\/posts\/742412","targetHints":{"allow":["GET"]}}],"collection":[{"href":"https:\/\/www.europesays.com\/fr\/wp-json\/wp\/v2\/posts"}],"about":[{"href":"https:\/\/www.europesays.com\/fr\/wp-json\/wp\/v2\/types\/post"}],"author":[{"embeddable":true,"href":"https:\/\/www.europesays.com\/fr\/wp-json\/wp\/v2\/users\/2"}],"replies":[{"embeddable":true,"href":"https:\/\/www.europesays.com\/fr\/wp-json\/wp\/v2\/comments?post=742412"}],"version-history":[{"count":0,"href":"https:\/\/www.europesays.com\/fr\/wp-json\/wp\/v2\/posts\/742412\/revisions"}],"wp:featuredmedia":[{"embeddable":true,"href":"https:\/\/www.europesays.com\/fr\/wp-json\/wp\/v2\/media\/742413"}],"wp:attachment":[{"href":"https:\/\/www.europesays.com\/fr\/wp-json\/wp\/v2\/media?parent=742412"}],"wp:term":[{"taxonomy":"category","embeddable":true,"href":"https:\/\/www.europesays.com\/fr\/wp-json\/wp\/v2\/categories?post=742412"},{"taxonomy":"post_tag","embeddable":true,"href":"https:\/\/www.europesays.com\/fr\/wp-json\/wp\/v2\/tags?post=742412"}],"curies":[{"name":"wp","href":"https:\/\/api.w.org\/{rel}","templated":true}]}}