{"id":742416,"date":"2026-02-18T08:33:14","date_gmt":"2026-02-18T08:33:14","guid":{"rendered":"https:\/\/www.europesays.com\/fr\/742416\/"},"modified":"2026-02-18T08:33:14","modified_gmt":"2026-02-18T08:33:14","slug":"ils-sont-ou-les-pedophiles-a-paris-intrusion-a-lecole-saint-dominique-sur-fond-de-plainte-des-parents","status":"publish","type":"post","link":"https:\/\/www.europesays.com\/fr\/742416\/","title":{"rendered":"\u00ab\u00a0Ils sont o\u00f9 les p\u00e9dophiles\u00a0?\u00a0\u00bb\u00a0: \u00e0 Paris, intrusion \u00e0 l\u2019\u00e9cole Saint-Dominique sur fond de plainte des parents"},"content":{"rendered":"<p class=\"\">Elles auraient ensuite insult\u00e9 et menac\u00e9 le personnel. Elles ont \u00e9t\u00e9 invit\u00e9es \u00e0 quitter les lieux, ce qui se serait fait \u00ab non sans difficult\u00e9s \u00bb, pr\u00e9cise notre source polici\u00e8re. Quoi qu\u2019il en soit, une plainte a \u00e9t\u00e9 d\u00e9pos\u00e9e par la directrice de l\u2019\u00e9cole pour \u00ab intrusion non autoris\u00e9e dans l\u2019enceinte d\u2019un \u00e9tablissement scolaire \u00bb. Selon une autre source, il s\u2019agirait de parents d\u2019\u00e9l\u00e8ves ou de proches, exc\u00e9d\u00e9s par la situation au sein de l\u2019\u00e9tablissement.<\/p>\n","protected":false},"excerpt":{"rendered":"Elles auraient ensuite insult\u00e9 et menac\u00e9 le personnel. Elles ont \u00e9t\u00e9 invit\u00e9es \u00e0 quitter les lieux, ce qui&hellip;\n","protected":false},"author":2,"featured_media":742417,"comment_status":"","ping_status":"","sticky":false,"template":"","format":"standard","meta":{"footnotes":"","_share_on_mastodon":"0"},"categories":[1888],"tags":[1111,1928,11,1927,1777,674,118,1011,27,12,1926,626,1925,25],"class_list":["post-742416","post","type-post","status-publish","format-standard","has-post-thumbnail","category-paris","tag-actu","tag-actu-paris","tag-actualites","tag-actualites-paris","tag-eu","tag-europe","tag-faits-divers","tag-fr","tag-france","tag-news","tag-news-paris","tag-paris","tag-paris-news","tag-republique-francaise"],"share_on_mastodon":{"url":"https:\/\/pubeurope.com\/@fr\/116090713062523633","error":""},"_links":{"self":[{"href":"https:\/\/www.europesays.com\/fr\/wp-json\/wp\/v2\/posts\/742416","targetHints":{"allow":["GET"]}}],"collection":[{"href":"https:\/\/www.europesays.com\/fr\/wp-json\/wp\/v2\/posts"}],"about":[{"href":"https:\/\/www.europesays.com\/fr\/wp-json\/wp\/v2\/types\/post"}],"author":[{"embeddable":true,"href":"https:\/\/www.europesays.com\/fr\/wp-json\/wp\/v2\/users\/2"}],"replies":[{"embeddable":true,"href":"https:\/\/www.europesays.com\/fr\/wp-json\/wp\/v2\/comments?post=742416"}],"version-history":[{"count":0,"href":"https:\/\/www.europesays.com\/fr\/wp-json\/wp\/v2\/posts\/742416\/revisions"}],"wp:featuredmedia":[{"embeddable":true,"href":"https:\/\/www.europesays.com\/fr\/wp-json\/wp\/v2\/media\/742417"}],"wp:attachment":[{"href":"https:\/\/www.europesays.com\/fr\/wp-json\/wp\/v2\/media?parent=742416"}],"wp:term":[{"taxonomy":"category","embeddable":true,"href":"https:\/\/www.europesays.com\/fr\/wp-json\/wp\/v2\/categories?post=742416"},{"taxonomy":"post_tag","embeddable":true,"href":"https:\/\/www.europesays.com\/fr\/wp-json\/wp\/v2\/tags?post=742416"}],"curies":[{"name":"wp","href":"https:\/\/api.w.org\/{rel}","templated":true}]}}