{"id":742418,"date":"2026-02-18T08:34:14","date_gmt":"2026-02-18T08:34:14","guid":{"rendered":"https:\/\/www.europesays.com\/fr\/742418\/"},"modified":"2026-02-18T08:34:14","modified_gmt":"2026-02-18T08:34:14","slug":"paris-et-alger-relancent-une-cooperation-securitaire-de-tres-haut-niveau","status":"publish","type":"post","link":"https:\/\/www.europesays.com\/fr\/742418\/","title":{"rendered":"Paris Et Alger Relancent Une Coop\u00e9ration S\u00e9curitaire \u00ab\u00a0de Tr\u00e8s Haut Niveau\u00a0\u00bb"},"content":{"rendered":"<p class=\"\" data-is=\"component-paragraph\">La France et l\u2019Alg\u00e9rie ont d\u00e9cid\u00e9 de relancer une coop\u00e9ration s\u00e9curitaire \u00ab de tr\u00e8s haut niveau \u00bb, \u00e0 l\u2019issue de la visite \u00e0 Alger du ministre fran\u00e7ais de l\u2019Int\u00e9rieur, Laurent Nu\u00f1ez. Re\u00e7u par le pr\u00e9sident alg\u00e9rien Abdelmadjid Tebboune, le ministre fran\u00e7ais a affich\u00e9 la volont\u00e9 commune de \u00ab reprendre des relations de s\u00e9curit\u00e9 normales \u00bb et de les densifier, notamment en mati\u00e8re polici\u00e8re, judiciaire et de renseignement.<\/p>\n<p class=\"\" data-is=\"component-paragraph\">Cette visite, envisag\u00e9e depuis plusieurs mois, intervient dans un contexte de tensions persistantes entre Paris et Alger, la relation bilat\u00e9rale \u00e9tant fragilis\u00e9e depuis l\u2019\u00e9t\u00e9 2024. Autour du chef de l\u2019\u00c9tat alg\u00e9rien figuraient plusieurs hauts responsables s\u00e9curitaires, tandis que la directrice de la s\u00e9curit\u00e9 int\u00e9rieure fran\u00e7aise, C\u00e9line Berthon, participait \u00e9galement aux r\u00e9unions de travail.<\/p>\n<p class=\"\" data-is=\"component-paragraph\">Lors d\u2019une br\u00e8ve d\u00e9claration, Laurent Nu\u00f1ez a indiqu\u00e9 avoir \u0153uvr\u00e9 avec ses homologues alg\u00e9riens \u00e0 \u00ab r\u00e9enclencher un dispositif de coop\u00e9ration \u00bb structur\u00e9 et op\u00e9rationnel. Les discussions ont port\u00e9 sur la lutte antiterroriste, un domaine strat\u00e9gique alors que l\u2019Alg\u00e9rie partage des fronti\u00e8res avec plusieurs pays du Sahel confront\u00e9s \u00e0 l\u2019instabilit\u00e9 s\u00e9curitaire.<\/p>\n<p><img alt=\"Video poster\" class=\"video-poster\" data-is=\"lazy-image\" data-observed-item-id=\"https:\/\/api.i24news.tv\/fr\/brightcove\/6389488410112\/poster\"\/> Des soldats marocains \u00e0 Gaza ? Le maroc serait le 1er pays arabe dans la force internationale<\/p>\n<p class=\"\" data-is=\"component-paragraph\">D\u2019autres dossiers sensibles ont \u00e9t\u00e9 abord\u00e9s, notamment le trafic de stup\u00e9fiants et la question des r\u00e9admissions de ressortissants alg\u00e9riens en situation irr\u00e9guli\u00e8re en France, <a data-is=\"component-link\" href=\"https:\/\/www.i24news.tv\/fr\/actu\/international\/artc-tensions-diplomatiques-alger-convoque-le-representant-francais-apres-un-reportage-controverse\" title=\"https:\/\/www.i24news.tv\/fr\/actu\/international\/artc-tensions-diplomatiques-alger-convoque-le-representant-francais-apres-un-reportage-controverse\" target=\"\" class=\"link\" rel=\"nofollow noopener\">un point de friction majeur ces derniers mois<\/a>. Le cas du journaliste fran\u00e7ais Christophe Gleizes, condamn\u00e9 en Alg\u00e9rie pour \u00ab apologie du terrorisme \u00bb, a \u00e9galement \u00e9t\u00e9 \u00e9voqu\u00e9.<\/p>\n<p class=\"\" data-is=\"component-paragraph\">Sans annonce spectaculaire, cette s\u00e9quence marque n\u00e9anmoins une tentative de d\u00e9crispation entre les deux capitales, avec pour objectif affich\u00e9 de r\u00e9tablir un dialogue structur\u00e9 sur les enjeux de s\u00e9curit\u00e9 communs.<\/p>\n","protected":false},"excerpt":{"rendered":"La France et l\u2019Alg\u00e9rie ont d\u00e9cid\u00e9 de relancer une coop\u00e9ration s\u00e9curitaire \u00ab de tr\u00e8s haut niveau \u00bb, \u00e0&hellip;\n","protected":false},"author":2,"featured_media":742419,"comment_status":"","ping_status":"","sticky":false,"template":"","format":"standard","meta":{"footnotes":"","_share_on_mastodon":"0"},"categories":[1888],"tags":[1111,1928,11,1927,1777,674,1011,27,12,1926,626,1925,25],"class_list":["post-742418","post","type-post","status-publish","format-standard","has-post-thumbnail","category-paris","tag-actu","tag-actu-paris","tag-actualites","tag-actualites-paris","tag-eu","tag-europe","tag-fr","tag-france","tag-news","tag-news-paris","tag-paris","tag-paris-news","tag-republique-francaise"],"share_on_mastodon":{"url":"https:\/\/pubeurope.com\/@fr\/116090717252204966","error":""},"_links":{"self":[{"href":"https:\/\/www.europesays.com\/fr\/wp-json\/wp\/v2\/posts\/742418","targetHints":{"allow":["GET"]}}],"collection":[{"href":"https:\/\/www.europesays.com\/fr\/wp-json\/wp\/v2\/posts"}],"about":[{"href":"https:\/\/www.europesays.com\/fr\/wp-json\/wp\/v2\/types\/post"}],"author":[{"embeddable":true,"href":"https:\/\/www.europesays.com\/fr\/wp-json\/wp\/v2\/users\/2"}],"replies":[{"embeddable":true,"href":"https:\/\/www.europesays.com\/fr\/wp-json\/wp\/v2\/comments?post=742418"}],"version-history":[{"count":0,"href":"https:\/\/www.europesays.com\/fr\/wp-json\/wp\/v2\/posts\/742418\/revisions"}],"wp:featuredmedia":[{"embeddable":true,"href":"https:\/\/www.europesays.com\/fr\/wp-json\/wp\/v2\/media\/742419"}],"wp:attachment":[{"href":"https:\/\/www.europesays.com\/fr\/wp-json\/wp\/v2\/media?parent=742418"}],"wp:term":[{"taxonomy":"category","embeddable":true,"href":"https:\/\/www.europesays.com\/fr\/wp-json\/wp\/v2\/categories?post=742418"},{"taxonomy":"post_tag","embeddable":true,"href":"https:\/\/www.europesays.com\/fr\/wp-json\/wp\/v2\/tags?post=742418"}],"curies":[{"name":"wp","href":"https:\/\/api.w.org\/{rel}","templated":true}]}}