{"id":742420,"date":"2026-02-18T08:35:17","date_gmt":"2026-02-18T08:35:17","guid":{"rendered":"https:\/\/www.europesays.com\/fr\/742420\/"},"modified":"2026-02-18T08:35:17","modified_gmt":"2026-02-18T08:35:17","slug":"60-exposants-et-40-animations-pendant-2-jours-pour-les-amateurs-de-the","status":"publish","type":"post","link":"https:\/\/www.europesays.com\/fr\/742420\/","title":{"rendered":"60 exposants et 40 animations pendant 2 jours pour les amateurs de th\u00e9"},"content":{"rendered":"<p>ParisSelectBook &#8211; Paris Tea Festival 2026 : 60 exposants et 40 animations pendant 2 jours pour les amateurs de th\u00e9<\/p>\n<p>Les amateurs de th\u00e9 ont rendez-vous \u00e0 <a href=\"https:\/\/www.parisselectbook.com\/2026\/02\/16\/que-faire-a-paris-ce-week-end-20-22-fev\/\" rel=\"nofollow noopener\" target=\"_blank\">Paris<\/a> pour un \u00e9v\u00e9nement unique. Le <strong>Paris Tea Festival 2026<\/strong> ouvre ses portes les <strong>6 et 7 juin prochains<\/strong> au Carreau du Temple. Pendant deux jours, ce festival promet une immersion compl\u00e8te dans le monde du th\u00e9, entre d\u00e9gustations et rencontres avec des artisans passionn\u00e9s.<\/p>\n<p>Un \u00e9v\u00e9nement incontournable pour les passionn\u00e9s de th\u00e9<\/p>\n<p>Le Paris Tea Festival 2026 rassemble cette ann\u00e9e <strong>60 exposants<\/strong> venus de France et d\u2019ailleurs. Ainsi, les visiteurs pourront rencontrer des <a href=\"https:\/\/www.parisselectbook.com\/2026\/02\/17\/brunch-a-lhotel-7-adresses-parfaites-pour-un-dejeuner-dominical-chill-chic-au-coeur-du-luxe-parisien\/\" rel=\"nofollow noopener\" target=\"_blank\">maisons de th\u00e9 renomm\u00e9es<\/a>, des producteurs ind\u00e9pendants et des c\u00e9ramistes talentueux. De plus, des artisans sp\u00e9cialis\u00e9s dans les accessoires de d\u00e9gustation seront pr\u00e9sents.<\/p>\n<p>Cet \u00e9v\u00e9nement s\u2019adresse autant aux connaisseurs qu\u2019aux curieux. En effet, chaque stand offre la possibilit\u00e9 de go\u00fbter des <a href=\"https:\/\/www.parisselectbook.com\/2026\/02\/17\/nouvel-an-lunaire-le-shangri-la-paris-celebre-le-serpent-avec-brunch-asiatique-et-danse-du-lion\/\" rel=\"nofollow noopener\" target=\"_blank\">th\u00e9s rares<\/a> ou m\u00e9connus. Par cons\u00e9quent, m\u00eame les novices peuvent d\u00e9couvrir de nouvelles saveurs et affiner leurs pr\u00e9f\u00e9rences.<\/p>\n<p>Le lieu choisi pour cette \u00e9dition renforce l\u2019exp\u00e9rience. Le Carreau du Temple, situ\u00e9 dans le 3e arrondissement, offre un <a href=\"https:\/\/www.parisselectbook.com\/2026\/02\/17\/maison-delano-paris-lance-son-coffee-time-une-nouvelle-parenthese-chic-dans-le-8e-arrondissement\/\" rel=\"nofollow noopener\" target=\"_blank\">cadre lumineux et spacieux<\/a>. Ainsi, la d\u00e9ambulation entre les stands reste agr\u00e9able, m\u00eame aux heures de forte affluence.<\/p>\n<blockquote>\n<p>\u00ab Le th\u00e9 est bien plus qu\u2019une boisson, c\u2019est un art de vivre et un moment de partage. \u00bb<\/p>\n<\/blockquote>\n<p>Plus de 40 animations pour explorer l\u2019univers du th\u00e9<\/p>\n<p>Au-del\u00e0 des exposants, le festival propose <strong>plus de 40 animations<\/strong> sur les deux jours. Ces ateliers permettent d\u2019approfondir ses connaissances sur la pr\u00e9paration et la d\u00e9gustation. De cette mani\u00e8re, chaque visiteur repart avec des comp\u00e9tences nouvelles.<\/p>\n<p>Des conf\u00e9rences th\u00e9matiques compl\u00e8tent le programme. Elles abordent des sujets vari\u00e9s comme les bienfaits du th\u00e9 ou les techniques de culture. Par ailleurs, des d\u00e9monstrations en direct captivent les spectateurs tout au long de la journ\u00e9e.<\/p>\n<ul>\n<li><strong>Ateliers de d\u00e9gustation<\/strong> pour d\u00e9couvrir les diff\u00e9rentes familles de th\u00e9<\/li>\n<li><strong>D\u00e9monstrations de c\u00e9ramique<\/strong> par des artisans pr\u00e9sents sur place<\/li>\n<li><strong>Conf\u00e9rences sur les origines<\/strong> des th\u00e9s du monde entier<\/li>\n<li><strong>Initiations \u00e0 la c\u00e9r\u00e9monie du th\u00e9<\/strong> japonaise et chinoise<\/li>\n<li><strong>Rencontres avec des producteurs<\/strong> pour comprendre leur savoir-faire<\/li>\n<\/ul>\n<p>Informations pratiques pour pr\u00e9parer votre visite<\/p>\n<p>Le Paris Tea Festival 2026 se d\u00e9roule donc au <strong>Carreau du Temple<\/strong>, un lieu facilement accessible en m\u00e9tro. Les lignes 3, 5, 8, 9 et 11 desservent les stations proches. De plus, plusieurs lignes de bus s\u2019arr\u00eatent \u00e0 proximit\u00e9 imm\u00e9diate.<\/p>\n<p>Concernant les horaires, le festival accueille le public sur deux journ\u00e9es compl\u00e8tes. Cela laisse le temps de parcourir tous les stands sans se presser. En revanche, certaines animations n\u00e9cessitent une inscription pr\u00e9alable pour garantir sa place.<\/p>\n<p>Le tarif d\u2019entr\u00e9e varie selon les options choisies. L\u2019acc\u00e8s de base est propos\u00e9 \u00e0 <strong>16 euros<\/strong>, tandis qu\u2019un pass premium est disponible \u00e0 <strong>22 euros<\/strong>. Par ailleurs, des offres gratuites existent pour certaines cat\u00e9gories de visiteurs.<\/p>\n<p>Pensez aussi \u00e0 pr\u00e9voir un budget pour vos achats sur place. Les exposants proposent leurs produits \u00e0 la vente directe. Ainsi, vous pourrez repartir avec vos coups de c\u0153ur et prolonger le plaisir chez vous.<\/p>\n<p>Pourquoi ne pas manquer cette \u00e9dition du festival<\/p>\n<p>Le Paris Tea Festival 2026 repr\u00e9sente une occasion rare de rencontrer des acteurs du monde du th\u00e9. Ces professionnels partagent volontiers leurs secrets et leur passion. De cette fa\u00e7on, chaque \u00e9change devient une source d\u2019apprentissage pr\u00e9cieux.<\/p>\n<p>La diversit\u00e9 des exposants garantit des d\u00e9couvertes pour tous les go\u00fbts. Que vous pr\u00e9f\u00e9riez les th\u00e9s verts japonais ou les oolongs ta\u00efwanais, vous trouverez votre bonheur. De m\u00eame, les amateurs de th\u00e9s noirs indiens ou de rooibos sud-africains seront combl\u00e9s.<\/p>\n<p>Une exp\u00e9rience sensorielle et conviviale \u00e0 Paris<\/p>\n<p>Le festival cr\u00e9e une atmosph\u00e8re propice aux \u00e9changes et \u00e0 la d\u00e9tente. Les all\u00e9es du Carreau du Temple se transforment en v\u00e9ritable village d\u00e9di\u00e9 au th\u00e9. Chaque recoin invite \u00e0 la pause et \u00e0 la contemplation.<\/p>\n<p>Les familles sont les bienvenues lors de cet \u00e9v\u00e9nement. Des activit\u00e9s adapt\u00e9es aux enfants leur permettent de participer \u00e0 leur mani\u00e8re. Ainsi, le Paris Tea Festival 2026 devient une sortie id\u00e9ale pour un week-end en famille.<\/p>\n<p>Les visiteurs peuvent aussi profiter d\u2019espaces de d\u00e9gustation am\u00e9nag\u00e9s avec soin. Ces zones calmes offrent un moment de r\u00e9pit pour savourer ses achats. De plus, elles favorisent les rencontres entre passionn\u00e9s venus de toute la France.<\/p>\n<p>Notez les dates dans votre agenda d\u00e8s maintenant. Les <strong>6 et 7 juin 2026<\/strong> promettent d\u2019\u00eatre m\u00e9morables pour tous les amoureux du th\u00e9. Cette \u00e9dition du Paris Tea Festival 2026 s\u2019annonce riche en d\u00e9couvertes et en \u00e9motions.<\/p>\n","protected":false},"excerpt":{"rendered":"ParisSelectBook &#8211; Paris Tea Festival 2026 : 60 exposants et 40 animations pendant 2 jours pour les amateurs&hellip;\n","protected":false},"author":2,"featured_media":742421,"comment_status":"","ping_status":"","sticky":false,"template":"","format":"standard","meta":{"footnotes":"","_share_on_mastodon":"0"},"categories":[1888],"tags":[11,1777,674,1011,27,12,626,82922,25],"class_list":["post-742420","post","type-post","status-publish","format-standard","has-post-thumbnail","category-paris","tag-actualites","tag-eu","tag-europe","tag-fr","tag-france","tag-news","tag-paris","tag-paris-tea-festival-2026","tag-republique-francaise"],"share_on_mastodon":{"url":"https:\/\/pubeurope.com\/@fr\/116090721414998722","error":""},"_links":{"self":[{"href":"https:\/\/www.europesays.com\/fr\/wp-json\/wp\/v2\/posts\/742420","targetHints":{"allow":["GET"]}}],"collection":[{"href":"https:\/\/www.europesays.com\/fr\/wp-json\/wp\/v2\/posts"}],"about":[{"href":"https:\/\/www.europesays.com\/fr\/wp-json\/wp\/v2\/types\/post"}],"author":[{"embeddable":true,"href":"https:\/\/www.europesays.com\/fr\/wp-json\/wp\/v2\/users\/2"}],"replies":[{"embeddable":true,"href":"https:\/\/www.europesays.com\/fr\/wp-json\/wp\/v2\/comments?post=742420"}],"version-history":[{"count":0,"href":"https:\/\/www.europesays.com\/fr\/wp-json\/wp\/v2\/posts\/742420\/revisions"}],"wp:featuredmedia":[{"embeddable":true,"href":"https:\/\/www.europesays.com\/fr\/wp-json\/wp\/v2\/media\/742421"}],"wp:attachment":[{"href":"https:\/\/www.europesays.com\/fr\/wp-json\/wp\/v2\/media?parent=742420"}],"wp:term":[{"taxonomy":"category","embeddable":true,"href":"https:\/\/www.europesays.com\/fr\/wp-json\/wp\/v2\/categories?post=742420"},{"taxonomy":"post_tag","embeddable":true,"href":"https:\/\/www.europesays.com\/fr\/wp-json\/wp\/v2\/tags?post=742420"}],"curies":[{"name":"wp","href":"https:\/\/api.w.org\/{rel}","templated":true}]}}