{"id":742422,"date":"2026-02-18T08:36:15","date_gmt":"2026-02-18T08:36:15","guid":{"rendered":"https:\/\/www.europesays.com\/fr\/742422\/"},"modified":"2026-02-18T08:36:15","modified_gmt":"2026-02-18T08:36:15","slug":"la-procureure-de-paris-ouvre-deux-enquetes-et-appelle-les-victimes-a-se-manifester","status":"publish","type":"post","link":"https:\/\/www.europesays.com\/fr\/742422\/","title":{"rendered":"la procureure de Paris ouvre deux enqu\u00eates et appelle les victimes \u00e0 se manifester"},"content":{"rendered":"<p>\u00ab\u00a0Nous voulons \u00eatre aux c\u00f4t\u00e9s de ces victimes. Nous recevrons l&rsquo;ensemble des d\u00e9clarations qu&rsquo;elles souhaiteront faire. \u00bb La procureure de Paris, Laure Beccuau, appelle les victimes fran\u00e7aises potentielles \u00e0 se manifester.<\/p>\n<p>Invit\u00e9e sur <a href=\"https:\/\/www.franceinfo.fr\/monde\/usa\/affaire-jeffrey-epstein\/affaire-epstein-laure-beccuau-procureure-de-paris-ouvre-deux-enquetes-cadres_7813394.html\" target=\"_blank\" rel=\"nofollow noopener\">Franceinfo<\/a>, elle a \u00e9galement annonc\u00e9 l&rsquo;ouverture de deux \u00ab\u00a0enqu\u00eates cadres\u00a0\u00bb au sein du parquet de Paris, qui \u00ab\u00a0porteront sur deux volets distincts : l&rsquo;un relatif aux infractions [\u00e0 connotation sexuelle], l&rsquo;autre concernant les \u00e9ventuelles ramifications \u00ab\u00a0\u00e9conomiques et financi\u00e8res\u00a0\u00bb.<\/p>\n<p>  Des victimes fran\u00e7aises \u00ab\u00a0pas forc\u00e9ment connues\u00a0\u00bb<\/p>\n<p>La procureure esp\u00e8re \u00e9galement, outre les publications, des \u00ab\u00a0sources ouvertes\u00a0\u00bb.\u00a0\u00ab Cette publication va n\u00e9cessairement r\u00e9activer le traumatisme de certaines victimes, dont pour partie d\u2019entre elles nous avons la conviction qu\u2019elles ne sont pas forc\u00e9ment connues. Peut-\u00eatre ces nouvelles publications vont les conduire \u00e0 se manifester \u00bb<\/p>\n<p>Ce contenu est bloqu\u00e9 car vous n&rsquo;avez pas accept\u00e9 les cookies et autres traceurs.<\/p>\n<p>En cliquant sur \u00ab J\u2019accepte \u00bb, les cookies et autres traceurs seront d\u00e9pos\u00e9s et vous pourrez visualiser les contenus  (<a href=\"\" class=\"consentModule_policy\" target=\"_blank\" title=\"Consulter la politique de protection des donn\u00e9es du fournisseur\">plus d&rsquo;informations<\/a>).<\/p>\n<p>En cliquant sur \u00ab J\u2019accepte tous les cookies \u00bb, vous autorisez des d\u00e9p\u00f4ts de cookies et autres traceurs pour le stockage de vos donn\u00e9es sur nos sites et applications \u00e0 des fins de personnalisation et de ciblage publicitaire.<\/p>\n<p class=\"consentModule_secondaryText\">Vous gardez la possibilit\u00e9 de retirer votre consentement \u00e0 tout moment en consultant notre <a href=\"https:\/\/www.ledauphine.com\/protection-des-donnees\" target=\"_blank\" title=\"Consulter notre politique de protection des donn\u00e9es\" rel=\"nofollow noopener\">politique de protection des donn\u00e9es<\/a>. <br \/>&#13;<br \/>\n            <a href=\"https:\/\/www.ledauphine.com\/faits-divers-justice\/2026\/02\/18\/javascript:Didomi.notice.show()\" class=\"consentModule_cmp\" rel=\"nofollow noopener\" target=\"_blank\">G\u00e9rer mes choix<\/a>&#13;\n        <\/p>\n<p>&#13;<br \/>\n                        J&rsquo;accepte&#13;<br \/>\n            J&rsquo;accepte tous les cookies&#13;\n        <\/p>\n<p>Le 14 f\u00e9vrier,\u00a0 le parquet de Paris <a href=\"https:\/\/www.ledauphine.com\/faits-divers-justice\/2026\/02\/15\/la-justice-francaise-se-plonge-dans-les-epstein-files-mais-pour-quoi-faire\" target=\"_blank\" rel=\"nofollow noopener\">a annonc\u00e9 se saisir<\/a> des trois millions documents mis en ligne, le 30 janvier, par le gouvernement am\u00e9ricain dans le cadre de l\u2019<a href=\"https:\/\/www.ledauphine.com\/p\/jeffrey-epstein\" target=\"_blank\" rel=\"nofollow noopener\">affaire Epstein<\/a>.<\/p>\n<p>  Toute personne cit\u00e9e peut faire l&rsquo;objet d&rsquo;une enqu\u00eate<\/p>\n<p>Concr\u00e8tement, cela veut dire que toute personne cit\u00e9e dans les \u00ab\u00a0Epstein files\u00a0\u00bb est d\u00e9sormais susceptible d\u2019int\u00e9resser la justice fran\u00e7aise et de faire l\u2019objet d\u2019une enqu\u00eate pour d\u2019\u00e9ventuelles infractions \u00ab\u00a0pour lesquelles la loi fran\u00e7aise serait applicable \u00bb, a pr\u00e9cis\u00e9 samedi le parquet de Paris.\u00a0<\/p>\n<p>Jusqu\u2019ici, le parquet de Paris avait indiqu\u00e9 qu\u2019il travaillait sur le \u00ab simple signalement \u00bb adress\u00e9 par le minist\u00e8re des Affaires \u00e9trang\u00e8res au sujet du diplomate <a href=\"https:\/\/www.ledauphine.com\/faits-divers-justice\/2026\/02\/11\/il-aurait-pu-etre-arrete-des-2013-qui-est-fabrice-aidan-cite-dans-les-dossiers-epstein\" target=\"_blank\" rel=\"nofollow noopener\">Fabrice Aidan<\/a>, et sur deux plaintes. La premi\u00e8re a \u00e9t\u00e9 d\u00e9pos\u00e9e mercredi dernier par une ancienne mannequin, Ebba Karlson, qui accuse Daniel Said, recruteur et rabatteur pr\u00e9sum\u00e9 de Jeffrey Epstein \u00e0 Paris, <a href=\"https:\/\/www.ledauphine.com\/faits-divers-justice\/2026\/02\/11\/daniel-siad-m-a-violee-dans-une-cabane-de-piscine-ebba-karlsson-raconte-son-agression\" target=\"_blank\" rel=\"nofollow noopener\">de l\u2019avoir viol\u00e9e<\/a> en France en 1990. La deuxi\u00e8me, issue du dessaisissement du parquet de Thonon-les-Bains, vise le chef d\u2019orchestre Fr\u00e9d\u00e9ric Chaslin et porte sur des faits de harc\u00e8lement sexuel, en 2016. Ces deux plaintes \u00ab sont en cours d\u2019analyse \u00bb, expliquent les services de Laure Beccuau.<\/p>\n<p>Jeffrey Epstein poss\u00e9dait entre autres un appartement de 800m2 \u00e0 Paris pendant vingt ans.\u00a0<\/p>\n","protected":false},"excerpt":{"rendered":"\u00ab\u00a0Nous voulons \u00eatre aux c\u00f4t\u00e9s de ces victimes. Nous recevrons l&rsquo;ensemble des d\u00e9clarations qu&rsquo;elles souhaiteront faire. \u00bb La&hellip;\n","protected":false},"author":2,"featured_media":742423,"comment_status":"","ping_status":"","sticky":false,"template":"","format":"standard","meta":{"footnotes":"","_share_on_mastodon":"0"},"categories":[1888],"tags":[11,1777,674,274,107,1011,27,329,12,626,25],"class_list":["post-742422","post","type-post","status-publish","format-standard","has-post-thumbnail","category-paris","tag-actualites","tag-eu","tag-europe","tag-faits-divers-justice","tag-fil-info","tag-fr","tag-france","tag-france-monde","tag-news","tag-paris","tag-republique-francaise"],"share_on_mastodon":{"url":"https:\/\/pubeurope.com\/@fr\/116090725094430607","error":""},"_links":{"self":[{"href":"https:\/\/www.europesays.com\/fr\/wp-json\/wp\/v2\/posts\/742422","targetHints":{"allow":["GET"]}}],"collection":[{"href":"https:\/\/www.europesays.com\/fr\/wp-json\/wp\/v2\/posts"}],"about":[{"href":"https:\/\/www.europesays.com\/fr\/wp-json\/wp\/v2\/types\/post"}],"author":[{"embeddable":true,"href":"https:\/\/www.europesays.com\/fr\/wp-json\/wp\/v2\/users\/2"}],"replies":[{"embeddable":true,"href":"https:\/\/www.europesays.com\/fr\/wp-json\/wp\/v2\/comments?post=742422"}],"version-history":[{"count":0,"href":"https:\/\/www.europesays.com\/fr\/wp-json\/wp\/v2\/posts\/742422\/revisions"}],"wp:featuredmedia":[{"embeddable":true,"href":"https:\/\/www.europesays.com\/fr\/wp-json\/wp\/v2\/media\/742423"}],"wp:attachment":[{"href":"https:\/\/www.europesays.com\/fr\/wp-json\/wp\/v2\/media?parent=742422"}],"wp:term":[{"taxonomy":"category","embeddable":true,"href":"https:\/\/www.europesays.com\/fr\/wp-json\/wp\/v2\/categories?post=742422"},{"taxonomy":"post_tag","embeddable":true,"href":"https:\/\/www.europesays.com\/fr\/wp-json\/wp\/v2\/tags?post=742422"}],"curies":[{"name":"wp","href":"https:\/\/api.w.org\/{rel}","templated":true}]}}