{"id":742539,"date":"2026-02-18T09:47:33","date_gmt":"2026-02-18T09:47:33","guid":{"rendered":"https:\/\/www.europesays.com\/fr\/742539\/"},"modified":"2026-02-18T09:47:33","modified_gmt":"2026-02-18T09:47:33","slug":"en-pleine-negociation-lukraine-regagne-du-terrain-comme-jamais-depuis-3-ans-en-partie-grace-a-starlink","status":"publish","type":"post","link":"https:\/\/www.europesays.com\/fr\/742539\/","title":{"rendered":"En pleine n\u00e9gociation, l&rsquo;Ukraine regagne du terrain comme jamais depuis 3 ans, en partie gr\u00e2ce \u00e0 Starlink"},"content":{"rendered":"<p>\n\tVous faites partie de ceux qui osent, qui agissent ? Laissez-vous inspirer par Trends-Tendances et devenez un vrai \u00abgame changer\u00bb avec de nouvelles perspectives pour votre entreprise ou votre carri\u00e8re. Retrouvez des conseils avis\u00e9s pour placer au mieux votre argent. Rejoignez d\u00e8s aujourd&rsquo;hui notre communaut\u00e9!<\/p>\n","protected":false},"excerpt":{"rendered":"Vous faites partie de ceux qui osent, qui agissent ? Laissez-vous inspirer par Trends-Tendances et devenez un vrai&hellip;\n","protected":false},"author":2,"featured_media":742540,"comment_status":"","ping_status":"","sticky":false,"template":"","format":"standard","meta":{"footnotes":"","_share_on_mastodon":"0"},"categories":[1590],"tags":[11,1777,674,12,220],"class_list":["post-742539","post","type-post","status-publish","format-standard","has-post-thumbnail","category-ukraine","tag-actualites","tag-eu","tag-europe","tag-news","tag-ukraine"],"share_on_mastodon":{"url":"https:\/\/pubeurope.com\/@fr\/116091004274587246","error":""},"_links":{"self":[{"href":"https:\/\/www.europesays.com\/fr\/wp-json\/wp\/v2\/posts\/742539","targetHints":{"allow":["GET"]}}],"collection":[{"href":"https:\/\/www.europesays.com\/fr\/wp-json\/wp\/v2\/posts"}],"about":[{"href":"https:\/\/www.europesays.com\/fr\/wp-json\/wp\/v2\/types\/post"}],"author":[{"embeddable":true,"href":"https:\/\/www.europesays.com\/fr\/wp-json\/wp\/v2\/users\/2"}],"replies":[{"embeddable":true,"href":"https:\/\/www.europesays.com\/fr\/wp-json\/wp\/v2\/comments?post=742539"}],"version-history":[{"count":0,"href":"https:\/\/www.europesays.com\/fr\/wp-json\/wp\/v2\/posts\/742539\/revisions"}],"wp:featuredmedia":[{"embeddable":true,"href":"https:\/\/www.europesays.com\/fr\/wp-json\/wp\/v2\/media\/742540"}],"wp:attachment":[{"href":"https:\/\/www.europesays.com\/fr\/wp-json\/wp\/v2\/media?parent=742539"}],"wp:term":[{"taxonomy":"category","embeddable":true,"href":"https:\/\/www.europesays.com\/fr\/wp-json\/wp\/v2\/categories?post=742539"},{"taxonomy":"post_tag","embeddable":true,"href":"https:\/\/www.europesays.com\/fr\/wp-json\/wp\/v2\/tags?post=742539"}],"curies":[{"name":"wp","href":"https:\/\/api.w.org\/{rel}","templated":true}]}}