{"id":742710,"date":"2026-02-18T11:32:22","date_gmt":"2026-02-18T11:32:22","guid":{"rendered":"https:\/\/www.europesays.com\/fr\/742710\/"},"modified":"2026-02-18T11:32:22","modified_gmt":"2026-02-18T11:32:22","slug":"municipales-emmanuel-lacresse-une-liste-et-du-bon-sens-pour-conquerir-nancy","status":"publish","type":"post","link":"https:\/\/www.europesays.com\/fr\/742710\/","title":{"rendered":"Municipales. Emmanuel Lacresse\u00a0: une liste et du \u00ab\u00a0bon sens\u00a0\u00bb pour conqu\u00e9rir Nancy"},"content":{"rendered":"<p>La Liste Nancy en avant\u00a0<\/p>\n<p><strong>Emmanuel Lacresse,<\/strong> fonctionnaire, ancien d\u00e9put\u00e9 de Nancy et agglom\u00e9ration, 54\u00a0ans<br \/><strong>Sonia Sadoune,<\/strong> m\u00e9decin hospitalier au CHRU, 53\u00a0ans<br \/><strong>Christian Maron,<\/strong> juriste d\u2019entreprise, 68\u00a0ans<br \/><strong>Claire Villeroy de Galhau,<\/strong> productrice culturelle, 53\u00a0ans<br \/><strong>Nicolas Boulanger,<\/strong> chirurgien ORL, 45\u00a0ans<br \/><strong>Katia Routa,<\/strong> professeur en lyc\u00e9e professionnel, 52\u00a0ans<br \/><strong>Patrick Bagot,<\/strong> chef cuisinier, 76\u00a0ans<br \/><strong>Marie Descamps,<\/strong> directrice d\u2019Ehpad, 71\u00a0ans<br \/><strong>R\u00e9mi Maurel, <\/strong>consultant en marketing, 26\u00a0ans<br \/><strong>Savine de Bucy-El Yafi,<\/strong> m\u00e9decin p\u00e9diatre, 74\u00a0ans<br \/><strong>Christophe Dabescat,<\/strong> responsable associatif handisport, 56\u00a0ans<br \/><strong>Catherine Rouyer-Durand,<\/strong> consultante en marketing, 65\u00a0ans<br \/><strong>Alexandre Vermion,<\/strong> chef d\u2019entreprise, 49\u00a0ans<br \/><strong>Nadhira Kardamouche,<\/strong> secr\u00e9taire m\u00e9dicale et d\u00e9l\u00e9gu\u00e9e de parents d\u2019\u00e9l\u00e8ves, 48\u00a0ans<br \/><strong>Abdesselam Dahoun,<\/strong> professeur des universit\u00e9s, \u00e9cole des Mines, 63\u00a0ans<br \/><strong>Marie Mosen,<\/strong> directrice adjointe \u00e0 l\u2019international, \u00e9cole des Mines, 54\u00a0ans<br \/><strong>Didier Grandhaye,<\/strong> avocat, 68\u00a0ans<br \/><strong>No\u00eblle Henry,<\/strong> cadre bancaire, 70\u00a0ans<br \/><strong>Mourad Bichikhi,<\/strong> m\u00e9decin g\u00e9n\u00e9raliste, 51\u00a0ans<br \/><strong>Sophie Monnais,<\/strong> juriste immobilier, 49\u00a0ans<br \/><strong>Aur\u00e9lien Barth\u00e9lemy,<\/strong> juriste en m\u00e9decine l\u00e9gale, 38\u00a0ans<br \/><strong>Linda Ghezzou,<\/strong> accompagnante \u00e9ducative, 54\u00a0ans<br \/><strong>Fr\u00e9d\u00e9ric Camelot,<\/strong> chirurgien-dentiste, 42\u00a0ans<br \/><strong>Sophie Viniaker,<\/strong> cadre \u00e9ducative, 55\u00a0ans<br \/><strong>Jean-Pierre Crouzier,<\/strong> avocat honoraire, 76\u00a0ans<br \/><strong>V\u00e9ronique Carvone,<\/strong> assistante de direction, 48\u00a0ans<br \/><strong>Thierry Douchin,<\/strong><strong> <\/strong>cadre bancaire, 75\u00a0ans<br \/><strong>Marie-Claire Mauponne,<\/strong>\u00a0retrait\u00e9e, 87\u00a0ans<br \/><strong>L\u00e9o Bastien, <\/strong>\u00e9tudiant notaire, 23\u00a0ans<br \/><strong>\u00c9lisabeth Duval, <\/strong>pharmacienne, 69\u00a0ans<br \/><strong>Anthony Hallet,<\/strong><strong> <\/strong>\u00e9tudiant, 24\u00a0ans<br \/><strong>Gis\u00e8le Hauser,<\/strong> d\u00e9l\u00e9gu\u00e9e m\u00e9dicale, 75\u00a0ans<br \/><strong>Marek Rogalski,<\/strong> professeur des universit\u00e9s \u00e9m\u00e9rite en chimie, 80\u00a0ans<br \/><strong>Christine Brami,<\/strong> directrice d\u2019h\u00f4pital, 66\u00a0ans<br \/><strong>Beno\u00eet Gautier, <\/strong>directeur financier, 66\u00a0ans<br \/><strong>Denise Hacquard,<\/strong> enseignante, 77\u00a0ans<br \/><strong>Roger Malhache, <\/strong>retrait\u00e9, 82\u00a0ans<br \/><strong>Marie-Christine Lemari\u00e9, <\/strong>\u00e9ducatrice sp\u00e9cialis\u00e9e, 72\u00a0ans<br \/><strong>Joan Rajaonesa, <\/strong>t\u00e9l\u00e9conseiller, 25\u00a0ans<br \/><strong>Chlo\u00e9 Simon, <\/strong>\u00e9tudiante, 23\u00a0ans<br \/><strong>Arnaud Kieffer,\u00a0<\/strong>consultant en communication, 43\u00a0ans<br \/><strong>Michelle Joly, <\/strong>employ\u00e9e de pharmacie, 62\u00a0ans<br \/><strong>Beno\u00eet Marchand, <\/strong>\u00e9tudiant \u00e0 Sciences Po, 20\u00a0ans<br \/><strong>Nadine Petitier, <\/strong>retrait\u00e9e, 64\u00a0ans<br \/><strong>Hubert Jeandel, <\/strong>m\u00e9canicien, 65\u00a0ans<br \/><strong>Catherine Lhuillier,<\/strong> retrait\u00e9e, 64\u00a0ans<br \/><strong>Guillaume Desforges,<\/strong> cadre territorial, 59\u00a0ans<br \/><strong>Colette Theis, <\/strong>manipulatrice radio, 69\u00a0ans<br \/><strong>Gilles Gosserez, <\/strong>enseignant retrait\u00e9, 71\u00a0ans<br \/><strong>Nicole Blondeau,<\/strong> agent des t\u00e9l\u00e9coms, 69\u00a0ans<br \/><strong>Jean-Louis Guenot, <\/strong>directeur de lyc\u00e9e, 71\u00a0ans<br \/><strong>\u00c9lisabeth Becker, <\/strong>infirmi\u00e8re, 67\u00a0ans<br \/><strong>Bernard Molines, <\/strong>agent des t\u00e9l\u00e9coms, 69\u00a0ans<br \/><strong>Fran\u00e7oise Le Bouder, <\/strong>directrice de restaurant, 75\u00a0ans<br \/><strong>Jean-Pierre Puton,<\/strong> cr\u00e9ateur photographique, 75\u00a0ans<\/p>\n","protected":false},"excerpt":{"rendered":"La Liste Nancy en avant\u00a0 Emmanuel Lacresse, fonctionnaire, ancien d\u00e9put\u00e9 de Nancy et agglom\u00e9ration, 54\u00a0ansSonia Sadoune, m\u00e9decin hospitalier&hellip;\n","protected":false},"author":2,"featured_media":742711,"comment_status":"","ping_status":"","sticky":false,"template":"","format":"standard","meta":{"footnotes":"","_share_on_mastodon":"0"},"categories":[9635],"tags":[1111,11,1777,674,1011,27,775,1702,12,25],"class_list":["post-742710","post","type-post","status-publish","format-standard","has-post-thumbnail","category-nancy","tag-actu","tag-actualites","tag-eu","tag-europe","tag-fr","tag-france","tag-grand-est","tag-nancy","tag-news","tag-republique-francaise"],"share_on_mastodon":{"url":"https:\/\/pubeurope.com\/@fr\/116091417172588988","error":""},"_links":{"self":[{"href":"https:\/\/www.europesays.com\/fr\/wp-json\/wp\/v2\/posts\/742710","targetHints":{"allow":["GET"]}}],"collection":[{"href":"https:\/\/www.europesays.com\/fr\/wp-json\/wp\/v2\/posts"}],"about":[{"href":"https:\/\/www.europesays.com\/fr\/wp-json\/wp\/v2\/types\/post"}],"author":[{"embeddable":true,"href":"https:\/\/www.europesays.com\/fr\/wp-json\/wp\/v2\/users\/2"}],"replies":[{"embeddable":true,"href":"https:\/\/www.europesays.com\/fr\/wp-json\/wp\/v2\/comments?post=742710"}],"version-history":[{"count":0,"href":"https:\/\/www.europesays.com\/fr\/wp-json\/wp\/v2\/posts\/742710\/revisions"}],"wp:featuredmedia":[{"embeddable":true,"href":"https:\/\/www.europesays.com\/fr\/wp-json\/wp\/v2\/media\/742711"}],"wp:attachment":[{"href":"https:\/\/www.europesays.com\/fr\/wp-json\/wp\/v2\/media?parent=742710"}],"wp:term":[{"taxonomy":"category","embeddable":true,"href":"https:\/\/www.europesays.com\/fr\/wp-json\/wp\/v2\/categories?post=742710"},{"taxonomy":"post_tag","embeddable":true,"href":"https:\/\/www.europesays.com\/fr\/wp-json\/wp\/v2\/tags?post=742710"}],"curies":[{"name":"wp","href":"https:\/\/api.w.org\/{rel}","templated":true}]}}