{"id":742712,"date":"2026-02-18T11:33:10","date_gmt":"2026-02-18T11:33:10","guid":{"rendered":"https:\/\/www.europesays.com\/fr\/742712\/"},"modified":"2026-02-18T11:33:10","modified_gmt":"2026-02-18T11:33:10","slug":"la-permanence-de-la-candidate-magali-brunel-vandalisee-un-homme-interpelle-en-flagrant-delit","status":"publish","type":"post","link":"https:\/\/www.europesays.com\/fr\/742712\/","title":{"rendered":"la permanence de la candidate Magali Brunel vandalis\u00e9e, un homme interpell\u00e9 en flagrant d\u00e9lit"},"content":{"rendered":"<p>Un homme a \u00e9t\u00e9 interpell\u00e9 en flagrant d\u00e9lit ce mardi 17 f\u00e9vrier, alors qu&rsquo;il \u00e9tait en train de vandaliser la permanence de Magali Brunel, candidate d&rsquo;union de la gauche \u00e0 l&rsquo;\u00e9lection municipale toulonnaise.<\/p>\n<p>La permanence de campagne de <a href=\"https:\/\/www.bfmtv.com\/var\/videos\/video-toulon-magali-brunel-lance-sa-campagne-au-zenith_VN-202601210326.html\" title=\"Toulon : Magali Brunel lance sa campagne au Z\u00e9nith\" class=\"internal_link\" rel=\"nofollow noopener\" target=\"_blank\">Magali Brunel<\/a>, t\u00eate de liste de \u00ab\u00a0Toulon en Commun\u00a0\u00bb (divers gauche) pour l&rsquo;\u00e9lection municipale toulonnaise, a \u00e9t\u00e9 vandalis\u00e9e ce mardi 17 f\u00e9vrier, a appris BFM Toulon Var de source polici\u00e8re.<\/p>\n<p>Les faits sont survenus dans la soir\u00e9e, aux alentours de 22h30, au niveau de la rue Jean Jaur\u00e8s. Un homme cagoul\u00e9, \u00e2g\u00e9 d&rsquo;une vingtaine d&rsquo;ann\u00e9es, a \u00e9t\u00e9 interpell\u00e9 sur place, alors qu&rsquo;il \u00e9tait en train de taguer la vitrine.<\/p>\n<p>Plac\u00e9 en garde \u00e0 vue, ce dernier n&rsquo;a pas eu le temps de terminer son tag. Une inscription \u00ab\u00a0LF\u00a0\u00bb a simplement \u00e9t\u00e9 peinte en rouge sur la vitrine.<\/p>\n","protected":false},"excerpt":{"rendered":"Un homme a \u00e9t\u00e9 interpell\u00e9 en flagrant d\u00e9lit ce mardi 17 f\u00e9vrier, alors qu&rsquo;il \u00e9tait en train de&hellip;\n","protected":false},"author":2,"featured_media":742713,"comment_status":"","ping_status":"","sticky":false,"template":"","format":"standard","meta":{"footnotes":"","_share_on_mastodon":"0"},"categories":[9619],"tags":[1111,11,1777,674,1011,27,12,882,25,2310],"class_list":["post-742712","post","type-post","status-publish","format-standard","has-post-thumbnail","category-toulon","tag-actu","tag-actualites","tag-eu","tag-europe","tag-fr","tag-france","tag-news","tag-provence-alpes-cote-dazur","tag-republique-francaise","tag-toulon"],"share_on_mastodon":{"url":"https:\/\/pubeurope.com\/@fr\/116091421086492539","error":""},"_links":{"self":[{"href":"https:\/\/www.europesays.com\/fr\/wp-json\/wp\/v2\/posts\/742712","targetHints":{"allow":["GET"]}}],"collection":[{"href":"https:\/\/www.europesays.com\/fr\/wp-json\/wp\/v2\/posts"}],"about":[{"href":"https:\/\/www.europesays.com\/fr\/wp-json\/wp\/v2\/types\/post"}],"author":[{"embeddable":true,"href":"https:\/\/www.europesays.com\/fr\/wp-json\/wp\/v2\/users\/2"}],"replies":[{"embeddable":true,"href":"https:\/\/www.europesays.com\/fr\/wp-json\/wp\/v2\/comments?post=742712"}],"version-history":[{"count":0,"href":"https:\/\/www.europesays.com\/fr\/wp-json\/wp\/v2\/posts\/742712\/revisions"}],"wp:featuredmedia":[{"embeddable":true,"href":"https:\/\/www.europesays.com\/fr\/wp-json\/wp\/v2\/media\/742713"}],"wp:attachment":[{"href":"https:\/\/www.europesays.com\/fr\/wp-json\/wp\/v2\/media?parent=742712"}],"wp:term":[{"taxonomy":"category","embeddable":true,"href":"https:\/\/www.europesays.com\/fr\/wp-json\/wp\/v2\/categories?post=742712"},{"taxonomy":"post_tag","embeddable":true,"href":"https:\/\/www.europesays.com\/fr\/wp-json\/wp\/v2\/tags?post=742712"}],"curies":[{"name":"wp","href":"https:\/\/api.w.org\/{rel}","templated":true}]}}