{"id":742714,"date":"2026-02-18T11:34:14","date_gmt":"2026-02-18T11:34:14","guid":{"rendered":"https:\/\/www.europesays.com\/fr\/742714\/"},"modified":"2026-02-18T11:34:14","modified_gmt":"2026-02-18T11:34:14","slug":"laure-lavalette-candidate-rn-a-la-mairie-de-toulon-prise-a-partie-par-des-ultras-du-psg","status":"publish","type":"post","link":"https:\/\/www.europesays.com\/fr\/742714\/","title":{"rendered":"Laure Lavalette, candidate RN \u00e0 la mairie de Toulon, prise \u00e0 partie par des ultras du PSG"},"content":{"rendered":"<p>\n    La d\u00e9put\u00e9e a appel\u00e9 la police apr\u00e8s un incident avec les ultras du PSG, qui l\u2019ont notamment invectiv\u00e9 au sujet du militant nationaliste tu\u00e9 \u00e0 Lyon la semaine derni\u00e8re.<\/p>\n<p class=\"fig-paragraph\">La d\u00e9put\u00e9e du Var et\u00a0<a href=\"http:\/\/www.lefigaro.fr\/marseille\/municipales-a-toulon-apres-hubert-falco-la-guerre-des-droites-aura-bien-lieu-20260214\" data-fig-type=\"NewsFlash\" data-gtm-custom-categorie=\"navigation\" data-gtm-custom-action=\"crossclick\" data-gtm-custom-label=\"Contextuel\" data-gtm-event=\"customEventSPE\" data-fig-domain=\"LEFIGARO\" rel=\"nofollow noopener\" target=\"_blank\">candidate RN \u00e0 la mairie de Toulon,<\/a><a href=\"http:\/\/www.lefigaro.fr\/marseille\/municipales-a-toulon-la-deputee-rn-laure-lavalette-officiellement-candidate-20260106\" data-fig-type=\"NewsFlash\" data-gtm-custom-categorie=\"navigation\" data-gtm-custom-action=\"crossclick\" data-gtm-custom-label=\"Contextuel\" data-gtm-event=\"customEventSPE\" data-fig-domain=\"LEFIGARO\" rel=\"nofollow noopener\" target=\"_blank\">\u00a0Laure Lavalette,<\/a>\u00a0a \u00e9t\u00e9 prise \u00e0 partie par plusieurs ultras du PSG, mardi \u00e0 Toulon, a appris Le Figaro de sources concordantes, confirmant une information du\u00a0<a href=\"https:\/\/www.lejdd.fr\/politique\/il-est-ou-quentin-lavalette-la-candidate-du-rn-a-toulon-prise-a-partie-par-des-ultras-166911\" target=\"_blank\" rel=\"sponsored noopener nofollow\" data-gtm-custom-categorie=\"navigation\" data-gtm-custom-action=\"crossclick\" data-gtm-custom-label=\"Contextuel\" data-gtm-event=\"customEventSPE\">JDD<\/a> .<\/p>\n<p class=\"fig-paragraph\">Alors qu\u2019elle d\u00e9jeunait avec sa fille et son collaborateur, Laure Lavalette s\u2019est retrouv\u00e9e face \u00e0 ces supporters du club parisien, et certains lui auraient lanc\u00e9\u00a0: \u00abIl est o\u00f9 Quentin, Lavalette\u00a0?\u00bb. Face aux menaces et intimidations, un collaborateur de la candidate a appel\u00e9 la police. Selon une source polici\u00e8re, les forces de l\u2019ordre sont intervenues tr\u00e8s rapidement mais Laure Lavalette avait d\u00e9j\u00e0 quitt\u00e9 les lieux \u00e0 leur arriv\u00e9e.<\/p>\n<p>                                            <a class=\"fig-a11y-skip\" href=\"#fig-a11y-skip-main-inarticle\" is=\"fig-a11y-skip\" data-trigger-mode=\"visible-once\"><br \/>\n    Passer la publicit\u00e9<br \/>\n<\/a>            <\/p>\n<p>                                            11 personnes en garde \u00e0 vue dans l\u2019affaire Quentin<\/p>\n<p class=\"fig-paragraph\"><a href=\"http:\/\/www.lefigaro.fr\/actualite-france\/catholique-et-identitaire-qui-etait-quentin-deranque-lynche-pour-ses-idees-20260216\" data-fig-type=\"Article\" data-gtm-custom-categorie=\"navigation\" data-gtm-custom-action=\"crossclick\" data-gtm-custom-label=\"Contextuel\" data-gtm-event=\"customEventSPE\" data-fig-domain=\"LEFIGARO\" rel=\"nofollow noopener\" target=\"_blank\">Quentin Deranque<\/a>, 23 ans, a \u00e9t\u00e9 frapp\u00e9 jeudi soir par plusieurs personnes cagoul\u00e9es, en marge d\u2019une conf\u00e9rence de l\u2019eurod\u00e9put\u00e9e LFI\u00a0<a href=\"http:\/\/www.lefigaro.fr\/actualite-france\/des-meetings-politiques-qui-finissent-par-bordeliser-les-universites-pourquoi-rima-hassan-s-est-lancee-dans-une-tournee-des-facs-20260215\" data-fig-type=\"Article\" data-gtm-custom-categorie=\"navigation\" data-gtm-custom-action=\"crossclick\" data-gtm-custom-label=\"Contextuel\" data-gtm-event=\"customEventSPE\" data-fig-domain=\"LEFIGARO\" rel=\"nofollow noopener\" target=\"_blank\">Rima Hassan<\/a>\u00a0\u00e0 Sciences Po Lyon, o\u00f9 il \u00e9tait venu assurer la s\u00e9curit\u00e9 de militantes du collectif identitaire N\u00e9m\u00e9sis. Souffrant d\u2019un grave traumatisme cr\u00e2nien, il est d\u00e9c\u00e9d\u00e9 samedi.<\/p>\n<p class=\"fig-paragraph\">Un couple a \u00e9t\u00e9 arr\u00eat\u00e9 ce mercredi matin dans le cadre de l\u2019enqu\u00eate sur la mort du militant nationaliste Quentin Deranque,\u00a0<a href=\"http:\/\/www.lefigaro.fr\/faits-divers\/mort-de-quentin-deranque-a-lyon-deux-nouvelles-interpellations-onze-individus-en-garde-a-vue-au-total-20260218\" data-fig-type=\"NewsFlash\" data-gtm-custom-categorie=\"navigation\" data-gtm-custom-action=\"crossclick\" data-gtm-custom-label=\"Contextuel\" data-gtm-event=\"customEventSPE\" data-fig-domain=\"LEFIGARO\" rel=\"nofollow noopener\" target=\"_blank\">ce qui porte \u00e0 11 le nombre de personnes en garde \u00e0 vue<\/a>\u00a0dans ce dossier. Mardi soir, sept hommes et deux femmes avaient d\u00e9j\u00e0 \u00e9t\u00e9 arr\u00eat\u00e9s lors d\u2019op\u00e9rations coordonn\u00e9es men\u00e9es dans la r\u00e9gion lyonnaise, en Haute-Loire, dans la Dr\u00f4me et dans l\u2019Aisne. Parmi eux figure Jacques-\u00c9lie Favrot, assistant parlementaire du d\u00e9put\u00e9 LFI Rapha\u00ebl Arnault qui a pr\u00e9cis\u00e9 depuis avoir engag\u00e9 \u00ables proc\u00e9dures pour mettre fin \u00e0 son contrat\u00bb.<\/p>\n","protected":false},"excerpt":{"rendered":"La d\u00e9put\u00e9e a appel\u00e9 la police apr\u00e8s un incident avec les ultras du PSG, qui l\u2019ont notamment invectiv\u00e9&hellip;\n","protected":false},"author":2,"featured_media":742715,"comment_status":"","ping_status":"","sticky":false,"template":"","format":"standard","meta":{"footnotes":"","_share_on_mastodon":"0"},"categories":[9619],"tags":[1111,11,38790,1777,674,1011,27,12,882,93,25,2848,2310],"class_list":["post-742714","post","type-post","status-publish","format-standard","has-post-thumbnail","category-toulon","tag-actu","tag-actualites","tag-collectif-ultras-paris","tag-eu","tag-europe","tag-fr","tag-france","tag-news","tag-provence-alpes-cote-dazur","tag-psg","tag-republique-francaise","tag-rn","tag-toulon"],"share_on_mastodon":{"url":"https:\/\/pubeurope.com\/@fr\/116091424881540619","error":""},"_links":{"self":[{"href":"https:\/\/www.europesays.com\/fr\/wp-json\/wp\/v2\/posts\/742714","targetHints":{"allow":["GET"]}}],"collection":[{"href":"https:\/\/www.europesays.com\/fr\/wp-json\/wp\/v2\/posts"}],"about":[{"href":"https:\/\/www.europesays.com\/fr\/wp-json\/wp\/v2\/types\/post"}],"author":[{"embeddable":true,"href":"https:\/\/www.europesays.com\/fr\/wp-json\/wp\/v2\/users\/2"}],"replies":[{"embeddable":true,"href":"https:\/\/www.europesays.com\/fr\/wp-json\/wp\/v2\/comments?post=742714"}],"version-history":[{"count":0,"href":"https:\/\/www.europesays.com\/fr\/wp-json\/wp\/v2\/posts\/742714\/revisions"}],"wp:featuredmedia":[{"embeddable":true,"href":"https:\/\/www.europesays.com\/fr\/wp-json\/wp\/v2\/media\/742715"}],"wp:attachment":[{"href":"https:\/\/www.europesays.com\/fr\/wp-json\/wp\/v2\/media?parent=742714"}],"wp:term":[{"taxonomy":"category","embeddable":true,"href":"https:\/\/www.europesays.com\/fr\/wp-json\/wp\/v2\/categories?post=742714"},{"taxonomy":"post_tag","embeddable":true,"href":"https:\/\/www.europesays.com\/fr\/wp-json\/wp\/v2\/tags?post=742714"}],"curies":[{"name":"wp","href":"https:\/\/api.w.org\/{rel}","templated":true}]}}