{"id":742716,"date":"2026-02-18T11:35:19","date_gmt":"2026-02-18T11:35:19","guid":{"rendered":"https:\/\/www.europesays.com\/fr\/742716\/"},"modified":"2026-02-18T11:35:19","modified_gmt":"2026-02-18T11:35:19","slug":"miroirs-et-contrastes-montpellier-dans-loeil-du-photographe-jean-michel-mart-aux-echelles-de-la-ville","status":"publish","type":"post","link":"https:\/\/www.europesays.com\/fr\/742716\/","title":{"rendered":"Miroirs et contrastes\u00a0: Montpellier dans l\u2019\u0153il du photographe Jean-Michel Mart aux \u00c9chelles de la Ville"},"content":{"rendered":"<p>\n                                                                Le photographe de presse Jean-Michel Mart expose plus de 300 clich\u00e9s \u00e0 l\u2019espace \u00c9chelles de la Ville, \u00e0 Montpellier, jusqu\u2019au 29\u00a0mars 2026. \u00c0 travers des jeux de miroirs et de contrastes saisissants, l\u2019infatigable reporter de Midi Libre d\u00e9voile trois d\u00e9cennies de vie locale, m\u00ealant c\u00e9l\u00e9brit\u00e9s de passage et anonymes dans une r\u00e9trospective \u00e0 la fois po\u00e9tique et engag\u00e9e.\n                            <\/p>\n<p>Plus de trois d\u00e9cennies \u00e0 d\u00e9clencher son appareil photo. \u00c7a en fait des clich\u00e9s pour Jean-Michel Mart, infatigable photographe de Midi Libre, exer\u00e7ant \u00e0 la locale de Montpellier depuis 1991. Aux \u00c9chelles de la Ville, pile en face du tout nouveau centre artistique Mille Formes, il nous offre plus de 300 photographies qui ont pour point commun d\u2019avoir \u00e9t\u00e9 prises \u00e0 Montpellier, dans le cadre de ses fonctions ou non. \u00ab\u00a0Je fais des photos tous les jours\u00a0\u00bb, confie Jean-Michel.<\/p>\n<p>L\u2019art du parall\u00e9lisme et de l\u2019antith\u00e8se<\/p>\n<p>Ce projet d\u2019exposition est dans sa t\u00eate depuis longtemps. C\u2019est donc patiemment qu\u2019il a mis des clich\u00e9s de c\u00f4t\u00e9, avec le souci de les faire correspondre. Dans cette exposition baptis\u00e9e sans malice \u00ab\u00a0Les Montpelli\u00e9rains\u00a0\u00bb, les photographies vont par deux. Une association qui s\u2019articule autour du parall\u00e9lisme (des \u00e9l\u00e9ments sont communs) ou de l\u2019antith\u00e8se (des \u00e9l\u00e9ments s\u2019opposent).<\/p>\n<p>        <img decoding=\"async\" class=\"std-img__img responsive-img\" src=\"https:\/\/www.europesays.com\/fr\/wp-content\/uploads\/2026\/02\/1771414518_412_image.jpg\" alt=\"La dimension plastique de certaines photographies.\"\/><\/p>\n<p>                La dimension plastique de certaines photographies.<br \/>\n                                    Midi Libre &#8211; JEAN MICHEL MART<\/p>\n<p>Des images travers\u00e9es de symboles<\/p>\n<p>Ainsi, \u00e0 une feuille qui vole au-dessus de la place de la Com\u00e9die r\u00e9pond, en dessous, une affiche oubli\u00e9e sur un tapis automnal. \u00c0 un vieux monsieur qui traverse les rails du tramway est associ\u00e9 un enfant sur la piste d\u2019athl\u00e9tisme du stade Philippid\u00e8s. Mais Jean-Michel semble avoir une pr\u00e9f\u00e9rence pour les contrastes. \u00c0 une photo d\u2019un couple qui s\u2019embrasse \u00e0 la gare r\u00e9pond un homme en combinaison de protection biologique pendant la crise du H5N1, au m\u00eame endroit. Il y a aussi la comm\u00e9moration des victimes de la Shoah, associ\u00e9e \u00e0 un int\u00e9rieur \u2013 montpelli\u00e9rain \u00e9videmment \u2013 o\u00f9 l\u2019on aper\u00e7oit le portrait de P\u00e9tain. Que dire du clich\u00e9 montrant les fr\u00e8res Pourcel avec, en dessous, deux b\u00e9b\u00e9s siamois dans un bocal du mus\u00e9e d\u2019anatomie\u00a0?<\/p>\n<p>        <img decoding=\"async\" class=\"std-img__img responsive-img\" src=\"https:\/\/www.europesays.com\/fr\/wp-content\/uploads\/2026\/02\/1771414519_727_image.jpg\" alt=\"L\u2019\u0153il coquin du photographe au mus\u00e9e du Moulages.\"\/><\/p>\n<p>                L\u2019\u0153il coquin du photographe au mus\u00e9e du Moulages.<br \/>\n                                    Midi Libre &#8211; JEAN MICHEL MART<\/p>\n<p>Le \u00ab\u00a0dipl\u00f4me de la subversion\u00a0\u00bb<\/p>\n<p>Le photographe raconte qu\u2019un journaliste quittant un jour la r\u00e9daction lui avait d\u00e9cern\u00e9 le \u00ab\u00a0dipl\u00f4me de la subversion\u00a0\u00bb. \u00ab\u00a0On peut faire passer des messages l\u00e0 o\u00f9 les r\u00e9dacteurs s\u2019autocensurent parfois\u00a0\u00bb, souligne Jean-Michel, qui estime avoir r\u00e9alis\u00e9 environ 25\u00a0000 reportages depuis le d\u00e9but de sa carri\u00e8re.<\/p>\n<p>Des visages connus mais pas Nicollin<\/p>\n<p>Parmi les clich\u00e9s, on trouve de nombreuses c\u00e9l\u00e9brit\u00e9s comme Guy Bedos, Vincent Lindon, Alain Souchon, Zidane, Higelin ou encore James Brown. \u00ab\u00a0C\u2019est l\u2019un des trucs qui m\u2019a le plus impressionn\u00e9, une b\u00eate de sc\u00e8ne\u00a0\u00bb, l\u00e2che Jean-Michel, qui regrette que la Culture soit sacrifi\u00e9e au profit du sport. Mais \u00e0 ce propos, pourquoi ne voit-on pas Louis Nicollin\u00a0? \u00ab\u00a0Ma photo pr\u00e9f\u00e9r\u00e9e de Louis Nicollin, je l\u2019ai faite \u00e0 Marseille\u00a0\u00bb, justifie le coll\u00e8gue. Mais il y a tellement d\u2019autres visages \u00e0 voir qu\u2019il est tout excus\u00e9.<\/p>\n<p>Jusqu\u2019au dimanche 29\u00a0mars, du mardi au dimanche de 10\u00a0h \u00e0 13\u00a0h et de 14\u00a0h \u00e0 18\u00a0h. \u00c9chelles de la Ville \u2013 1, place Paul-Bec, Montpellier. Entr\u00e9e libre.<\/p>\n","protected":false},"excerpt":{"rendered":"Le photographe de presse Jean-Michel Mart expose plus de 300 clich\u00e9s \u00e0 l\u2019espace \u00c9chelles de la Ville, \u00e0&hellip;\n","protected":false},"author":2,"featured_media":742717,"comment_status":"","ping_status":"","sticky":false,"template":"","format":"standard","meta":{"footnotes":"","_share_on_mastodon":"0"},"categories":[9599],"tags":[1111,11,872,1777,674,1011,27,7089,2208,12,2680,25],"class_list":["post-742716","post","type-post","status-publish","format-standard","has-post-thumbnail","category-montpellier","tag-actu","tag-actualites","tag-culture-et-loisirs","tag-eu","tag-europe","tag-fr","tag-france","tag-herault","tag-montpellier","tag-news","tag-occitanie","tag-republique-francaise"],"share_on_mastodon":{"url":"https:\/\/pubeurope.com\/@fr\/116091428921451253","error":""},"_links":{"self":[{"href":"https:\/\/www.europesays.com\/fr\/wp-json\/wp\/v2\/posts\/742716","targetHints":{"allow":["GET"]}}],"collection":[{"href":"https:\/\/www.europesays.com\/fr\/wp-json\/wp\/v2\/posts"}],"about":[{"href":"https:\/\/www.europesays.com\/fr\/wp-json\/wp\/v2\/types\/post"}],"author":[{"embeddable":true,"href":"https:\/\/www.europesays.com\/fr\/wp-json\/wp\/v2\/users\/2"}],"replies":[{"embeddable":true,"href":"https:\/\/www.europesays.com\/fr\/wp-json\/wp\/v2\/comments?post=742716"}],"version-history":[{"count":0,"href":"https:\/\/www.europesays.com\/fr\/wp-json\/wp\/v2\/posts\/742716\/revisions"}],"wp:featuredmedia":[{"embeddable":true,"href":"https:\/\/www.europesays.com\/fr\/wp-json\/wp\/v2\/media\/742717"}],"wp:attachment":[{"href":"https:\/\/www.europesays.com\/fr\/wp-json\/wp\/v2\/media?parent=742716"}],"wp:term":[{"taxonomy":"category","embeddable":true,"href":"https:\/\/www.europesays.com\/fr\/wp-json\/wp\/v2\/categories?post=742716"},{"taxonomy":"post_tag","embeddable":true,"href":"https:\/\/www.europesays.com\/fr\/wp-json\/wp\/v2\/tags?post=742716"}],"curies":[{"name":"wp","href":"https:\/\/api.w.org\/{rel}","templated":true}]}}