{"id":742718,"date":"2026-02-18T11:36:14","date_gmt":"2026-02-18T11:36:14","guid":{"rendered":"https:\/\/www.europesays.com\/fr\/742718\/"},"modified":"2026-02-18T11:36:14","modified_gmt":"2026-02-18T11:36:14","slug":"cette-nouvelle-affaire-confirme-une-recrudescence-inquietante","status":"publish","type":"post","link":"https:\/\/www.europesays.com\/fr\/742718\/","title":{"rendered":"cette nouvelle affaire confirme une recrudescence inqui\u00e9tante"},"content":{"rendered":"<p>                    Par<br \/>\n        <strong><br \/>\n            <a href=\"https:\/\/actu.fr\/auteur\/lea-pippinato\" title=\"Consulter tous les articles de L\u00e9a Pippinato\" rel=\"nofollow noopener\" target=\"_blank\">L\u00e9a Pippinato<\/a><br \/>\n                    <\/strong><\/p>\n<p>        Publi\u00e9 le<\/p>\n<p>            18 f\u00e9vr. 2026 \u00e0 11h29        <\/p>\n<p><a href=\"https:\/\/actu.fr\/occitanie\/montpellier_34172\/un-phenomene-bien-installe-a-montpellier-cette-forme-de-vol-opportuniste-qui-ne-faiblit-pas_63840258.html\" rel=\"nofollow noopener\" target=\"_blank\">Les vols \u00e0 la roulotte progressent dans plusieurs quartiers de Montpellier.<\/a> <strong>Ce samedi 14 f\u00e9vrier 2025<\/strong>, rue du Faubourg Figuerolles, deux hommes de 25 et 26 ans ont \u00e9t\u00e9 interpell\u00e9s en flagrant d\u00e9lit. Les faits se d\u00e9roulent en pleine apr\u00e8s-midi, \u00e0 14h40.\u00a0<\/p>\n<p>    <a href=\"https:\/\/www.google.com\/maps\/embed?pb=!1m18!1m12!1m3!1d11556.637848298365!2d3.8371328!3d43.6032213!2m3!1f0!2f0!3f0!3m2!1i1024!2i768!4f13.1!3m3!1m2!1s0x12b6ae5497cb15f7%3A0xcdaa11d71dd0e9c3!2sRue%20du%20Faubourg%20Figuerolles%2C%2034070%20Montpellier!5e0!3m2!1sfr!2sfr!4v1771355534778!5m2!1sfr!2sfr\" title=\"Ouvrie le lien\" rel=\"nofollow noopener\" target=\"_blank\">Cliquez ici pour visualiser le contenu<\/a><\/p>\n<p class=\" wall-content\">Les deux suspects forcent la porti\u00e8re d\u2019un v\u00e9hicule stationn\u00e9. Ils p\u00e9n\u00e8trent dans l\u2019habitacle et fouillent l\u2019int\u00e9rieur. Un t\u00e9moin alerte les forces de l\u2019ordre. Les policiers interviennent et surprennent les deux hommes \u00e0 proximit\u00e9 du v\u00e9hicule.<\/p>\n<p>Des objets d\u2019origine douteuse<\/p>\n<p class=\" wall-content\">Lors du contr\u00f4le, les agents d\u00e9couvrent deux vestes. Elles appartiennent au propri\u00e9taire de la voiture. Les suspects transportent aussi d\u2019autres objets : Un parapluie et un GPS figurent parmi les biens retrouv\u00e9s. Les enqu\u00eateurs soup\u00e7onnent que ces objets proviennent d\u2019autres vols commis r\u00e9cemment dans le secteur.<\/p>\n<p>Interpell\u00e9 \u00e0 deux reprises ces derni\u00e8res semaines<\/p>\n<p class=\" wall-content\">Plac\u00e9s en garde \u00e0 vue, les deux hommes nient les faits. Ils contestent le vol dans le v\u00e9hicule et affirment avoir achet\u00e9 les objets \u00e0 la Paillade. \u00a0Les investigations montrent que le plus \u00e2g\u00e9 des deux a d\u00e9j\u00e0 \u00e9t\u00e9 interpell\u00e9 \u00e0 deux reprises ces derni\u00e8res semaines. <strong>Le 25 janvier puis le 12 f\u00e9vrier<\/strong>, il avait \u00e9t\u00e9 arr\u00eat\u00e9 apr\u00e8s des vols commis dans d\u2019autres v\u00e9hicules. \u00c0 l\u2019issue de la garde \u00e0 vue, les roulottiers re\u00e7oivent une interdiction de para\u00eetre \u00e0 Montpellier pendant six mois.<\/p>\n<p class=\" wall-content\">Personnalisez votre actualit\u00e9 en ajoutant vos villes et m\u00e9dias en favori avec <a href=\"https:\/\/moncompte.actu.fr\" title=\"D\u00e9couvez Mon Actu\" rel=\"nofollow noopener\" data-trk=\"{&quot;cta&quot;:{&quot;action&quot;:&quot;https:\\\/\\\/moncompte.actu.fr&quot;,&quot;category&quot;:&quot;mon compte&quot;,&quot;from&quot;:&quot;article footer&quot;,&quot;name&quot;:&quot;Mon actu&quot;,&quot;type&quot;:&quot;cta&quot;}}\" target=\"_blank\">Mon Actu<\/a>.<\/p>\n","protected":false},"excerpt":{"rendered":"Par L\u00e9a Pippinato Publi\u00e9 le 18 f\u00e9vr. 2026 \u00e0 11h29 Les vols \u00e0 la roulotte progressent dans plusieurs&hellip;\n","protected":false},"author":2,"featured_media":742719,"comment_status":"","ping_status":"","sticky":false,"template":"","format":"standard","meta":{"footnotes":"","_share_on_mastodon":"0"},"categories":[9599],"tags":[1111,11,1777,674,118,1011,27,303,2208,12,2680,1072,25],"class_list":["post-742718","post","type-post","status-publish","format-standard","has-post-thumbnail","category-montpellier","tag-actu","tag-actualites","tag-eu","tag-europe","tag-faits-divers","tag-fr","tag-france","tag-justice","tag-montpellier","tag-news","tag-occitanie","tag-police","tag-republique-francaise"],"share_on_mastodon":{"url":"https:\/\/pubeurope.com\/@fr\/116091432962292121","error":""},"_links":{"self":[{"href":"https:\/\/www.europesays.com\/fr\/wp-json\/wp\/v2\/posts\/742718","targetHints":{"allow":["GET"]}}],"collection":[{"href":"https:\/\/www.europesays.com\/fr\/wp-json\/wp\/v2\/posts"}],"about":[{"href":"https:\/\/www.europesays.com\/fr\/wp-json\/wp\/v2\/types\/post"}],"author":[{"embeddable":true,"href":"https:\/\/www.europesays.com\/fr\/wp-json\/wp\/v2\/users\/2"}],"replies":[{"embeddable":true,"href":"https:\/\/www.europesays.com\/fr\/wp-json\/wp\/v2\/comments?post=742718"}],"version-history":[{"count":0,"href":"https:\/\/www.europesays.com\/fr\/wp-json\/wp\/v2\/posts\/742718\/revisions"}],"wp:featuredmedia":[{"embeddable":true,"href":"https:\/\/www.europesays.com\/fr\/wp-json\/wp\/v2\/media\/742719"}],"wp:attachment":[{"href":"https:\/\/www.europesays.com\/fr\/wp-json\/wp\/v2\/media?parent=742718"}],"wp:term":[{"taxonomy":"category","embeddable":true,"href":"https:\/\/www.europesays.com\/fr\/wp-json\/wp\/v2\/categories?post=742718"},{"taxonomy":"post_tag","embeddable":true,"href":"https:\/\/www.europesays.com\/fr\/wp-json\/wp\/v2\/tags?post=742718"}],"curies":[{"name":"wp","href":"https:\/\/api.w.org\/{rel}","templated":true}]}}