{"id":742728,"date":"2026-02-18T11:41:13","date_gmt":"2026-02-18T11:41:13","guid":{"rendered":"https:\/\/www.europesays.com\/fr\/742728\/"},"modified":"2026-02-18T11:41:13","modified_gmt":"2026-02-18T11:41:13","slug":"place-de-la-mairie-une-femme-menace-de-simmoler","status":"publish","type":"post","link":"https:\/\/www.europesays.com\/fr\/742728\/","title":{"rendered":"Place de la mairie : une femme menace de s\u2019immoler"},"content":{"rendered":"<p style=\"text-align: justify;\">Ce mercredi, peu avant midi, une importante intervention des secours a eu lieu place de la mairie, en plein centre-ville de Rennes. Une femme de 45 ans mena\u00e7ait de s\u2019immoler par le feu. Selon les premiers \u00e9l\u00e9ments, elle se serait asperg\u00e9e d\u2019un liquide inflammable avant de brandir un briquet, laissant craindre un passage \u00e0 l\u2019acte imminent. Les \u00e9quipes de secours, rapidement sur place, sont parvenues \u00e0 la neutraliser \u00e0 l\u2019aide d\u2019un extincteur. L\u2019intervention a permis d\u2019\u00e9viter le pire. La victime a ensuite \u00e9t\u00e9 prise en charge par une ambulance et transport\u00e9e pour des examens m\u00e9dicaux. Son \u00e9tat de sant\u00e9 n\u2019a pas \u00e9t\u00e9 pr\u00e9cis\u00e9 dans l\u2019imm\u00e9diat. Sur place, la sc\u00e8ne a suscit\u00e9 de l\u2019agitation et attir\u00e9 de nombreux regards. Plusieurs commer\u00e7ants ont indiqu\u00e9 avoir remarqu\u00e9 un important d\u00e9ploiement de secours. Toutefois, au m\u00eame moment, une op\u00e9ration de man\u0153uvre \u00e9tait en cours dans le secteur. Beaucoup ont d\u2019abord pens\u00e9 que l\u2019intervention \u00e9tait li\u00e9e \u00e0 cet exercice. Une enqu\u00eate pourrait \u00eatre ouverte afin de comprendre les circonstances exactes des faits.<\/p>\n<p>\u00a0<\/p>\n","protected":false},"excerpt":{"rendered":"Ce mercredi, peu avant midi, une importante intervention des secours a eu lieu place de la mairie, en&hellip;\n","protected":false},"author":2,"featured_media":742729,"comment_status":"","ping_status":"","sticky":false,"template":"","format":"standard","meta":{"footnotes":"","_share_on_mastodon":"0"},"categories":[2821],"tags":[1111,11,829,1777,674,1011,27,12,584,25],"class_list":["post-742728","post","type-post","status-publish","format-standard","has-post-thumbnail","category-rennes","tag-actu","tag-actualites","tag-bretagne","tag-eu","tag-europe","tag-fr","tag-france","tag-news","tag-rennes","tag-republique-francaise"],"share_on_mastodon":{"url":"https:\/\/pubeurope.com\/@fr\/116091452564545044","error":""},"_links":{"self":[{"href":"https:\/\/www.europesays.com\/fr\/wp-json\/wp\/v2\/posts\/742728","targetHints":{"allow":["GET"]}}],"collection":[{"href":"https:\/\/www.europesays.com\/fr\/wp-json\/wp\/v2\/posts"}],"about":[{"href":"https:\/\/www.europesays.com\/fr\/wp-json\/wp\/v2\/types\/post"}],"author":[{"embeddable":true,"href":"https:\/\/www.europesays.com\/fr\/wp-json\/wp\/v2\/users\/2"}],"replies":[{"embeddable":true,"href":"https:\/\/www.europesays.com\/fr\/wp-json\/wp\/v2\/comments?post=742728"}],"version-history":[{"count":0,"href":"https:\/\/www.europesays.com\/fr\/wp-json\/wp\/v2\/posts\/742728\/revisions"}],"wp:featuredmedia":[{"embeddable":true,"href":"https:\/\/www.europesays.com\/fr\/wp-json\/wp\/v2\/media\/742729"}],"wp:attachment":[{"href":"https:\/\/www.europesays.com\/fr\/wp-json\/wp\/v2\/media?parent=742728"}],"wp:term":[{"taxonomy":"category","embeddable":true,"href":"https:\/\/www.europesays.com\/fr\/wp-json\/wp\/v2\/categories?post=742728"},{"taxonomy":"post_tag","embeddable":true,"href":"https:\/\/www.europesays.com\/fr\/wp-json\/wp\/v2\/tags?post=742728"}],"curies":[{"name":"wp","href":"https:\/\/api.w.org\/{rel}","templated":true}]}}