{"id":742730,"date":"2026-02-18T11:42:11","date_gmt":"2026-02-18T11:42:11","guid":{"rendered":"https:\/\/www.europesays.com\/fr\/742730\/"},"modified":"2026-02-18T11:42:11","modified_gmt":"2026-02-18T11:42:11","slug":"franck-haise-dirige-deja-son-premier-entrainement","status":"publish","type":"post","link":"https:\/\/www.europesays.com\/fr\/742730\/","title":{"rendered":"Franck Haise dirige d\u00e9j\u00e0 son premier entra\u00eenement"},"content":{"rendered":"<p>Hier, <a href=\"https:\/\/www.footmercato.net\/a2309481962432820037-om-le-stade-rennais-bloque-habib-beye\" rel=\"nofollow noopener\" target=\"_blank\">la conciliation entre le Stade Rennais et Habib Beye<\/a> devant la Commission juridique de la LFP n\u2019a pas \u00e9t\u00e9 concluante. Ce qui n\u2019emp\u00eache pas les pensionnaires du Roazhon Park d\u2019avancer sur son successeur. Sans surprise, Frank <a href=\"https:\/\/www.footmercato.net\/entraineur\/franck-haise\" rel=\"nofollow noopener\" target=\"_blank\">Haise<\/a> (54 ans) sera l\u2019heureux \u00e9lu. <\/p>\n<p>            La suite apr\u00e8s cette publicit\u00e9<\/p>\n<p><a href=\"https:\/\/rmcsport.bfmtv.com\/football\/transferts\/direct-mercato-suivez-en-live-toutes-les-infos-et-rumeurs-du-16-fevrier-2026_LN-202602160231.html\" rel=\"nofollow noopener\" target=\"_blank\">RMC Sport<\/a> explique que le coach fran\u00e7ais, libre depuis son d\u00e9part de Nice, est d\u00e9j\u00e0 au travail. Il a dirig\u00e9 ce mercredi matin son premier entra\u00eenement. Comme annonc\u00e9 par plusieurs m\u00e9dias ces derniers jours, l\u2019officialisation de sa signature est attendue dans la journ\u00e9e. <\/p>\n<p>\n    Pub. le 18\/02\/2026 12:23<br \/>\n            &#8211; MAJ le 18\/02\/2026 12:35\n    <\/p>\n","protected":false},"excerpt":{"rendered":"Hier, la conciliation entre le Stade Rennais et Habib Beye devant la Commission juridique de la LFP n\u2019a&hellip;\n","protected":false},"author":2,"featured_media":566045,"comment_status":"","ping_status":"","sticky":false,"template":"","format":"standard","meta":{"footnotes":"","_share_on_mastodon":"0"},"categories":[2821],"tags":[1111,11,829,1777,674,1011,27,12,584,25],"class_list":["post-742730","post","type-post","status-publish","format-standard","has-post-thumbnail","category-rennes","tag-actu","tag-actualites","tag-bretagne","tag-eu","tag-europe","tag-fr","tag-france","tag-news","tag-rennes","tag-republique-francaise"],"share_on_mastodon":{"url":"https:\/\/pubeurope.com\/@fr\/116091456595254277","error":""},"_links":{"self":[{"href":"https:\/\/www.europesays.com\/fr\/wp-json\/wp\/v2\/posts\/742730","targetHints":{"allow":["GET"]}}],"collection":[{"href":"https:\/\/www.europesays.com\/fr\/wp-json\/wp\/v2\/posts"}],"about":[{"href":"https:\/\/www.europesays.com\/fr\/wp-json\/wp\/v2\/types\/post"}],"author":[{"embeddable":true,"href":"https:\/\/www.europesays.com\/fr\/wp-json\/wp\/v2\/users\/2"}],"replies":[{"embeddable":true,"href":"https:\/\/www.europesays.com\/fr\/wp-json\/wp\/v2\/comments?post=742730"}],"version-history":[{"count":0,"href":"https:\/\/www.europesays.com\/fr\/wp-json\/wp\/v2\/posts\/742730\/revisions"}],"wp:featuredmedia":[{"embeddable":true,"href":"https:\/\/www.europesays.com\/fr\/wp-json\/wp\/v2\/media\/566045"}],"wp:attachment":[{"href":"https:\/\/www.europesays.com\/fr\/wp-json\/wp\/v2\/media?parent=742730"}],"wp:term":[{"taxonomy":"category","embeddable":true,"href":"https:\/\/www.europesays.com\/fr\/wp-json\/wp\/v2\/categories?post=742730"},{"taxonomy":"post_tag","embeddable":true,"href":"https:\/\/www.europesays.com\/fr\/wp-json\/wp\/v2\/tags?post=742730"}],"curies":[{"name":"wp","href":"https:\/\/api.w.org\/{rel}","templated":true}]}}