{"id":742733,"date":"2026-02-18T11:44:11","date_gmt":"2026-02-18T11:44:11","guid":{"rendered":"https:\/\/www.europesays.com\/fr\/742733\/"},"modified":"2026-02-18T11:44:11","modified_gmt":"2026-02-18T11:44:11","slug":"municipales-2026-a-strasbourg-ca-se-tend-entre-jakubowicz-et-vetter","status":"publish","type":"post","link":"https:\/\/www.europesays.com\/fr\/742733\/","title":{"rendered":"Municipales 2026. \u00c0 Strasbourg, \u00e7a se tend entre Jakubowicz et Vetter"},"content":{"rendered":"<p>D\u00e8s le lendemain, les num\u00e9ros\u00a02 et\u00a03 de la liste de <a href=\"https:\/\/www.dna.fr\/p\/pierre-jakubowicz\" target=\"_blank\" rel=\"nofollow noopener\">Pierre Jakubowicz<\/a> ont d\u00e9gain\u00e9 un communiqu\u00e9 agac\u00e9 au titre qui se veut pr\u00e9monitoire. \u00ab\u00a0Fermer la porte \u00e0 une alliance de second tour, c\u2019est renoncer \u00e0 \u00eatre une solution pour l\u2019alternance\u00a0\u00bb, estiment Rebecca Breitman et \u00c9tienne Loos, \u00ab\u00a0aucune liste d\u2019opposition n\u2019\u00e9tant en mesure de l\u2019emporter seule\u00a0\u00bb, estiment-ils.<\/p>\n<p>En cons\u00e9quence, poursuit le communiqu\u00e9, \u00ab\u00a0les Strasbourgeois doivent savoir qu\u2019en votant au premier tour pour un candidat qui refuse toute alliance au second, leur vote sera perdu pour la victoire\u00a0\u00bb. Conclusion pour le duo de centre droit\u00a0: \u00ab\u00a0Les \u00e9lecteurs du centre et de la droite qui souhaitent que leur vote compte\u00a0\u00bb <a href=\"https:\/\/www.dna.fr\/politique\/2026\/02\/14\/municipales-2026-le-debrief-vetter-jakubowicz-ca-ne-matche-toujours-pas\" target=\"_blank\" rel=\"nofollow noopener\">devront poser le bulletin Jakubowicz<\/a> dans l\u2019urne d\u00e8s le 15\u00a0mars\u00a0!<\/p>\n<p>Le LR Jean-Philippe Vetter a d\u00e9fendu d\u00e8s l\u2019\u00e9t\u00e9 2025 une union large des \u00ab\u00a0forces r\u00e9publicaines\u00a0\u00bb contre l\u2019ennemi commun d\u00e9sign\u00e9 en la personne de la maire sortante <a href=\"https:\/\/www.dna.fr\/p\/jeanne-barseghian\" target=\"_blank\" rel=\"nofollow noopener\">Jeanne Barseghian<\/a> et son \u00e9quipe. Cette alliance, il la voulait d\u00e8s le premier tour et si possible avec lui comme leader. Mais la logique des partis, et de leur visibilit\u00e9 sur les terrains \u00e9lectoraux, en a d\u00e9cid\u00e9 autrement.<\/p>\n","protected":false},"excerpt":{"rendered":"D\u00e8s le lendemain, les num\u00e9ros\u00a02 et\u00a03 de la liste de Pierre Jakubowicz ont d\u00e9gain\u00e9 un communiqu\u00e9 agac\u00e9 au&hellip;\n","protected":false},"author":2,"featured_media":742734,"comment_status":"","ping_status":"","sticky":false,"template":"","format":"standard","meta":{"footnotes":"","_share_on_mastodon":"0"},"categories":[2820],"tags":[1111,11,2880,5949,4188,1777,674,107,1011,27,775,12,316,25,640,2879],"class_list":["post-742733","post","type-post","status-publish","format-standard","has-post-thumbnail","category-strasbourg","tag-actu","tag-actualites","tag-edition-strasbourg","tag-elections","tag-elections-municipales","tag-eu","tag-europe","tag-fil-info","tag-fr","tag-france","tag-grand-est","tag-news","tag-politique","tag-republique-francaise","tag-strasbourg","tag-strasbourg-ville"],"share_on_mastodon":{"url":"https:\/\/pubeurope.com\/@fr\/116091464320698877","error":""},"_links":{"self":[{"href":"https:\/\/www.europesays.com\/fr\/wp-json\/wp\/v2\/posts\/742733","targetHints":{"allow":["GET"]}}],"collection":[{"href":"https:\/\/www.europesays.com\/fr\/wp-json\/wp\/v2\/posts"}],"about":[{"href":"https:\/\/www.europesays.com\/fr\/wp-json\/wp\/v2\/types\/post"}],"author":[{"embeddable":true,"href":"https:\/\/www.europesays.com\/fr\/wp-json\/wp\/v2\/users\/2"}],"replies":[{"embeddable":true,"href":"https:\/\/www.europesays.com\/fr\/wp-json\/wp\/v2\/comments?post=742733"}],"version-history":[{"count":0,"href":"https:\/\/www.europesays.com\/fr\/wp-json\/wp\/v2\/posts\/742733\/revisions"}],"wp:featuredmedia":[{"embeddable":true,"href":"https:\/\/www.europesays.com\/fr\/wp-json\/wp\/v2\/media\/742734"}],"wp:attachment":[{"href":"https:\/\/www.europesays.com\/fr\/wp-json\/wp\/v2\/media?parent=742733"}],"wp:term":[{"taxonomy":"category","embeddable":true,"href":"https:\/\/www.europesays.com\/fr\/wp-json\/wp\/v2\/categories?post=742733"},{"taxonomy":"post_tag","embeddable":true,"href":"https:\/\/www.europesays.com\/fr\/wp-json\/wp\/v2\/tags?post=742733"}],"curies":[{"name":"wp","href":"https:\/\/api.w.org\/{rel}","templated":true}]}}