{"id":742735,"date":"2026-02-18T11:45:15","date_gmt":"2026-02-18T11:45:15","guid":{"rendered":"https:\/\/www.europesays.com\/fr\/742735\/"},"modified":"2026-02-18T11:45:15","modified_gmt":"2026-02-18T11:45:15","slug":"brasse-par-les-vents-un-avion-reliant-nice-a-bastia-deroute-en-urgence-vers-un-autre-aeroport","status":"publish","type":"post","link":"https:\/\/www.europesays.com\/fr\/742735\/","title":{"rendered":"Brass\u00e9 par les vents, un avion reliant Nice \u00e0 Bastia d\u00e9rout\u00e9 en urgence vers un autre a\u00e9roport"},"content":{"rendered":"<p class=\"fs-5 \">Avec des <strong>vents violents<\/strong> d\u00e9passant largement les <strong>80\u00a0km\/h sur la Corse<\/strong>, les conditions m\u00e9t\u00e9orologiques \u00e9taient particuli\u00e8rement mauvaises lundi 16\u00a0f\u00e9vrier 2026.<\/p>\n<p class=\"fs-5 \">La Corse \u00e9tait plac\u00e9e en<strong> vigilance jaune <\/strong>par M\u00e9t\u00e9o-France pour un risque de vents violents, la vigilance a finalement \u00e9t\u00e9 lev\u00e9e le mardi matin.<\/p>\n<p class=\"fs-5 \">Une journ\u00e9e compliqu\u00e9e dans le ciel, qui a <strong>fortement perturb\u00e9 le trafic a\u00e9rien <\/strong>entre Nice et la Corse, avec des retards et m\u00eame des annulations dans certains cas.<\/p>\n<p class=\"fs-5 \">Les passagers du<strong> <\/strong>vol <strong>Air Corsica<\/strong> XK6210 en ont fait les frais et ont eu droit \u00e0 quelques sensations fortes \u00e0 bord de l\u2019avion qui devait les emmener de<strong> Nice \u00e0 Bastia.<\/strong><\/p>\n<p class=\"fs-5 \">Face aux rafales de vent particuli\u00e8rement violentes, les autorit\u00e9s a\u00e9riennes ont contraint le pilote de l\u2019avion Air Corsica \u00e0 <strong>remettre les gaz afin d\u2019\u00eatre d\u00e9rout\u00e9 vers un autre a\u00e9roport <\/strong>pour effectuer son atterrissage en toute s\u00e9curit\u00e9.<\/p>\n<p class=\"fs-5 \">Peu apr\u00e8s la tentative rat\u00e9e au-dessus de Bastia, passagers et \u00e9quipages ont finalement pu toucher terre en se posant \u00e0 l\u2019a\u00e9roport d\u2019<strong>Ajaccio<\/strong>.<\/p>\n<p>        <img src=\"https:\/\/www.europesays.com\/fr\/wp-content\/uploads\/2026\/02\/5c05f2e_ftp-1-5sjpwbl8nmhg-afp-96wk9t3.jpg\"   loading=\"lazy\" decoding=\"async\" alt=\"Contact\u00e9 par l\u2019AFP, le premier groupe a\u00e9rien d\u2019Europe n\u2019a pas divulgu\u00e9 de bilan chiffr\u00e9, un porte-parole se bornant \u00e0 \u00e9voquer des annulations \u00ab\u00a0importantes\u00a0\u00bb de vols.\" class=\"img-fluid position-absolute w-100 object-fit-cover rounded-2\" width=\"600\" height=\"400\"\/><\/p>\n<p>    Des images impressionnantes de l\u2019avion pris dans le vent<\/p>\n<p class=\"fs-5 \">Nos confr\u00e8res de<a href=\"https:\/\/france3-regions.franceinfo.fr\/corse\/video-un-avion-contraint-d-etre-deroute-a-ajaccio-en-raison-du-vent-violent-3300462.html\" rel=\"nofollow noopener\" target=\"_blank\"><strong> <\/strong>France 3 Via Stella<\/a> ont pu se procurer la vid\u00e9o de l\u2019ATR en grande difficult\u00e9 pour atterrir \u00e0 Bastia.<\/p>\n<blockquote class=\"tiktok-embed\" cite=\"https:\/\/www.tiktok.com\/@france3corse.viastella\/video\/7607516165493017878\" data-video-id=\"7607516165493017878\" data-embed-from=\"oembed\" style=\"max-width:605px; min-width:325px;\"><p>  <a target=\"_blank\" title=\"@france3corse.viastella\" href=\"https:\/\/www.tiktok.com\/@france3corse.viastella?refer=embed\" rel=\"nofollow noopener\">@france3corse.viastella<\/a> <\/p>\n<p>Image impressionnante \u00e0 Bastia d&rsquo;un ATR d&rsquo;Air Corsica en provenance de Nice. Il a d\u00fb remettre les gaz au moment de l&rsquo;atterrissage. D\u00e9rout\u00e9 vers Ajaccio, il \u00e9tait initialement pr\u00e9vu \u00e0 l&rsquo;arriv\u00e9e \u00e0 Bastia-Poretta. Il n&rsquo;a pas pu atterrir en raison du vent violent de ce lundi. Fort heureusement pas d&rsquo;autres cons\u00e9quences pour les passagers et l&rsquo;\u00e9quipage. Une man\u0153uvre connue par vent fort et ma\u00eetris\u00e9e par les pilotes. On compte 3 \u00e0 4 \u00e9v\u00e8nements de ce type \u00e0 Bastia par an seulement, ce qui est faible par rapport \u00e0 d&rsquo;autres a\u00e9roports. Cr\u00e9dits &#8211; J\u00e9r\u00e9my Coppin<\/p>\n<p> <a target=\"_blank\" title=\"\u266c son original - France 3 Corse ViaStella - France 3 Corse ViaStella\" href=\"https:\/\/www.tiktok.com\/music\/son-original-France-3-Corse-ViaStella-7607516188441135894?refer=embed\" rel=\"nofollow noopener\">\u266c son original &#8211; France 3 Corse ViaStella &#8211; France 3 Corse ViaStella<\/a>  <\/p><\/blockquote>\n<p class=\"fs-5 \">On peut voir l\u2019ATR tanguer de gauche \u00e0 droite, puis remettre les gaz pour reprendre de l\u2019altitude et repartir pour se mettre en direction de l\u2019a\u00e9roport d\u2019Ajaccio.<\/p>\n<p>                                                                                                        <script async src=\"\/\/www.tiktok.com\/embed.js\"><\/script><\/p>\n","protected":false},"excerpt":{"rendered":"Avec des vents violents d\u00e9passant largement les 80\u00a0km\/h sur la Corse, les conditions m\u00e9t\u00e9orologiques \u00e9taient particuli\u00e8rement mauvaises lundi&hellip;\n","protected":false},"author":2,"featured_media":742736,"comment_status":"","ping_status":"","sticky":false,"template":"","format":"standard","meta":{"footnotes":"","_share_on_mastodon":"0"},"categories":[2819],"tags":[1111,11,1777,674,1011,27,12,2401,882,25],"class_list":["post-742735","post","type-post","status-publish","format-standard","has-post-thumbnail","category-nice","tag-actu","tag-actualites","tag-eu","tag-europe","tag-fr","tag-france","tag-news","tag-nice","tag-provence-alpes-cote-dazur","tag-republique-francaise"],"share_on_mastodon":{"url":"https:\/\/pubeurope.com\/@fr\/116091468394611273","error":""},"_links":{"self":[{"href":"https:\/\/www.europesays.com\/fr\/wp-json\/wp\/v2\/posts\/742735","targetHints":{"allow":["GET"]}}],"collection":[{"href":"https:\/\/www.europesays.com\/fr\/wp-json\/wp\/v2\/posts"}],"about":[{"href":"https:\/\/www.europesays.com\/fr\/wp-json\/wp\/v2\/types\/post"}],"author":[{"embeddable":true,"href":"https:\/\/www.europesays.com\/fr\/wp-json\/wp\/v2\/users\/2"}],"replies":[{"embeddable":true,"href":"https:\/\/www.europesays.com\/fr\/wp-json\/wp\/v2\/comments?post=742735"}],"version-history":[{"count":0,"href":"https:\/\/www.europesays.com\/fr\/wp-json\/wp\/v2\/posts\/742735\/revisions"}],"wp:featuredmedia":[{"embeddable":true,"href":"https:\/\/www.europesays.com\/fr\/wp-json\/wp\/v2\/media\/742736"}],"wp:attachment":[{"href":"https:\/\/www.europesays.com\/fr\/wp-json\/wp\/v2\/media?parent=742735"}],"wp:term":[{"taxonomy":"category","embeddable":true,"href":"https:\/\/www.europesays.com\/fr\/wp-json\/wp\/v2\/categories?post=742735"},{"taxonomy":"post_tag","embeddable":true,"href":"https:\/\/www.europesays.com\/fr\/wp-json\/wp\/v2\/tags?post=742735"}],"curies":[{"name":"wp","href":"https:\/\/api.w.org\/{rel}","templated":true}]}}