{"id":742741,"date":"2026-02-18T11:48:11","date_gmt":"2026-02-18T11:48:11","guid":{"rendered":"https:\/\/www.europesays.com\/fr\/742741\/"},"modified":"2026-02-18T11:48:11","modified_gmt":"2026-02-18T11:48:11","slug":"la-prefecture-de-loire-atlantique-interdit-un-hommage-a-nantes-et-sa-contre-manifestation-antifa","status":"publish","type":"post","link":"https:\/\/www.europesays.com\/fr\/742741\/","title":{"rendered":"la pr\u00e9fecture de Loire-Atlantique interdit un hommage \u00e0 Nantes et sa contre-manifestation antifa"},"content":{"rendered":"<p>\n    La Cocarde \u00e9tudiante avait appel\u00e9 \u00e0 un rassemblement, mercredi soir, en m\u00e9moire de leur \u00abcamarade l\u00e2chement assassin\u00e9\u00bb. Les services de l\u2019\u00c9tat craignent de graves troubles \u00e0 l\u2019ordre public, en raison de la mobilisation \u00e9galement pr\u00e9vue des mouvements d\u2019extr\u00eame gauche nantais.<\/p>\n<p class=\"fig-paragraph\">Vigilance accrue dans la cit\u00e9 des ducs. Un rassemblement en hommage\u00a0<a href=\"http:\/\/www.lefigaro.fr\/actualite-france\/catholique-et-identitaire-qui-etait-quentin-deranque-lynche-pour-ses-idees-20260216\" target=\"_blank\" data-fig-type=\"Article\" rel=\"noopener nofollow\" data-gtm-custom-categorie=\"navigation\" data-gtm-custom-action=\"crossclick\" data-gtm-custom-label=\"Contextuel\" data-gtm-event=\"customEventSPE\" data-fig-domain=\"LEFIGARO\">\u00e0 Quentin Deranque<\/a>\u00a0a \u00e9t\u00e9 interdit\u00a0<a href=\"https:\/\/www.lefigaro.fr\/nantes\" target=\"_blank\" data-fig-type=\"Section\" rel=\"sponsored noopener nofollow\" data-gtm-custom-categorie=\"navigation\" data-gtm-custom-action=\"crossclick\" data-gtm-custom-label=\"Contextuel\" data-gtm-event=\"customEventSPE\" data-fig-domain=\"LEFIGARO\">\u00e0 Nantes<\/a>\u00a0par la pr\u00e9fecture de Loire-Atlantique, pr\u00e8s d\u2019une semaine apr\u00e8s la mort, \u00e0 Lyon, du jeune \u00e9tudiant nationaliste de 23 ans\u00a0<a href=\"http:\/\/www.lefigaro.fr\/faits-divers\/mort-de-quentin-deranque-a-lyon-le-recit-minute-par-minute-d-un-lynchage-qui-choque-la-france-20260216\" target=\"_blank\" data-fig-type=\"Article\" rel=\"noopener nofollow\" data-gtm-custom-categorie=\"navigation\" data-gtm-custom-action=\"crossclick\" data-gtm-custom-label=\"Contextuel\" data-gtm-event=\"customEventSPE\" data-fig-domain=\"LEFIGARO\">apr\u00e8s avoir \u00e9t\u00e9 rou\u00e9 de coups, le 12 f\u00e9vrier<\/a>, par des militants d\u2019extr\u00eame gauche. Organis\u00e9 \u00e0 l\u2019initiative du syndicat identitaire\u00a0<a href=\"http:\/\/www.lefigaro.fr\/politique\/comment-la-cocarde-est-devenue-le-vivier-de-recrutement-du-rassemblement-national-20230418\" target=\"_blank\" data-fig-type=\"Article\" rel=\"noopener nofollow\" data-gtm-custom-categorie=\"navigation\" data-gtm-custom-action=\"crossclick\" data-gtm-custom-label=\"Contextuel\" data-gtm-event=\"customEventSPE\" data-fig-domain=\"LEFIGARO\">La Cocarde \u00e9tudiante<\/a>, la manifestation, d\u00e9clar\u00e9e en pr\u00e9fecture, \u00e9tait attendue en d\u00e9but de soir\u00e9e, place des Enfants nantais, ce mercredi. Un contre-rassemblement antifasciste non d\u00e9clar\u00e9 avait aussit\u00f4t \u00e9t\u00e9 mis sur pied, avec un point de rendez-vous fix\u00e9 \u00e0 19h30, \u00e0 quelques centaines de m\u00e8tres du rassemblement de La Cocarde.<\/p>\n<p class=\"fig-paragraph\">La pr\u00e9fecture a justifi\u00e9 son interdiction de manifester par de \u00abgraves risques de troubles \u00e0 l\u2019ordre public\u00bb, notamment \u00ab\u00e0 l\u2019initiative des militants les plus radicaux\u00bb. Les services de police anticipaient, mardi soir, la venue de pr\u00e8s de 150 \u00e0 200 personnes pour chacun des deux rassemblements respectifs, dont plusieurs profils de \u00abla mouvance antifasciste nantaise\u00bb et \u00abissus de l\u2019ultradroite\u00bb. L\u2019hommage \u00e0 Quentin Deranque, d\u00e9crit par La Cocarde comme un \u00abcamarade l\u00e2chement assassin\u00e9 par l\u2019extr\u00eame gauche\u00bb, avait \u00e9t\u00e9 relay\u00e9 par plusieurs groupes identitaires ou royalistes, tels que G\u00e9n\u00e9ration Z Pays de la Loire, la\u00a0<a href=\"http:\/\/www.lefigaro.fr\/nantes\/a-nantes-une-conference-de-la-ligue-ligerienne-et-une-contre-manif-antifa-interdites-par-la-prefecture-20250313\" target=\"_blank\" data-fig-type=\"NewsFlash\" rel=\"noopener nofollow\" data-gtm-custom-categorie=\"navigation\" data-gtm-custom-action=\"crossclick\" data-gtm-custom-label=\"Contextuel\" data-gtm-event=\"customEventSPE\" data-fig-domain=\"LEFIGARO\">Ligue lig\u00e9rienne<\/a>, l\u2019<a href=\"https:\/\/www.lefigaro.fr\/actualite-france\/2016\/05\/07\/01016-20160507ARTFIG00128-qu-est-ce-que-l-action-francaise.php\" target=\"_blank\" data-fig-type=\"Article\" rel=\"noopener nofollow\" data-gtm-custom-categorie=\"navigation\" data-gtm-custom-action=\"crossclick\" data-gtm-custom-label=\"Contextuel\" data-gtm-event=\"customEventSPE\" data-fig-domain=\"LEFIGARO\">Action fran\u00e7aise<\/a>\u00a0ou encore Korser Nantes. \u00abL\u2019atmosph\u00e8re est hypersensible\u00bb, confirme une source polici\u00e8re.<\/p>\n<p>                                            <a class=\"fig-a11y-skip\" href=\"#fig-a11y-skip-main-inarticle\" is=\"fig-a11y-skip\" data-trigger-mode=\"visible-once\"><br \/>\n    Passer la publicit\u00e9<br \/>\n<\/a>            <\/p>\n<p>                                            \u00abRecherche d\u2019affrontements\u00bb<\/p>\n<p class=\"fig-paragraph\">Plusieurs rixes ont oppos\u00e9, ces derni\u00e8res ann\u00e9es \u00e0 Nantes, les mouvances d\u2019extr\u00eame gauche \u00e0 des groupuscules identitaires. La pr\u00e9fecture de Loire-Atlantique note, dans son arr\u00eat\u00e9 publi\u00e9 mercredi matin, que le contexte local a \u00e9t\u00e9 marqu\u00e9 par une \u00abrecherche d\u2019affrontements entre les antifas de l\u2019ultragauche et les partisans de l\u2019extr\u00eame droite\u00bb. En octobre 2025, un affrontement avait notamment \u00e9clat\u00e9 en marge d\u2019un\u00a0<a href=\"http:\/\/www.lefigaro.fr\/faits-divers\/dahbia-benkired-condamnee-a-la-perpetuite-incompressible-pour-le-meurtre-de-lola-dans-les-coulisses-du-proces-d-un-crime-barbare-20251024\" target=\"_blank\" data-fig-type=\"Article\" rel=\"noopener nofollow\" data-gtm-custom-categorie=\"navigation\" data-gtm-custom-action=\"crossclick\" data-gtm-custom-label=\"Contextuel\" data-gtm-event=\"customEventSPE\" data-fig-domain=\"LEFIGARO\">hommage \u00e0 Lola<\/a>\u00a0organis\u00e9 par La Cocarde \u00e9tudiante. Les forces de l\u2019ordre avaient proc\u00e9d\u00e9 \u00e0 six interpellations lors de ces violences. D\u2019autres affrontements ont \u00e9galement eu lieu, de mani\u00e8re \u00e9pisodique,\u00a0<a href=\"http:\/\/www.lefigaro.fr\/nantes\/nantes-deux-etudiants-agresses-en-marge-d-une-reunion-antifa-l-uni-denonce-un-climat-de-violence-inedit-20250312\" target=\"_blank\" data-fig-type=\"NewsFlash\" rel=\"noopener nofollow\" data-gtm-custom-categorie=\"navigation\" data-gtm-custom-action=\"crossclick\" data-gtm-custom-label=\"Contextuel\" data-gtm-event=\"customEventSPE\" data-fig-domain=\"LEFIGARO\">sur le campus universitaire nantais<\/a>.<\/p>\n<p class=\"fig-paragraph\">Mardi, neuf suspects, dont\u00a0<a href=\"http:\/\/www.lefigaro.fr\/faits-divers\/jacques-elie-favrot-gerait-l-attaque-des-temoins-chargent-l-assistant-parlementaire-lfi-de-raphael-arnault-suspecte-d-etre-implique-dans-le-meurtre-de-quentin-20260216\" target=\"_blank\" data-fig-type=\"Article\" rel=\"noopener nofollow\" data-gtm-custom-categorie=\"navigation\" data-gtm-custom-action=\"crossclick\" data-gtm-custom-label=\"Contextuel\" data-gtm-event=\"customEventSPE\" data-fig-domain=\"LEFIGARO\">Jacques-Elie Favrot<\/a>, assistant parlementaire du d\u00e9put\u00e9 insoumis\u00a0<a href=\"http:\/\/www.lefigaro.fr\/politique\/raphael-arnault-ce-depute-condamne-pour-violences-fondateur-de-la-jeune-garde-qui-precipite-lfi-dans-la-tourmente-20260217\" target=\"_blank\" data-fig-type=\"Article\" rel=\"noopener nofollow\" data-gtm-custom-categorie=\"navigation\" data-gtm-custom-action=\"crossclick\" data-gtm-custom-label=\"Contextuel\" data-gtm-event=\"customEventSPE\" data-fig-domain=\"LEFIGARO\">Rapha\u00ebl Arnault<\/a>, ont \u00e9t\u00e9 interpell\u00e9s dans le cadre de l\u2019enqu\u00eate pour \u00abhomicide volontaire\u00bb ouverte apr\u00e8s la mort de Quentin Deranque. \u00c9tudiant en math\u00e9matiques \u00e0 l\u2019universit\u00e9 Lumi\u00e8re-Lyon-II, le jeune militant nationaliste a \u00e9t\u00e9 rou\u00e9 de coups lors d\u2019un affrontement entre groupes identitaires et antifascistes, en marge d\u2019une conf\u00e9rence organis\u00e9e par l\u2019eurod\u00e9put\u00e9e insoumise\u00a0<a href=\"http:\/\/www.lefigaro.fr\/vox\/politique\/rima-hassan-accuse-l-etat-francais-d-islamophobie-institutionnalisee-20251212\" target=\"_blank\" data-fig-type=\"Article\" rel=\"noopener nofollow\" data-gtm-custom-categorie=\"navigation\" data-gtm-custom-action=\"crossclick\" data-gtm-custom-label=\"Contextuel\" data-gtm-event=\"customEventSPE\" data-fig-domain=\"LEFIGARO\">Rima Hassan<\/a>.<\/p>\n","protected":false},"excerpt":{"rendered":"La Cocarde \u00e9tudiante avait appel\u00e9 \u00e0 un rassemblement, mercredi soir, en m\u00e9moire de leur \u00abcamarade l\u00e2chement assassin\u00e9\u00bb. Les&hellip;\n","protected":false},"author":2,"featured_media":742742,"comment_status":"","ping_status":"","sticky":false,"template":"","format":"standard","meta":{"footnotes":"","_share_on_mastodon":"0"},"categories":[2818],"tags":[1111,11,1777,674,1011,27,4879,766,12,2636,25,656],"class_list":["post-742741","post","type-post","status-publish","format-standard","has-post-thumbnail","category-nantes","tag-actu","tag-actualites","tag-eu","tag-europe","tag-fr","tag-france","tag-hommage","tag-nantes","tag-news","tag-pays-de-la-loire","tag-republique-francaise","tag-securite"],"share_on_mastodon":{"url":"https:\/\/pubeurope.com\/@fr\/116091480044012122","error":""},"_links":{"self":[{"href":"https:\/\/www.europesays.com\/fr\/wp-json\/wp\/v2\/posts\/742741","targetHints":{"allow":["GET"]}}],"collection":[{"href":"https:\/\/www.europesays.com\/fr\/wp-json\/wp\/v2\/posts"}],"about":[{"href":"https:\/\/www.europesays.com\/fr\/wp-json\/wp\/v2\/types\/post"}],"author":[{"embeddable":true,"href":"https:\/\/www.europesays.com\/fr\/wp-json\/wp\/v2\/users\/2"}],"replies":[{"embeddable":true,"href":"https:\/\/www.europesays.com\/fr\/wp-json\/wp\/v2\/comments?post=742741"}],"version-history":[{"count":0,"href":"https:\/\/www.europesays.com\/fr\/wp-json\/wp\/v2\/posts\/742741\/revisions"}],"wp:featuredmedia":[{"embeddable":true,"href":"https:\/\/www.europesays.com\/fr\/wp-json\/wp\/v2\/media\/742742"}],"wp:attachment":[{"href":"https:\/\/www.europesays.com\/fr\/wp-json\/wp\/v2\/media?parent=742741"}],"wp:term":[{"taxonomy":"category","embeddable":true,"href":"https:\/\/www.europesays.com\/fr\/wp-json\/wp\/v2\/categories?post=742741"},{"taxonomy":"post_tag","embeddable":true,"href":"https:\/\/www.europesays.com\/fr\/wp-json\/wp\/v2\/tags?post=742741"}],"curies":[{"name":"wp","href":"https:\/\/api.w.org\/{rel}","templated":true}]}}