{"id":742767,"date":"2026-02-18T12:02:12","date_gmt":"2026-02-18T12:02:12","guid":{"rendered":"https:\/\/www.europesays.com\/fr\/742767\/"},"modified":"2026-02-18T12:02:12","modified_gmt":"2026-02-18T12:02:12","slug":"300-pieces-chanel-exposees-gratuitement-deux-jours-avant-leur-vente-aux-encheres","status":"publish","type":"post","link":"https:\/\/www.europesays.com\/fr\/742767\/","title":{"rendered":"300 pi\u00e8ces Chanel expos\u00e9es gratuitement deux jours avant leur vente aux ench\u00e8res"},"content":{"rendered":"<p>ParisSelectBook &#8211; Karl Lagerfeld \u00e0 Paris : 300 pi\u00e8ces Chanel expos\u00e9es gratuitement deux jours avant leur vente aux ench\u00e8res<\/p>\n<p><a href=\"https:\/\/www.parisselectbook.com\/2026\/02\/16\/que-faire-a-paris-ce-week-end-20-22-fev\/\" rel=\"nofollow noopener\" target=\"_blank\">Paris<\/a> accueille cet \u00e9t\u00e9 un \u00e9v\u00e9nement rare pour les amoureux de mode. Une exposition gratuite c\u00e9l\u00e8bre l\u2019h\u00e9ritage de <strong>Karl Lagerfeld<\/strong> au sein de la maison Chanel. Ce rendez-vous incontournable se tient au c\u0153ur de la capitale, offrant un voyage unique dans le temps.<\/p>\n<p>Une exposition gratuite au Palais de Tokyo<\/p>\n<p>Le Palais de Tokyo ouvre ses portes pour cette r\u00e9trospective exceptionnelle. Les visiteurs peuvent ainsi admirer des pi\u00e8ces iconiques sans d\u00e9bourser un centime. Cette initiative d\u00e9mocratise l\u2019acc\u00e8s \u00e0 l\u2019univers de la <a href=\"https:\/\/www.parisselectbook.com\/2026\/02\/17\/rosalia-ressort-une-robe-dior-galliano-vintage-deja-portee-par-jennifer-aniston-et-carla-bruni\/\" rel=\"nofollow noopener\" target=\"_blank\">haute couture parisienne<\/a>.<\/p>\n<p>L\u2019espace d\u2019exposition s\u2019\u00e9tend sur plusieurs <a href=\"https:\/\/www.parisselectbook.com\/2026\/02\/17\/musee-de-la-vie-romantique-a-paris-reouverture-apres-renovation-les-images-du-nouveau-parcours\/\" rel=\"nofollow noopener\" target=\"_blank\">salles th\u00e9matiques<\/a>. Chaque zone retrace une p\u00e9riode cl\u00e9 de la collaboration entre le cr\u00e9ateur et Chanel. Par cons\u00e9quent, le parcours guide naturellement les visiteurs \u00e0 travers <strong>plus de trois d\u00e9cennies<\/strong> de cr\u00e9ation.<\/p>\n<p>Les horaires permettent une visite confortable, m\u00eame en <a href=\"https:\/\/www.parisselectbook.com\/2026\/02\/17\/madere-explose-avec-255-de-recherches-de-vol-et-simpose-comme-la-destination-phare-de-lete-2026\/\" rel=\"nofollow noopener\" target=\"_blank\">\u00e9t\u00e9<\/a>. En effet, le lieu reste ouvert tard en soir\u00e9e certains jours. Cette flexibilit\u00e9 attire aussi bien les touristes que les Parisiens press\u00e9s.<\/p>\n<blockquote>\n<p>\u00ab La mode est un langage qui se cr\u00e9e dans des v\u00eatements pour interpr\u00e9ter la r\u00e9alit\u00e9. \u00bb<\/p>\n<\/blockquote>\n<p>Des cr\u00e9ations embl\u00e9matiques expos\u00e9es<\/p>\n<p>Les tailleurs en tweed c\u00f4toient les robes de soir\u00e9e les plus sophistiqu\u00e9es. Ces pi\u00e8ces t\u00e9moignent du g\u00e9nie de <strong>Karl Lagerfeld<\/strong> pour r\u00e9inventer les codes classiques. Ainsi, chaque cr\u00e9ation raconte une histoire de modernit\u00e9 et de tradition.<\/p>\n<p>Le c\u00e9l\u00e8bre sac Chanel Timeless occupe une place de choix dans la sc\u00e9nographie. Ce mod\u00e8le iconique incarne parfaitement la vision intemporelle que le directeur artistique insufflait \u00e0 ses collections. De plus, plusieurs d\u00e9clinaisons rares sont pr\u00e9sent\u00e9es au public pour la premi\u00e8re fois.<\/p>\n<p>Les accessoires ne sont pas en reste dans ce parcours visuel. Bijoux fantaisie, gants, ceintures : tout refl\u00e8te une attention minutieuse aux d\u00e9tails. Pourtant, l\u2019ensemble reste coh\u00e9rent et raconte une seule histoire.<\/p>\n<ul>\n<li>Tailleurs en tweed revisit\u00e9s des ann\u00e9es 1990<\/li>\n<li>Robes haute couture port\u00e9es lors des d\u00e9fil\u00e9s historiques<\/li>\n<li>Accessoires originaux cr\u00e9\u00e9s pour les collections<\/li>\n<li>Croquis et dessins pr\u00e9paratoires in\u00e9dits<\/li>\n<li>Photographies de coulisses des d\u00e9fil\u00e9s Chanel<\/li>\n<\/ul>\n<p>L\u2019h\u00e9ritage artistique d\u2019un visionnaire<\/p>\n<p><strong>Karl Lagerfeld<\/strong> a dirig\u00e9 la direction artistique de Chanel pendant <strong>36 ans<\/strong>. Cette long\u00e9vit\u00e9 exceptionnelle lui a permis de marquer durablement l\u2019identit\u00e9 de la maison. D\u00e9sormais, son influence continue d\u2019inspirer les nouvelles g\u00e9n\u00e9rations de cr\u00e9ateurs.<\/p>\n<p>Le designer allemand savait m\u00ealer audace et \u00e9l\u00e9gance comme personne. Ses d\u00e9fil\u00e9s spectaculaires transformaient le Grand Palais en plage, supermarch\u00e9 ou fus\u00e9e spatiale. En revanche, les v\u00eatements restaient toujours portables et d\u00e9sirables.<\/p>\n<p>L\u2019exposition met en lumi\u00e8re cette dualit\u00e9 cr\u00e9ative fascinante. Les visiteurs comprennent mieux comment un seul homme a pu r\u00e9volutionner la mode. Par cons\u00e9quent, le parcours prend une dimension presque p\u00e9dagogique.<\/p>\n<p>Les archives pr\u00e9sent\u00e9es proviennent directement des collections Chanel. Certaines pi\u00e8ces n\u2019avaient jamais quitt\u00e9 les ateliers de la rue Cambon auparavant. Cette raret\u00e9 conf\u00e8re \u00e0 l\u2019\u00e9v\u00e9nement un caract\u00e8re vraiment exceptionnel.<\/p>\n<p>Une sc\u00e9nographie immersive et soign\u00e9e<\/p>\n<p>La mise en sc\u00e8ne plonge le visiteur dans l\u2019atmosph\u00e8re des d\u00e9fil\u00e9s originaux. Des \u00e9crans diffusent des extraits vid\u00e9o des shows les plus m\u00e9morables. Ainsi, l\u2019\u00e9motion des premiers rangs devient accessible \u00e0 tous.<\/p>\n<p>L\u2019\u00e9clairage a \u00e9t\u00e9 pens\u00e9 pour sublimer chaque pi\u00e8ce expos\u00e9e. Les tissus r\u00e9v\u00e8lent leurs textures sous une lumi\u00e8re parfaitement calibr\u00e9e. De plus, les couleurs semblent aussi vives qu\u2019au premier jour.<\/p>\n<p>Le parcours sonore accompagne la d\u00e9ambulation avec subtilit\u00e9. Des musiques utilis\u00e9es lors des d\u00e9fil\u00e9s r\u00e9sonnent dans certaines salles. Cette attention renforce l\u2019immersion dans le monde de <strong>Karl Lagerfeld<\/strong>.<\/p>\n<p>Informations pratiques pour votre visite<\/p>\n<p>L\u2019exposition se tient au <strong>Palais de Tokyo<\/strong>, dans le 16e arrondissement de Paris. L\u2019acc\u00e8s gratuit ne n\u00e9cessite aucune r\u00e9servation pr\u00e9alable. Pourtant, venir t\u00f4t le matin garantit une exp\u00e9rience plus confortable.<\/p>\n<p>Le m\u00e9tro ligne 9, station I\u00e9na, d\u00e9pose les visiteurs \u00e0 quelques pas. En revanche, le stationnement reste difficile dans ce quartier pris\u00e9. Les transports en commun demeurent donc la meilleure option.<\/p>\n<p>Comptez environ <strong>une heure trente<\/strong> pour parcourir l\u2019ensemble des salles. Les plus passionn\u00e9s peuvent facilement y passer davantage de temps. Par cons\u00e9quent, pr\u00e9voyez une marge dans votre planning.<\/p>\n<p>L\u2019exposition attire un public vari\u00e9, des connaisseurs aux simples curieux. Les familles appr\u00e9cient aussi ce moment culturel gratuit et accessible. <strong>Karl Lagerfeld<\/strong> aurait sans doute aim\u00e9 cette diversit\u00e9 de visiteurs venus c\u00e9l\u00e9brer son travail.<\/p>\n","protected":false},"excerpt":{"rendered":"ParisSelectBook &#8211; Karl Lagerfeld \u00e0 Paris : 300 pi\u00e8ces Chanel expos\u00e9es gratuitement deux jours avant leur vente aux&hellip;\n","protected":false},"author":2,"featured_media":742768,"comment_status":"","ping_status":"","sticky":false,"template":"","format":"standard","meta":{"footnotes":"","_share_on_mastodon":"0"},"categories":[1888],"tags":[1111,1928,11,1927,1777,674,1011,27,35057,12,1926,626,1925,25],"class_list":["post-742767","post","type-post","status-publish","format-standard","has-post-thumbnail","category-paris","tag-actu","tag-actu-paris","tag-actualites","tag-actualites-paris","tag-eu","tag-europe","tag-fr","tag-france","tag-karl-lagerfeld","tag-news","tag-news-paris","tag-paris","tag-paris-news","tag-republique-francaise"],"share_on_mastodon":{"url":"https:\/\/pubeurope.com\/@fr\/116091535284531251","error":""},"_links":{"self":[{"href":"https:\/\/www.europesays.com\/fr\/wp-json\/wp\/v2\/posts\/742767","targetHints":{"allow":["GET"]}}],"collection":[{"href":"https:\/\/www.europesays.com\/fr\/wp-json\/wp\/v2\/posts"}],"about":[{"href":"https:\/\/www.europesays.com\/fr\/wp-json\/wp\/v2\/types\/post"}],"author":[{"embeddable":true,"href":"https:\/\/www.europesays.com\/fr\/wp-json\/wp\/v2\/users\/2"}],"replies":[{"embeddable":true,"href":"https:\/\/www.europesays.com\/fr\/wp-json\/wp\/v2\/comments?post=742767"}],"version-history":[{"count":0,"href":"https:\/\/www.europesays.com\/fr\/wp-json\/wp\/v2\/posts\/742767\/revisions"}],"wp:featuredmedia":[{"embeddable":true,"href":"https:\/\/www.europesays.com\/fr\/wp-json\/wp\/v2\/media\/742768"}],"wp:attachment":[{"href":"https:\/\/www.europesays.com\/fr\/wp-json\/wp\/v2\/media?parent=742767"}],"wp:term":[{"taxonomy":"category","embeddable":true,"href":"https:\/\/www.europesays.com\/fr\/wp-json\/wp\/v2\/categories?post=742767"},{"taxonomy":"post_tag","embeddable":true,"href":"https:\/\/www.europesays.com\/fr\/wp-json\/wp\/v2\/tags?post=742767"}],"curies":[{"name":"wp","href":"https:\/\/api.w.org\/{rel}","templated":true}]}}