{"id":742874,"date":"2026-02-18T13:04:11","date_gmt":"2026-02-18T13:04:11","guid":{"rendered":"https:\/\/www.europesays.com\/fr\/742874\/"},"modified":"2026-02-18T13:04:11","modified_gmt":"2026-02-18T13:04:11","slug":"marseille-ce-lieu-qui-accueille-des-enfants-ferme-de-force-des-risques-graves","status":"publish","type":"post","link":"https:\/\/www.europesays.com\/fr\/742874\/","title":{"rendered":"Marseille. Ce lieu qui accueille des enfants ferm\u00e9 de force, \u00ab\u00a0des risques graves\u00a0\u00bb"},"content":{"rendered":"<p>                    Par<br \/>\n        <strong><br \/>\n            <a href=\"https:\/\/actu.fr\/auteur\/melanie-faure\" title=\"Consulter tous les articles de Melanie Faure\" rel=\"nofollow noopener\" target=\"_blank\">Melanie Faure<\/a><br \/>\n                    <\/strong><\/p>\n<p>        Publi\u00e9 le<\/p>\n<p>            18 f\u00e9vr. 2026 \u00e0 10h40        <\/p>\n<p>\u00c0 deux reprises, le constat \u00e9tait accablant. Les 5 et 11\u00a0f\u00e9vrier 2026, les employ\u00e9s du service d\u00e9partemental \u00e0 la jeunesse se rendent dans les deux \u00e9tablissements du Caf\u00e9 Meinado, une association de parents implant\u00e9e \u00e0 Marseille. Un caf\u00e9 classique en premier lieu, agr\u00e9ment\u00e9 d\u2019un accueil p\u00e9riscolaire\u2009: des \u00ab\u2009espaces de d\u00e9tente\u2009\u00bb et \u00ab\u2009d\u2019\u00e9changes\u2009\u00bb se targuaient les membres, sur leur site internet, avec des ateliers, une offre de garderie ou encore des groupes de parole. La particularit\u00e9\u2009? Les enfants sont de la partie. Et l\u00e0, <strong><a href=\"https:\/\/actu.fr\/provence-alpes-cote-d-azur\/marseille_13055\/fermeture-des-epiceries-de-nuit-a-marseille-la-prefecture-de-police-modifie-les-regles-ce-qui-change_63249959.html\" rel=\"nofollow noopener\" target=\"_blank\">la pr\u00e9fecture des Bouches-du-Rh\u00f4ne<\/a> a estim\u00e9 que les conditions n\u2019\u00e9taient pas remplies, <\/strong>selon un arr\u00eat\u00e9 consult\u00e9 par actu Marseille.<\/p>\n<p class=\" wall-content\">En effet, dans le texte dat\u00e9 du 13\u00a0f\u00e9vrier 2026, la direction des services d\u00e9partementaux de l\u2019\u00c9ducation nationale a ordonn\u00e9 la fermeture imm\u00e9diate et d\u00e9finitive des deux \u00e9tablissements contigus situ\u00e9s 6 place du Lyc\u00e9e Thiers et 19 rue Guy-Moquet (1er), estimant qu\u2019ils pr\u00e9sentent \u00ab<strong>\u2009des risques graves pour la sant\u00e9 et la s\u00e9curit\u00e9 physique de ces mineurs<\/strong> et qu\u2019il y a lieu, de ce fait, de fermer les locaux pr\u00e9cit\u00e9s en urgence\u2009\u00bb.<\/p>\n<p>Sanitaires inadapt\u00e9s, sortie de secours verrouill\u00e9e\u2026<\/p>\n<p class=\" wall-content\">\u00c0 quelles r\u00e8gles les parents de cette ressourcerie associative ont-ils d\u00e9rog\u00e9\u2009? Tout d\u2019abord, il y a ce sous-sol r\u00e9serv\u00e9 aux activit\u00e9s pour mineurs dont la commission de s\u00e9curit\u00e9 avait interdit l\u2019utilisation en raison de son humidit\u00e9, de son escalier \u00ab\u2009sans rambardes de s\u00e9curit\u00e9 solides\u2009\u00bb et de \u00ab\u2009l\u2019absence\u2009\u00bb de sortie de secours.<strong> Une issue est situ\u00e9e en revanche au rez-de-chauss\u00e9e, mais\u2026 \u00ab\u2009v\u00e9rrouill\u00e9e sans possibilit\u00e9 d\u2019ouverture\u2009\u00bb.<\/strong><\/p>\n<p class=\" wall-content\">La s\u00e9curit\u00e9, mais aussi les normes d\u2019accueil, avec ce mobilier qui n\u2019est pas adapt\u00e9 aux mineurs, avec ces \u00ab\u2009tables et chaises trop hautes, peu nombreuses et de canap\u00e9s en cuir en mauvais \u00e9tat\u2009\u00bb. Parmi les adh\u00e9rents, <strong>vingt mineurs sont \u00e2g\u00e9s de moins de 6\u00a0ans<\/strong> \u2013 l\u00e0 aussi, ils devaient se partager neufs places assises \u00e0 des tables basses adapt\u00e9es \u00e0 leur taille, mais aussi<strong> ce seul et unique sanitaire \u00ab\u2009adapt\u00e9 sans s\u00e9paration visuelle <\/strong><strong>garantissant l\u2019intimit\u00e9\u2009\u00bb<\/strong>. Enfin, la pr\u00e9fecture alerte sur la pr\u00e9sence de boissons alcoolis\u00e9es dans des espaces accessibles aux mineurs.<\/p>\n<p>Un premier avertissement en 2024<\/p>\n<p class=\" wall-content\">Si la fermeture de l\u2019association est imm\u00e9diate et d\u00e9finitive, une lourde sanction, c\u2019est parce qu\u2019en 2024 d\u00e9j\u00e0, elle avait \u00e9t\u00e9 alert\u00e9e sur<strong> les am\u00e9nagements \u00e0 r\u00e9aliser pour se mettre aux normes<\/strong>. Le 4\u00a0d\u00e9cembre 2024, le service de protection maternelle et infantile (PMI) avait \u00e9mis un avis d\u00e9favorable concernant le local situ\u00e9 6 place du Lyc\u00e9e Thiers \u00e0 Marseille indiquant qu\u2019il \u00ab\u2009ne r\u00e9pond pas \u00e0 l\u2019application du r\u00e9f\u00e9rentiel b\u00e2timentaire pour permettre l\u2019accueil d\u2019enfants \u00e2ges de moins de 6\u00a0ans\u2009\u00bb. Il \u00e9tait \u00e9galement stipul\u00e9 qu\u2019il manquait une quantit\u00e9 suffisante\u2009de \u00ab\u2009tables, chaises, lits barquettes\u2009\u00bb.<\/p>\n<p class=\" wall-content\">Mais en l\u2019absence d\u2019am\u00e9nagements ad\u00e9quats, le Caf\u00e9 Meinado a laiss\u00e9 passer sa deuxi\u00e8me chance. Alors l\u2019association a d\u00fb<strong> relocaliser l\u2019accueil p\u00e9riscolaire \u00e0 un peu plus d\u2019un kilom\u00e8tre de l\u00e0, \u00e0 l\u2019\u00e9cole Chanterelle (1er)<\/strong>, o\u00f9 ils devraient poursuivre leur activit\u00e9 jusqu\u2019\u00e0 l\u2019am\u00e9nagement des locaux. \u00ab\u2009On se met en conformit\u00e9, on est une petite association et on doit continuer notre activit\u00e9\u2009\u00bb, confie \u00e0 actu Marseille une employ\u00e9e du Caf\u00e9 Meinado. La directrice de l\u2019association n\u2019a pas donn\u00e9 suite \u00e0 nos demandes d\u2019entretien.<\/p>\n<p class=\" wall-content\">Personnalisez votre actualit\u00e9 en ajoutant vos villes et m\u00e9dias en favori avec <a href=\"https:\/\/moncompte.actu.fr\" title=\"D\u00e9couvez Mon Actu\" rel=\"nofollow noopener\" data-trk=\"{&quot;cta&quot;:{&quot;action&quot;:&quot;https:\\\/\\\/moncompte.actu.fr&quot;,&quot;category&quot;:&quot;mon compte&quot;,&quot;from&quot;:&quot;article footer&quot;,&quot;name&quot;:&quot;Mon actu&quot;,&quot;type&quot;:&quot;cta&quot;}}\" target=\"_blank\">Mon Actu<\/a>.<\/p>\n","protected":false},"excerpt":{"rendered":"Par Melanie Faure Publi\u00e9 le 18 f\u00e9vr. 2026 \u00e0 10h40 \u00c0 deux reprises, le constat \u00e9tait accablant. Les&hellip;\n","protected":false},"author":2,"featured_media":742875,"comment_status":"","ping_status":"","sticky":false,"template":"","format":"standard","meta":{"footnotes":"","_share_on_mastodon":"0"},"categories":[2814],"tags":[1111,11,1719,1777,674,1011,27,303,884,12,882,25,104],"class_list":["post-742874","post","type-post","status-publish","format-standard","has-post-thumbnail","category-marseille","tag-actu","tag-actualites","tag-enfants","tag-eu","tag-europe","tag-fr","tag-france","tag-justice","tag-marseille","tag-news","tag-provence-alpes-cote-dazur","tag-republique-francaise","tag-societe"],"share_on_mastodon":{"url":"https:\/\/pubeurope.com\/@fr\/116091778750812995","error":""},"_links":{"self":[{"href":"https:\/\/www.europesays.com\/fr\/wp-json\/wp\/v2\/posts\/742874","targetHints":{"allow":["GET"]}}],"collection":[{"href":"https:\/\/www.europesays.com\/fr\/wp-json\/wp\/v2\/posts"}],"about":[{"href":"https:\/\/www.europesays.com\/fr\/wp-json\/wp\/v2\/types\/post"}],"author":[{"embeddable":true,"href":"https:\/\/www.europesays.com\/fr\/wp-json\/wp\/v2\/users\/2"}],"replies":[{"embeddable":true,"href":"https:\/\/www.europesays.com\/fr\/wp-json\/wp\/v2\/comments?post=742874"}],"version-history":[{"count":0,"href":"https:\/\/www.europesays.com\/fr\/wp-json\/wp\/v2\/posts\/742874\/revisions"}],"wp:featuredmedia":[{"embeddable":true,"href":"https:\/\/www.europesays.com\/fr\/wp-json\/wp\/v2\/media\/742875"}],"wp:attachment":[{"href":"https:\/\/www.europesays.com\/fr\/wp-json\/wp\/v2\/media?parent=742874"}],"wp:term":[{"taxonomy":"category","embeddable":true,"href":"https:\/\/www.europesays.com\/fr\/wp-json\/wp\/v2\/categories?post=742874"},{"taxonomy":"post_tag","embeddable":true,"href":"https:\/\/www.europesays.com\/fr\/wp-json\/wp\/v2\/tags?post=742874"}],"curies":[{"name":"wp","href":"https:\/\/api.w.org\/{rel}","templated":true}]}}