{"id":742878,"date":"2026-02-18T13:06:10","date_gmt":"2026-02-18T13:06:10","guid":{"rendered":"https:\/\/www.europesays.com\/fr\/742878\/"},"modified":"2026-02-18T13:06:10","modified_gmt":"2026-02-18T13:06:10","slug":"organisee-par-lultra-droite-la-marche-en-hommage-a-quentin-deranque-sera-t-elle-autorisee","status":"publish","type":"post","link":"https:\/\/www.europesays.com\/fr\/742878\/","title":{"rendered":"organis\u00e9e par l&rsquo;ultra-droite, la marche en hommage \u00e0 Quentin Deranque sera-t-elle autoris\u00e9e ?"},"content":{"rendered":"<p>                            <img loading=\"lazy\" width=\"1200\" height=\"750\" class=\"attachment-article size-article wp-post-image lazyload\" alt=\"\" decoding=\"async\" src=\"https:\/\/www.europesays.com\/fr\/wp-content\/uploads\/2026\/02\/AFP__20260216__97RE7QE__v1__HighRes__FrancePoliticsAssaultDemo-e1771409270870.jpg\" data-eio-rwidth=\"1200\" data-eio-rheight=\"750\"\/><\/p>\n<p>Une manifestation d\u2019hommage \u00e0 Quentin \u00e0 Metz organis\u00e9e par l\u2019ultra-droite. (Photo Jean-Christophe VERHAEGEN \/ AFP)<\/p>\n<p class=\"content\" style=\"font-size:1.2em;font-weight:700\">Organis\u00e9e par l&rsquo;ultra-droite, la marche d&rsquo;hommage au militant nationaliste battu \u00e0 mort le 12 f\u00e9vrier \u00e0 Lyon pr\u00e9vue ce samedi est pour l&rsquo;heure maintenue. Les services de l&rsquo;\u00c9tat examineront les risques jusqu&rsquo;\u00e0 \u00ab\u00a0la derni\u00e8re minute\u00a0\u00bb.<\/p>\n<p>Apr\u00e8s un hommage parisien qui a rassembl\u00e9 toute l&rsquo;extr\u00eame droite parisienne, la marche en hommage au militant identitaire Quentin Deranque sera-t-elle autoris\u00e9e \u00e0 Lyon ? Pr\u00e9vue samedi 21 f\u00e9vrier \u00e0 15 h, ce rassemblement est organis\u00e9 par la porte-parole de la Marche pour la Vie Aliette Espieux. Cette militante anti-IVG a relay\u00e9 de nombreuses publications du groupuscule n\u00e9ofasciste national-r\u00e9volutionnaire Lyon Populaire. <\/p>\n<p>Le fondateur de ce groupe, <a href=\"https:\/\/www.lyoncapitale.fr\/actualite\/attaque-d-une-conference-a-lyon-deux-membres-de-l-ultradroite-ecroues\" target=\"_blank\" rel=\"noreferrer noopener nofollow\">Eliot Bertin a \u00e9t\u00e9 mis en examen et plac\u00e9 en d\u00e9tention provisoire en f\u00e9vrier 2024<\/a> pour association de malfaiteurs apr\u00e8s l&rsquo;attaque d&rsquo;une conf\u00e9rence sur la Palestine dans le 5e arrondissement le 11 novembre 2024. Sept personnes avaient \u00e9t\u00e9 bless\u00e9es, dont trois gri\u00e8vement.<\/p>\n<p><strong>Lire aussi :<\/strong> <\/p>\n<p>Un contexte explosif<\/p>\n<p>Le contexte est explosif \u00e0 Lyon apr\u00e8s la rixe (\u00e9voqu\u00e9e dans une vid\u00e9o publi\u00e9e par Le Canard encha\u00een\u00e9) ayant men\u00e9 au lynchage \u00e0 mort du militant nationaliste, jeudi 12 f\u00e9vrier ,en marge d&rsquo;une conf\u00e9rence de la d\u00e9put\u00e9e LFI Rima Hassan \u00e0 Sciences Po Lyon. Nos confr\u00e8res de Lyon Mag rapportent ainsi, ce mercredi matin, que des dizaines d&rsquo;affiches ont \u00e9t\u00e9 coll\u00e9es dans le 7e arrondissement appelant \u00e0 s&rsquo;organiser \u00ab\u00a0pour tenir t\u00eate aux racistes\u00a0\u00bb. \u00ab\u00a0Des militants racistes ont annonc\u00e9 un rassemblement (&#8230;) en promettant de s&rsquo;en prendre aux habitants comme ils l&rsquo;avaient fait \u00e0 Romans-sur-Is\u00e8re en 2023. Ces militants chercheront certainement \u00e0 s&rsquo;en prendre \u00e0 nous, surtout les plus vuln\u00e9rables et les personnes isol\u00e9es\u00a0\u00bb, est-il par ailleurs \u00e9crit sur ces collages.<\/p>\n<p>Contact\u00e9s, les services de l&rsquo;\u00c9tat indiquent \u00e0 Lyon Capitale que la d\u00e9cision d&rsquo;autoriser ou non la marche sera certainement prise au dernier moment. Selon nos informations, les renseignements territoriaux travaillent et travailleront jusqu&rsquo;\u00e0 la derni\u00e8re minute \u00e0 une analyse des risques. Ce mercredi apr\u00e8s-midi, les forces de l&rsquo;ordre proc\u00e9deront ainsi \u00e0 une reconnaissance \u00e0 l&rsquo;aide d&rsquo;un drone sur le secteur du parcours d\u00e9clar\u00e9 par l&rsquo;organisatrice.<\/p>\n<p><strong>Lire aussi :<\/strong>\u00a0<a href=\"https:\/\/www.lyoncapitale.fr\/actualite\/mort-que-quentin-deranque-a-lyon-neuf-interpellations-dont-l-assistant-du-depute-lfi-raphael-arnault\" rel=\"nofollow noopener\" target=\"_blank\">Mort de Quentin Deranque \u00e0 Lyon : onze interpellations, dont l&rsquo;assistant du d\u00e9put\u00e9 LFI Rapha\u00ebl Arnault<\/a><\/p>\n<p>La rue Berthelot, l&rsquo;avenue Jean Jaur\u00e8s, la rue Lortet, la rue Gustave Nadaud, l&rsquo;avenue Leclerc jusqu\u2019\u00e0 la rue Berthelot seront ainsi survol\u00e9es afin de mettre en place un \u00ab\u00a0dispositif adapt\u00e9 \u00e0 l\u2019affluence attendue et au contexte entourant l\u2019agression mortelle dont a \u00e9t\u00e9 victime Quentin Deranque\u00a0\u00bb, indiquent les services de l&rsquo;\u00c9tat. Une reconnaissance qui ne vaut pas d\u00e9cision d\u00e9finitive d&rsquo;autorisation. \u00ab\u00a0Rien ne peut \u00eatre confirm\u00e9\u00a0\u00bb, indiquent les services de la pr\u00e9fecture pr\u00e9cisant que le trac\u00e9 pourrait notamment \u00eatre retravaill\u00e9, tandis que les risques seront examin\u00e9s jusqu&rsquo;\u00e0 \u00ab\u00a0la derni\u00e8re minute\u00a0\u00bb.<\/p>\n<p>Chez les responsables politiques, le maire de Lyon, interrog\u00e9 lundi sur une \u00e9ventuelle pr\u00e9sence \u00e0 cette marche ce week-end a bott\u00e9 en touche en indiquant que cette derni\u00e8re n&rsquo;avait pour l&rsquo;heure pas \u00e9t\u00e9 autoris\u00e9e. Une absence d&rsquo;interdiction vaut n\u00e9anmoins autorisation. Le candidat \u00e0 la mairie du 7e arrondissement, Alexis Jacquemin a de son c\u00f4t\u00e9 appel\u00e9 \u00ab\u00a0solennellement\u00a0\u00bb\u00a0la Ville de Lyon ainsi que la pr\u00e9fecture du Rh\u00f4ne \u00e0\u00a0\u00ab\u00a0interdire cette manifestation\u00a0\u00bb\u00a0au regard\u00a0\u00ab\u00a0des risques graves de troubles \u00e0 l\u2019ordre public\u00a0\u00bb.<\/p>\n<p><strong>Lire aussi :<\/strong> <a href=\"https:\/\/www.lyoncapitale.fr\/actualite\/un-candidat-a-la-mairie-du-7e-appelle-la-ville-de-lyon-et-la-prefecture-a-interdire-la-marche-pour-quentin-ce-samedi\" target=\"_blank\" rel=\"noreferrer noopener nofollow\">Un candidat \u00e0 la mairie du 7e appelle la Ville de Lyon et la pr\u00e9fecture \u00e0 interdire la marche pour Quentin ce samedi<\/a><\/p>\n","protected":false},"excerpt":{"rendered":"Une manifestation d\u2019hommage \u00e0 Quentin \u00e0 Metz organis\u00e9e par l\u2019ultra-droite. (Photo Jean-Christophe VERHAEGEN \/ AFP) Organis\u00e9e par l&rsquo;ultra-droite,&hellip;\n","protected":false},"author":2,"featured_media":742879,"comment_status":"","ping_status":"","sticky":false,"template":"","format":"standard","meta":{"footnotes":"","_share_on_mastodon":"0"},"categories":[1889],"tags":[1111,11,2430,1777,674,1011,27,2428,12,25],"class_list":["post-742878","post","type-post","status-publish","format-standard","has-post-thumbnail","category-lyon","tag-actu","tag-actualites","tag-auvergne-rhone-alpes","tag-eu","tag-europe","tag-fr","tag-france","tag-lyon","tag-news","tag-republique-francaise"],"share_on_mastodon":{"url":"https:\/\/pubeurope.com\/@fr\/116091786835125257","error":""},"_links":{"self":[{"href":"https:\/\/www.europesays.com\/fr\/wp-json\/wp\/v2\/posts\/742878","targetHints":{"allow":["GET"]}}],"collection":[{"href":"https:\/\/www.europesays.com\/fr\/wp-json\/wp\/v2\/posts"}],"about":[{"href":"https:\/\/www.europesays.com\/fr\/wp-json\/wp\/v2\/types\/post"}],"author":[{"embeddable":true,"href":"https:\/\/www.europesays.com\/fr\/wp-json\/wp\/v2\/users\/2"}],"replies":[{"embeddable":true,"href":"https:\/\/www.europesays.com\/fr\/wp-json\/wp\/v2\/comments?post=742878"}],"version-history":[{"count":0,"href":"https:\/\/www.europesays.com\/fr\/wp-json\/wp\/v2\/posts\/742878\/revisions"}],"wp:featuredmedia":[{"embeddable":true,"href":"https:\/\/www.europesays.com\/fr\/wp-json\/wp\/v2\/media\/742879"}],"wp:attachment":[{"href":"https:\/\/www.europesays.com\/fr\/wp-json\/wp\/v2\/media?parent=742878"}],"wp:term":[{"taxonomy":"category","embeddable":true,"href":"https:\/\/www.europesays.com\/fr\/wp-json\/wp\/v2\/categories?post=742878"},{"taxonomy":"post_tag","embeddable":true,"href":"https:\/\/www.europesays.com\/fr\/wp-json\/wp\/v2\/tags?post=742878"}],"curies":[{"name":"wp","href":"https:\/\/api.w.org\/{rel}","templated":true}]}}