{"id":742880,"date":"2026-02-18T13:07:12","date_gmt":"2026-02-18T13:07:12","guid":{"rendered":"https:\/\/www.europesays.com\/fr\/742880\/"},"modified":"2026-02-18T13:07:12","modified_gmt":"2026-02-18T13:07:12","slug":"mort-de-quentin-militant-identitaire-agresse-a-lyon","status":"publish","type":"post","link":"https:\/\/www.europesays.com\/fr\/742880\/","title":{"rendered":"Mort de Quentin, militant identitaire agress\u00e9 \u00e0 Lyon"},"content":{"rendered":"<p class=\"card-article-list-l__title\">Mort de Quentin Deranque : Maud Bregeon, porte-parole du gouvernement, \u00ab\u00a0appelle Mathilde Panot \u00e0 exclure Rapha\u00ebl Arnault de son groupe\u00a0\u00bb<\/p>\n<p class=\"card-article-list-l__chapo\">Dans le sillage de S\u00e9bastien Lecornu, la porte-parole de l&rsquo;ex\u00e9cutif invite Mathilde Panot, pr\u00e9sidente du groupe LFI \u00e0 l&rsquo;Assembl\u00e9e, \u00e0 \u00ab\u00a0exclure, du moins temporairement\u00a0\u00bb le cofondateur de la Jeune Garde, dont l&rsquo;assistant parlementaire a \u00e9t\u00e9 interpell\u00e9 dans l&rsquo;enqu\u00eate sur la mort du militant nationaliste Quentin Deranque.<\/p>\n","protected":false},"excerpt":{"rendered":"Mort de Quentin Deranque : Maud Bregeon, porte-parole du gouvernement, \u00ab\u00a0appelle Mathilde Panot \u00e0 exclure Rapha\u00ebl Arnault de&hellip;\n","protected":false},"author":2,"featured_media":742881,"comment_status":"","ping_status":"","sticky":false,"template":"","format":"standard","meta":{"footnotes":"","_share_on_mastodon":"0"},"categories":[1889],"tags":[1111,11,2430,1777,674,1011,27,2428,12,25],"class_list":["post-742880","post","type-post","status-publish","format-standard","has-post-thumbnail","category-lyon","tag-actu","tag-actualites","tag-auvergne-rhone-alpes","tag-eu","tag-europe","tag-fr","tag-france","tag-lyon","tag-news","tag-republique-francaise"],"share_on_mastodon":{"url":"https:\/\/pubeurope.com\/@fr\/116091790590968572","error":""},"_links":{"self":[{"href":"https:\/\/www.europesays.com\/fr\/wp-json\/wp\/v2\/posts\/742880","targetHints":{"allow":["GET"]}}],"collection":[{"href":"https:\/\/www.europesays.com\/fr\/wp-json\/wp\/v2\/posts"}],"about":[{"href":"https:\/\/www.europesays.com\/fr\/wp-json\/wp\/v2\/types\/post"}],"author":[{"embeddable":true,"href":"https:\/\/www.europesays.com\/fr\/wp-json\/wp\/v2\/users\/2"}],"replies":[{"embeddable":true,"href":"https:\/\/www.europesays.com\/fr\/wp-json\/wp\/v2\/comments?post=742880"}],"version-history":[{"count":0,"href":"https:\/\/www.europesays.com\/fr\/wp-json\/wp\/v2\/posts\/742880\/revisions"}],"wp:featuredmedia":[{"embeddable":true,"href":"https:\/\/www.europesays.com\/fr\/wp-json\/wp\/v2\/media\/742881"}],"wp:attachment":[{"href":"https:\/\/www.europesays.com\/fr\/wp-json\/wp\/v2\/media?parent=742880"}],"wp:term":[{"taxonomy":"category","embeddable":true,"href":"https:\/\/www.europesays.com\/fr\/wp-json\/wp\/v2\/categories?post=742880"},{"taxonomy":"post_tag","embeddable":true,"href":"https:\/\/www.europesays.com\/fr\/wp-json\/wp\/v2\/tags?post=742880"}],"curies":[{"name":"wp","href":"https:\/\/api.w.org\/{rel}","templated":true}]}}