{"id":742886,"date":"2026-02-18T13:11:13","date_gmt":"2026-02-18T13:11:13","guid":{"rendered":"https:\/\/www.europesays.com\/fr\/742886\/"},"modified":"2026-02-18T13:11:13","modified_gmt":"2026-02-18T13:11:13","slug":"municipales-a-paris-la-chanteuse-koxie-rejoint-sarah-knafo","status":"publish","type":"post","link":"https:\/\/www.europesays.com\/fr\/742886\/","title":{"rendered":"Municipales \u00c0 Paris : La Chanteuse Koxie Rejoint Sarah Knafo"},"content":{"rendered":"<p class=\"\" data-is=\"component-paragraph\">La rappeuse Koxie, de son vrai nom Laure Cohen, <a data-is=\"component-link\" href=\"https:\/\/www.i24news.tv\/fr\/actu\/france\/artc-municipales-a-paris-une-elue-lr-du-17e-se-rallie-a-sarah-knafo\" title=\"https:\/\/www.i24news.tv\/fr\/actu\/france\/artc-municipales-a-paris-une-elue-lr-du-17e-se-rallie-a-sarah-knafo\" target=\"\" class=\"link\" rel=\"nofollow noopener\">s\u2019engage aux c\u00f4t\u00e9s de Sarah Knafo pour les \u00e9lections municipales \u00e0 Paris<\/a>. Selon des informations, l\u2019interpr\u00e8te du titre \u00ab Gar\u00e7on \u00bb sera t\u00eate de liste dans le XIVe arrondissement.<\/p>\n<p class=\"\" data-is=\"component-paragraph\">Connue dans les ann\u00e9es 2000 pour ses textes d\u00e9non\u00e7ant les incivilit\u00e9s et les comportements sexistes, l\u2019artiste de 45 ans affirme aujourd\u2019hui vouloir s\u2019impliquer dans la vie locale. Coach en prise de parole, elle explique avoir pris contact avec Sarah Knafo il y a un an, admirant son aisance et la clart\u00e9 de ses propositions. \u00ab Il n\u2019y a pas de blabla chez elle \u00bb, souligne-t-elle, saluant un programme qu\u2019elle juge \u00ab pragmatique et concret \u00bb.<\/p>\n<p class=\"\" data-is=\"component-paragraph\">Si Sarah Knafo est vice-pr\u00e9sidente du parti Reconqu\u00eate !, fond\u00e9 par Eric Zemmour, Laure Cohen insiste sur le caract\u00e8re \u00ab sans \u00e9tiquette \u00bb de son engagement. Elle affirme ne pas vouloir devenir une professionnelle de la politique, mais porter des propositions ax\u00e9es sur la vie quotidienne des Parisiens, notamment en mati\u00e8re de circulation, de stationnement et de petite enfance.<\/p>\n<p><img alt=\"Video poster\" class=\"video-poster\" data-is=\"lazy-image\" data-observed-item-id=\"https:\/\/api.i24news.tv\/fr\/brightcove\/6389487407112\/poster\"\/> Gaza : des violations quotidiennes : le Hamas cible des soldats et r\u00e9affirme son refus de d\u00e9sarmer<\/p>\n<p class=\"\" data-is=\"component-paragraph\">Install\u00e9e depuis de nombreuses ann\u00e9es dans la capitale, elle dit avoir choisi le XIVe arrondissement pour des raisons personnelles, y ayant travaill\u00e9 et tourn\u00e9 l\u2019un de ses clips. M\u00e8re de deux enfants, elle se dit \u00e9galement sensible aux mesures avanc\u00e9es concernant la revalorisation des salaires dans le secteur de la petite enfance.<\/p>\n<p class=\"\" data-is=\"component-paragraph\">Cette entr\u00e9e en politique marque un nouveau tournant pour l\u2019ancienne chanteuse, qui entend d\u00e9sormais d\u00e9fendre, \u00e0 l\u2019\u00e9chelle municipale, des solutions qu\u2019elle estime \u00ab modernes \u00bb et adapt\u00e9es aux pr\u00e9occupations des habitants.<\/p>\n","protected":false},"excerpt":{"rendered":"La rappeuse Koxie, de son vrai nom Laure Cohen, s\u2019engage aux c\u00f4t\u00e9s de Sarah Knafo pour les \u00e9lections&hellip;\n","protected":false},"author":2,"featured_media":742887,"comment_status":"","ping_status":"","sticky":false,"template":"","format":"standard","meta":{"footnotes":"","_share_on_mastodon":"0"},"categories":[1888],"tags":[1111,1928,11,1927,1777,674,1011,27,12,1926,626,1925,25],"class_list":["post-742886","post","type-post","status-publish","format-standard","has-post-thumbnail","category-paris","tag-actu","tag-actu-paris","tag-actualites","tag-actualites-paris","tag-eu","tag-europe","tag-fr","tag-france","tag-news","tag-news-paris","tag-paris","tag-paris-news","tag-republique-francaise"],"share_on_mastodon":{"url":"https:\/\/pubeurope.com\/@fr\/116091806492074186","error":""},"_links":{"self":[{"href":"https:\/\/www.europesays.com\/fr\/wp-json\/wp\/v2\/posts\/742886","targetHints":{"allow":["GET"]}}],"collection":[{"href":"https:\/\/www.europesays.com\/fr\/wp-json\/wp\/v2\/posts"}],"about":[{"href":"https:\/\/www.europesays.com\/fr\/wp-json\/wp\/v2\/types\/post"}],"author":[{"embeddable":true,"href":"https:\/\/www.europesays.com\/fr\/wp-json\/wp\/v2\/users\/2"}],"replies":[{"embeddable":true,"href":"https:\/\/www.europesays.com\/fr\/wp-json\/wp\/v2\/comments?post=742886"}],"version-history":[{"count":0,"href":"https:\/\/www.europesays.com\/fr\/wp-json\/wp\/v2\/posts\/742886\/revisions"}],"wp:featuredmedia":[{"embeddable":true,"href":"https:\/\/www.europesays.com\/fr\/wp-json\/wp\/v2\/media\/742887"}],"wp:attachment":[{"href":"https:\/\/www.europesays.com\/fr\/wp-json\/wp\/v2\/media?parent=742886"}],"wp:term":[{"taxonomy":"category","embeddable":true,"href":"https:\/\/www.europesays.com\/fr\/wp-json\/wp\/v2\/categories?post=742886"},{"taxonomy":"post_tag","embeddable":true,"href":"https:\/\/www.europesays.com\/fr\/wp-json\/wp\/v2\/tags?post=742886"}],"curies":[{"name":"wp","href":"https:\/\/api.w.org\/{rel}","templated":true}]}}