{"id":742890,"date":"2026-02-18T13:13:15","date_gmt":"2026-02-18T13:13:15","guid":{"rendered":"https:\/\/www.europesays.com\/fr\/742890\/"},"modified":"2026-02-18T13:13:15","modified_gmt":"2026-02-18T13:13:15","slug":"trois-militaires-mis-en-examen-apres-un-tir-sur-un-camarade","status":"publish","type":"post","link":"https:\/\/www.europesays.com\/fr\/742890\/","title":{"rendered":"trois militaires mis en examen apr\u00e8s un tir sur un camarade"},"content":{"rendered":"<p>La victime, atteinte le 14\u00a0f\u00e9vrier \u00ab\u00a0d\u2019un projectile de calibre de 9\u00a0mm \u00e0 la t\u00eate\u00a0\u00bb, selon le minist\u00e8re public, avait \u00e9t\u00e9 conduite en urgence au bloc op\u00e9ratoire.<\/p>\n<p>\u00ab\u00a0Un jeu de r\u00e9activit\u00e9\u00a0\u00bb<\/p>\n<p>Ces militaires appartiennent au 35e r\u00e9giment d\u2019artillerie parachutiste de Tarbes, en mission \u00ab\u00a0Sentinelle\u00a0\u00bb en r\u00e9gion parisienne, et \u00e9taient log\u00e9s sur le site de l\u2019h\u00f4pital militaire de Percy.<a href=\"https:\/\/www.sudouest.fr\/justice\/terrorisme\/trafic-d-armes-et-ultradroite-un-proces-requis-contre-sept-hommes-dont-un-militaire-un-ex-policier-et-un-mineur-27813585.php\" target=\"_blank\" rel=\"follow nofollow noopener\"> Le parquet de Nanterre a d\u2019abord ouvert une enqu\u00eate<\/a> avant de se dessaisir au profit de Paris, parquet comp\u00e9tent car les mis en cause sont des militaires.<\/p>\n<p>En garde \u00e0 vue, les militaires ont expliqu\u00e9 avoir consomm\u00e9 de l\u2019alcool lors d\u2019une soir\u00e9e le 14\u00a0f\u00e9vrier, \u00ab\u00a0en d\u00e9pit de la stricte interdiction de consommation d\u2019alcool sur le site de l\u2019h\u00f4pital des arm\u00e9es\u00a0\u00bb, a relev\u00e9 le parquet. \u00ab\u00a0Ils pr\u00e9sentaient des taux d\u2019alcool\u00e9mie entre 0,17\u00a0g\/L et 2,5g\/L dans le sang\u00a0\u00bb et plus pr\u00e9cis\u00e9ment \u00ab\u00a01,57g\/L pour le militaire soup\u00e7onn\u00e9 d\u2019\u00eatre le tireur\u00a0\u00bb, a ajout\u00e9 le parquet.<\/p>\n<p>Les militaires ont alors \u00ab\u00a0jou\u00e9 \u00e0 tester la r\u00e9activit\u00e9 de chacun face \u00e0 une arme tendue\u00a0\u00bb. Le militaire mis en examen pour avoir tir\u00e9 sur son camarade, Benjamin D., est poursuivi pour \u00ab\u00a0violences avec arme suivie d\u2019infirmit\u00e9 permanente\u00a0\u00bb et pour \u00ab\u00a0violation de consigne par consommation d\u2019alcool\u00a0\u00bb.<\/p>\n<p><a href=\"https:\/\/www.sudouest.fr\/societe\/defense\/le-militaire-francais-thibaud-breteau-affecte-en-gironde-est-mort-en-jordanie-27902855.php\" target=\"_blank\" rel=\"follow nofollow noopener\">\u00ab\u00a0Mon client reconna\u00eet \u00eatre \u00e0 l\u2019origine du tir ayant bless\u00e9 un de ses camarades\u00a0\u00bb<\/a> mais ce tir \u00e9tait \u00ab\u00a0strictement accidentel\u00a0\u00bb, a d\u00e9clar\u00e9 son avocat, Me Baptiste Bellet. \u00ab\u00a0Mon client ignorait que l\u2019arme \u00e9tait charg\u00e9e\u00a0\u00bb, a-t-il insist\u00e9, assurant que son client coop\u00e9rerait \u00ab\u00a0pleinement\u00a0\u00bb \u00e0 l\u2019enqu\u00eate. Le juge des libert\u00e9s et de la d\u00e9tention a d\u00e9cid\u00e9 de ne pas placer en d\u00e9tention provisoire le tireur. Son statut de militaire ne \u00ab\u00a0permettant pas\u00a0\u00bb, par ailleurs, de le placer sous contr\u00f4le judiciaire, rappelle le parquet.<\/p>\n","protected":false},"excerpt":{"rendered":"La victime, atteinte le 14\u00a0f\u00e9vrier \u00ab\u00a0d\u2019un projectile de calibre de 9\u00a0mm \u00e0 la t\u00eate\u00a0\u00bb, selon le minist\u00e8re public,&hellip;\n","protected":false},"author":2,"featured_media":742891,"comment_status":"","ping_status":"","sticky":false,"template":"","format":"standard","meta":{"footnotes":"","_share_on_mastodon":"0"},"categories":[1888],"tags":[11,1777,674,1011,27,12,626,25],"class_list":["post-742890","post","type-post","status-publish","format-standard","has-post-thumbnail","category-paris","tag-actualites","tag-eu","tag-europe","tag-fr","tag-france","tag-news","tag-paris","tag-republique-francaise"],"share_on_mastodon":{"url":"https:\/\/pubeurope.com\/@fr\/116091814317839375","error":""},"_links":{"self":[{"href":"https:\/\/www.europesays.com\/fr\/wp-json\/wp\/v2\/posts\/742890","targetHints":{"allow":["GET"]}}],"collection":[{"href":"https:\/\/www.europesays.com\/fr\/wp-json\/wp\/v2\/posts"}],"about":[{"href":"https:\/\/www.europesays.com\/fr\/wp-json\/wp\/v2\/types\/post"}],"author":[{"embeddable":true,"href":"https:\/\/www.europesays.com\/fr\/wp-json\/wp\/v2\/users\/2"}],"replies":[{"embeddable":true,"href":"https:\/\/www.europesays.com\/fr\/wp-json\/wp\/v2\/comments?post=742890"}],"version-history":[{"count":0,"href":"https:\/\/www.europesays.com\/fr\/wp-json\/wp\/v2\/posts\/742890\/revisions"}],"wp:featuredmedia":[{"embeddable":true,"href":"https:\/\/www.europesays.com\/fr\/wp-json\/wp\/v2\/media\/742891"}],"wp:attachment":[{"href":"https:\/\/www.europesays.com\/fr\/wp-json\/wp\/v2\/media?parent=742890"}],"wp:term":[{"taxonomy":"category","embeddable":true,"href":"https:\/\/www.europesays.com\/fr\/wp-json\/wp\/v2\/categories?post=742890"},{"taxonomy":"post_tag","embeddable":true,"href":"https:\/\/www.europesays.com\/fr\/wp-json\/wp\/v2\/tags?post=742890"}],"curies":[{"name":"wp","href":"https:\/\/api.w.org\/{rel}","templated":true}]}}